{"id":75594,"date":"2026-08-30T22:40:00","date_gmt":"2026-08-30T22:40:00","guid":{"rendered":"https:\/\/lagacetadealmeria.com\/?p=75594"},"modified":"2026-08-30T22:40:01","modified_gmt":"2026-08-30T22:40:01","slug":"ros-mari-cano-desea-volver-a-encabezar-la-lista-del-pp-en-mojacar-en-las-elecciones-municipales-de-2027","status":"publish","type":"post","link":"https:\/\/lagacetadealmeria.com\/?p=75594","title":{"rendered":"Ros Mari Cano desea volver a encabezar la lista del PP en Moj\u00e1car en las Elecciones Municipales de 2027"},"content":{"rendered":"\n<p class=\"has-text-align-center wp-block-paragraph\"><strong><em>AGUST\u00cdN MU\u00d1OZ<\/em><\/strong><\/p>\n\n\n\n<p class=\"wp-block-paragraph\">La Ex-Alcaldesa de Moj\u00e1car por el PP Rosa Mar\u00eda Cano desea volver a encabezar la lista del PP en las Elecciones Municipales de 2027, seg\u00fan la opini\u00f3n popular extendida en la localidad, lo que supondr\u00eda la no repetici\u00f3n como candidato del actual alcalde, Francisco Garc\u00eda Cerd\u00e1, que cont\u00f3 con el apoyo expreso de quien ahora supuestamente pretende alejarlo de la Alcald\u00eda.<\/p>\n\n\n\n<p class=\"wp-block-paragraph\">Rosa Mar\u00eda Cano comenz\u00f3 su trayectoria como concejala en el Ayuntamiento de Moj\u00e1car tras su salida del PSOE en 1992, vincul\u00e1ndose posteriormente al Partido Popular. <br>Asumi\u00f3 la vara de mando como alcaldesa en el a\u00f1o 2007. Gan\u00f3 sucesivas elecciones municipales con amplia mayor\u00eda, gobernando durante cuatro mandatos consecutivos.<br>En las elecciones de mayo de 2023 cedi\u00f3 el testigo como cabeza de lista al actual alcalde, Francisco Garc\u00eda Cerd\u00e1, concurriendo como n\u00famero dos de la candidatura del PP. Tras dichos comicios ocup\u00f3 cargos de adjunta a la Alcald\u00eda y concejal\u00edas delegadas, y posteriormente se mantuvo como Teniente de Alcalde en el consistorio mojaquero.<\/p>\n\n\n\n<figure class=\"wp-block-image aligncenter size-full\"><img fetchpriority=\"high\" decoding=\"async\" width=\"376\" height=\"550\" src=\"https:\/\/lagacetadealmeria.com\/wp-content\/uploads\/2026\/08\/Rosa-Maria-Cano-PP-Mojacar.jpg\" alt=\"\" class=\"wp-image-75596\" srcset=\"https:\/\/lagacetadealmeria.com\/wp-content\/uploads\/2026\/08\/Rosa-Maria-Cano-PP-Mojacar.jpg 376w, https:\/\/lagacetadealmeria.com\/wp-content\/uploads\/2026\/08\/Rosa-Maria-Cano-PP-Mojacar-205x300.jpg 205w\" sizes=\"(max-width: 376px) 100vw, 376px\" \/><\/figure>\n","protected":false},"excerpt":{"rendered":"<p>AGUST\u00cdN MU\u00d1OZ La Ex-Alcaldesa de Moj\u00e1car por el PP Rosa Mar\u00eda Cano desea volver a&#8230;<\/p>\n","protected":false},"author":6,"featured_media":75596,"comment_status":"open","ping_status":"open","sticky":false,"template":"","format":"standard","meta":{"advanced_seo_description":"","jetpack_seo_html_title":"","jetpack_seo_noindex":false,"jetpack_seo_schema_type":"","_jetpack_newsletter_access":"","_jetpack_dont_email_post_to_subs":false,"_jetpack_newsletter_tier_id":0,"_jetpack_memberships_contains_paywalled_content":false,"_jetpack_feature_clip_id":0,"_jetpack_memberships_contains_paid_content":false,"footnotes":"","jetpack_post_was_ever_published":false},"categories":[41],"tags":[],"class_list":["post-75594","post","type-post","status-publish","format-standard","has-post-thumbnail","hentry","category-politica"],"jetpack_sharing_enabled":true,"jetpack-related-posts":[],"amp_enabled":true,"jetpack_featured_media_url":"https:\/\/lagacetadealmeria.com\/wp-content\/uploads\/2026\/08\/Rosa-Maria-Cano-PP-Mojacar.jpg","_links":{"self":[{"href":"https:\/\/lagacetadealmeria.com\/index.php?rest_route=\/wp\/v2\/posts\/75594","targetHints":{"allow":["GET"]}}],"collection":[{"href":"https:\/\/lagacetadealmeria.com\/index.php?rest_route=\/wp\/v2\/posts"}],"about":[{"href":"https:\/\/lagacetadealmeria.com\/index.php?rest_route=\/wp\/v2\/types\/post"}],"author":[{"embeddable":true,"href":"https:\/\/lagacetadealmeria.com\/index.php?rest_route=\/wp\/v2\/users\/6"}],"replies":[{"embeddable":true,"href":"https:\/\/lagacetadealmeria.com\/index.php?rest_route=%2Fwp%2Fv2%2Fcomments&post=75594"}],"version-history":[{"count":1,"href":"https:\/\/lagacetadealmeria.com\/index.php?rest_route=\/wp\/v2\/posts\/75594\/revisions"}],"predecessor-version":[{"id":75597,"href":"https:\/\/lagacetadealmeria.com\/index.php?rest_route=\/wp\/v2\/posts\/75594\/revisions\/75597"}],"wp:featuredmedia":[{"embeddable":true,"href":"https:\/\/lagacetadealmeria.com\/index.php?rest_route=\/wp\/v2\/media\/75596"}],"wp:attachment":[{"href":"https:\/\/lagacetadealmeria.com\/index.php?rest_route=%2Fwp%2Fv2%2Fmedia&parent=75594"}],"wp:term":[{"taxonomy":"category","embeddable":true,"href":"https:\/\/lagacetadealmeria.com\/index.php?rest_route=%2Fwp%2Fv2%2Fcategories&post=75594"},{"taxonomy":"post_tag","embeddable":true,"href":"https:\/\/lagacetadealmeria.com\/index.php?rest_route=%2Fwp%2Fv2%2Ftags&post=75594"}],"curies":[{"name":"wp","href":"https:\/\/api.w.org\/{rel}","templated":true}]}}