{"id":75598,"date":"2026-08-30T22:52:33","date_gmt":"2026-08-30T22:52:33","guid":{"rendered":"https:\/\/lagacetadealmeria.com\/?p=75598"},"modified":"2026-08-30T22:52:34","modified_gmt":"2026-08-30T22:52:34","slug":"carlos-tejada-revalida-elsubcampeonato-andaluz-de-travesias-en-torremolinos","status":"publish","type":"post","link":"https:\/\/lagacetadealmeria.com\/?p=75598","title":{"rendered":"CARLOS TEJADA REVALIDA ELSUBCAMPEONATO ANDALUZ DE TRAVESIAS EN TORREMOLINOS."},"content":{"rendered":"\n<p class=\"wp-block-paragraph\"><strong>El almeriense revalida la segunda posici\u00f3n en el V CT\u00ba Andaluz de traves\u00edas organizado por Fanddi en la prueba de la traves\u00eda de San Miguel, en la playa de Carihuela de Torremolinos.<\/strong><\/p>\n\n\n\n<p class=\"wp-block-paragraph\"><strong>&nbsp;&nbsp;&nbsp;&nbsp;&nbsp;&nbsp;&nbsp;&nbsp;&nbsp;<\/strong> La XXV edici\u00f3n de la traves\u00eda de San Miguel de Torremolinos ,&nbsp; ha acogido el quinto Campeonato andaluz de traves\u00edas&nbsp; de Fanddi en formato Open , donde han acudido varios&nbsp; clubes de&nbsp; Andaluc\u00eda . Este evento ha tenido una gran participaci\u00f3n con m\u00e1s de 300 nadadores junior, absolutos y senior y con m\u00e1s de 150 nadadores al\u00e9vines e infantiles. Celebr\u00e1ndose la prueba de forma inclusiva.<\/p>\n\n\n\n<p class=\"wp-block-paragraph\">&nbsp;&nbsp;&nbsp;&nbsp;&nbsp;&nbsp;&nbsp;&nbsp;&nbsp; El nadador almeriense acudi\u00f3 con su nuevo equipo Al Adalus Torremolinos&nbsp; a participar en una competici\u00f3n donde siempre ha estado presente desde su primera edici\u00f3n<\/p>\n\n\n\n<p class=\"wp-block-paragraph\">&nbsp;&nbsp;&nbsp;&nbsp;&nbsp;&nbsp;&nbsp;&nbsp;&nbsp; Tejada llegaba al campeonato en un buen estado de forma, despu\u00e9s de su participaci\u00f3n durante todo el verano en var\u00edas traves\u00edas, la \u00faltima de ellas la celebrada el pasado d\u00eda 22 de agosto&nbsp; en Almer\u00eda que lleva su nombre, y donde obtuvo la primera posici\u00f3n en categor\u00eda adaptada.<\/p>\n\n\n\n<p class=\"wp-block-paragraph\">&nbsp;&nbsp;&nbsp;&nbsp;&nbsp;&nbsp;&nbsp;&nbsp;&nbsp; En esta ocasi\u00f3n participaron hasta 4 categor\u00edas de la categor\u00eda de nadadores con discapacidad intelectual y el nadador almeriense particip\u00f3 en la prueba reina de los 1200 metros de la clase S-14 absoluta.<\/p>\n\n\n\n<p class=\"wp-block-paragraph\">&nbsp;&nbsp;&nbsp;&nbsp;&nbsp;&nbsp;&nbsp;&nbsp;&nbsp; La salida que se realiz\u00f3 por tandas de nadadores, en su grupo desde un primer momento tom\u00f3 posiciones en la cabecera y a lo largo de la prueba, fue doblando a nadadores que hab\u00edan salido antes que \u00e9l, progresando hacia las primeras posiciones.<\/p>\n\n\n\n<p class=\"wp-block-paragraph\">&nbsp;&nbsp;&nbsp;&nbsp;&nbsp;&nbsp;&nbsp;&nbsp;&nbsp; Finalmente lleg\u00f3 a meta clasific\u00e1ndose en la 16\u00aa la posici\u00f3n general con un gran tiempo de 15.15, proclam\u00e1ndose por tanto subcampe\u00f3n andaluz del V Campeonato Andaluz de Traves\u00edas organizado por Fanddi.<\/p>\n\n\n\n<p class=\"wp-block-paragraph\">&nbsp;&nbsp;&nbsp;&nbsp;&nbsp;&nbsp;&nbsp;&nbsp;&nbsp; El nadador almeriense est\u00e1 muy contento, de los resultados obtenidos&nbsp; y sopesa el participar durante el pr\u00f3ximo mes de septiembre en otras traves\u00edas de la provincia de Granada,&nbsp; antes de volver de nuevo a los entrenos en la piscina con su club M\u00e1ster Bah\u00eda de Almer\u00eda.<\/p>\n\n\n\n<figure class=\"wp-block-gallery has-nested-images columns-default is-cropped wp-block-gallery-1 is-layout-flex wp-block-gallery-is-layout-flex\">\n<figure class=\"wp-block-image size-large\"><img fetchpriority=\"high\" decoding=\"async\" width=\"700\" height=\"394\" data-id=\"75599\" src=\"https:\/\/lagacetadealmeria.com\/wp-content\/uploads\/2026\/08\/Carlos-Tejada-subcampeon-andaluz-de-travesias-Fanddi-4.jpg\" alt=\"\" class=\"wp-image-75599\" srcset=\"https:\/\/lagacetadealmeria.com\/wp-content\/uploads\/2026\/08\/Carlos-Tejada-subcampeon-andaluz-de-travesias-Fanddi-4.jpg 700w, https:\/\/lagacetadealmeria.com\/wp-content\/uploads\/2026\/08\/Carlos-Tejada-subcampeon-andaluz-de-travesias-Fanddi-4-300x169.jpg 300w\" sizes=\"(max-width: 700px) 100vw, 700px\" \/><\/figure>\n\n\n\n<figure class=\"wp-block-image size-large\"><img decoding=\"async\" width=\"700\" height=\"394\" data-id=\"75600\" src=\"https:\/\/lagacetadealmeria.com\/wp-content\/uploads\/2026\/08\/Carlos-Tejada-subcampeon-andaluz-de-travesias-Fanddi-3.jpg\" alt=\"\" class=\"wp-image-75600\" srcset=\"https:\/\/lagacetadealmeria.com\/wp-content\/uploads\/2026\/08\/Carlos-Tejada-subcampeon-andaluz-de-travesias-Fanddi-3.jpg 700w, https:\/\/lagacetadealmeria.com\/wp-content\/uploads\/2026\/08\/Carlos-Tejada-subcampeon-andaluz-de-travesias-Fanddi-3-300x169.jpg 300w\" sizes=\"(max-width: 700px) 100vw, 700px\" \/><\/figure>\n\n\n\n<figure class=\"wp-block-image size-large\"><img decoding=\"async\" width=\"576\" height=\"1024\" data-id=\"75602\" src=\"https:\/\/lagacetadealmeria.com\/wp-content\/uploads\/2026\/08\/Carlos-Tejada-subcampeon-andaluz-de-travesias-Fanddi-2-576x1024.jpg\" alt=\"\" class=\"wp-image-75602\" srcset=\"https:\/\/lagacetadealmeria.com\/wp-content\/uploads\/2026\/08\/Carlos-Tejada-subcampeon-andaluz-de-travesias-Fanddi-2-576x1024.jpg 576w, https:\/\/lagacetadealmeria.com\/wp-content\/uploads\/2026\/08\/Carlos-Tejada-subcampeon-andaluz-de-travesias-Fanddi-2-169x300.jpg 169w, https:\/\/lagacetadealmeria.com\/wp-content\/uploads\/2026\/08\/Carlos-Tejada-subcampeon-andaluz-de-travesias-Fanddi-2.jpg 700w\" sizes=\"(max-width: 576px) 100vw, 576px\" \/><\/figure>\n\n\n\n<figure class=\"wp-block-image size-large\"><img loading=\"lazy\" decoding=\"async\" width=\"700\" height=\"394\" data-id=\"75601\" src=\"https:\/\/lagacetadealmeria.com\/wp-content\/uploads\/2026\/08\/Carlos-Tejada-subcampeon-andaluz-de-travesias-Fanddi-1.jpg\" alt=\"\" class=\"wp-image-75601\" srcset=\"https:\/\/lagacetadealmeria.com\/wp-content\/uploads\/2026\/08\/Carlos-Tejada-subcampeon-andaluz-de-travesias-Fanddi-1.jpg 700w, https:\/\/lagacetadealmeria.com\/wp-content\/uploads\/2026\/08\/Carlos-Tejada-subcampeon-andaluz-de-travesias-Fanddi-1-300x169.jpg 300w\" sizes=\"(max-width: 700px) 100vw, 700px\" \/><\/figure>\n<\/figure>\n","protected":false},"excerpt":{"rendered":"<p>El almeriense revalida la segunda posici\u00f3n en el V CT\u00ba Andaluz de traves\u00edas organizado por&#8230;<\/p>\n","protected":false},"author":12,"featured_media":75602,"comment_status":"open","ping_status":"open","sticky":false,"template":"","format":"standard","meta":{"advanced_seo_description":"","jetpack_seo_html_title":"","jetpack_seo_noindex":false,"jetpack_seo_schema_type":"","_jetpack_newsletter_access":"","_jetpack_dont_email_post_to_subs":false,"_jetpack_newsletter_tier_id":0,"_jetpack_memberships_contains_paywalled_content":false,"_jetpack_feature_clip_id":0,"_jetpack_memberships_contains_paid_content":false,"footnotes":"","jetpack_post_was_ever_published":false},"categories":[27],"tags":[],"class_list":["post-75598","post","type-post","status-publish","format-standard","has-post-thumbnail","hentry","category-deportes"],"jetpack_sharing_enabled":true,"jetpack-related-posts":[],"amp_enabled":true,"jetpack_featured_media_url":"https:\/\/lagacetadealmeria.com\/wp-content\/uploads\/2026\/08\/Carlos-Tejada-subcampeon-andaluz-de-travesias-Fanddi-2.jpg","_links":{"self":[{"href":"https:\/\/lagacetadealmeria.com\/index.php?rest_route=\/wp\/v2\/posts\/75598","targetHints":{"allow":["GET"]}}],"collection":[{"href":"https:\/\/lagacetadealmeria.com\/index.php?rest_route=\/wp\/v2\/posts"}],"about":[{"href":"https:\/\/lagacetadealmeria.com\/index.php?rest_route=\/wp\/v2\/types\/post"}],"author":[{"embeddable":true,"href":"https:\/\/lagacetadealmeria.com\/index.php?rest_route=\/wp\/v2\/users\/12"}],"replies":[{"embeddable":true,"href":"https:\/\/lagacetadealmeria.com\/index.php?rest_route=%2Fwp%2Fv2%2Fcomments&post=75598"}],"version-history":[{"count":1,"href":"https:\/\/lagacetadealmeria.com\/index.php?rest_route=\/wp\/v2\/posts\/75598\/revisions"}],"predecessor-version":[{"id":75604,"href":"https:\/\/lagacetadealmeria.com\/index.php?rest_route=\/wp\/v2\/posts\/75598\/revisions\/75604"}],"wp:featuredmedia":[{"embeddable":true,"href":"https:\/\/lagacetadealmeria.com\/index.php?rest_route=\/wp\/v2\/media\/75602"}],"wp:attachment":[{"href":"https:\/\/lagacetadealmeria.com\/index.php?rest_route=%2Fwp%2Fv2%2Fmedia&parent=75598"}],"wp:term":[{"taxonomy":"category","embeddable":true,"href":"https:\/\/lagacetadealmeria.com\/index.php?rest_route=%2Fwp%2Fv2%2Fcategories&post=75598"},{"taxonomy":"post_tag","embeddable":true,"href":"https:\/\/lagacetadealmeria.com\/index.php?rest_route=%2Fwp%2Fv2%2Ftags&post=75598"}],"curies":[{"name":"wp","href":"https:\/\/api.w.org\/{rel}","templated":true}]}}