{"id":75605,"date":"2026-08-30T23:01:07","date_gmt":"2026-08-30T23:01:07","guid":{"rendered":"https:\/\/lagacetadealmeria.com\/?p=75605"},"modified":"2026-08-30T23:01:09","modified_gmt":"2026-08-30T23:01:09","slug":"almeria-acompana-a-la-virgen-del-mar-para-despedir-las-fiestas-patronales-en-una-procesion-que-regresa-al-paseo","status":"publish","type":"post","link":"https:\/\/lagacetadealmeria.com\/?p=75605","title":{"rendered":"Almer\u00eda acompa\u00f1a a la Virgen del Mar para despedir las fiestas patronales en una procesi\u00f3n que regresa al Paseo"},"content":{"rendered":"\n<p class=\"wp-block-paragraph\"><strong>La alcaldesa, Mar\u00eda del Mar V\u00e1zquez, el Equipo de Gobierno y otros miembros de la Corporaci\u00f3n participan en el \u00faltimo acto religioso de la Feria, celebrado en la tarde-noche de este domingo<\/strong><\/p>\n\n\n\n<p class=\"wp-block-paragraph\">La alcaldesa de Almer\u00eda, Mar\u00eda del Mar V\u00e1zquez, ha participado este domingo en la solemne procesi\u00f3n de alabanzas en honor a la Virgen del Mar, patrona de la ciudad. Un multitudinario acto por las calles de la capital que este a\u00f1o ha regresado al Paseo de Almer\u00eda tras su remodelaci\u00f3n y que, como es habitual, ha ido precedido por el patr\u00f3n San Indalecio, concluyendo as\u00ed los actos religiosos de la Feria y nueve d\u00edas de festejos en la ciudad en honor a la patrona.<\/p>\n\n\n\n<p class=\"wp-block-paragraph\">Como es habitual, la Virgen del Mar ha iniciado su recorrido por las calles del centro desde su templo. Tras la salida, en torno a las 20.00 horas, se ha llevado a cabo la primera levant\u00e1 a cargo de la regidora almeriense, a petici\u00f3n de la Hermandad. La Virgen del Mar ha ido acompa\u00f1ada, adem\u00e1s de por San Indalecio, por la Banda de Guerra de la Brigada de Infanter\u00eda Ligera Rey Alfonso XIII de La Legi\u00f3n, con base en Viator, por la Agrupaci\u00f3n Musical Nuestra Se\u00f1ora del Mar de Hu\u00e9rcal de Almer\u00eda, por la Banda de M\u00fasica Santa Cecilia de Sorbas y por la Banda Municipal de M\u00fasica de Almer\u00eda.<\/p>\n\n\n\n<p class=\"wp-block-paragraph\">Como cada a\u00f1o, miles de almerienses fieles y devotos no han querido perderse uno de los momentos m\u00e1s especiales y sentidos de la Feria de Almer\u00eda. La procesi\u00f3n ha contado con un seguimiento extraordinario y una gran respuesta. En ella, adem\u00e1s de la alcaldesa, han participado el resto de miembros del Equipo de Gobierno y parte de la Corporaci\u00f3n Municipal.<\/p>\n\n\n\n<p class=\"wp-block-paragraph\">Entre los asistentes se encontraba tambi\u00e9n el delegado del Gobierno de la Junta de Andaluc\u00eda, Francisco G\u00f3ngora, y varios delegados territoriales, el presidente de la Diputaci\u00f3n de Almer\u00eda, Jos\u00e9 Antonio Garc\u00eda Alcaina, as\u00ed como el resto de diputados provinciales, y diferentes autoridades de otras administraciones p\u00fablicas, civiles y militares. Al igual que en a\u00f1os anteriores, la Asociaci\u00f3n \u2018Homenaje a la Mantilla Almeriense\u2019 ha formado parte de cortejo.<\/p>\n\n\n\n<p class=\"wp-block-paragraph\">Durante la procesi\u00f3n se han sucedido los v\u00edtores y las alabanzas por parte del numeroso p\u00fablico que se ha congregado en las calles para recibir a la Virgen del Mar a lo largo del siguiente itinerario: Plaza Virgen del Mar, Lucano, Trajano, Eduardo P\u00e9rez, Plaza de la Catedral \u2013donde la Virgen del Mar ha sido recibida por el Cabildo Catedral y se ha incorporado al cortejo procesional la imagen de San Indalecio\u2013, Cervantes, Plaza de la Administraci\u00f3n Vieja, Mariana, Jovellanos, Tiendas, Plaza Manuel P\u00e9rez Garc\u00eda, Puerta de Purchena, Paseo de Almer\u00eda, Plaza Emilio P\u00e9rez, donde se ha vivido uno de los momentos m\u00e1s esperados con la llegada de la imagen para dirigirse al mar, con alocuci\u00f3n del obispo de Almer\u00eda, Antonio G\u00f3mez Cantero y canto del Himno. La procesi\u00f3n ha seguido por calle Gerona, Arapiles y General Tamayo para llegar a la Plaza Virgen del Mar, donde se ha realizado el canto de la Salve por parte de la Coral Virgen del Mar para poner fin a unos actos religiosos que comenzaron el jueves 20 de agosto con el recital de m\u00fasica y poes\u00eda dedicado a la Virgen del Mar por parte del actor Emilio Guti\u00e9rrez Caba y la actriz Irene Escobar, acompa\u00f1ados por el bar\u00edtono Luis Santana y el maestro Francisco Serrano-Luque al piano.<\/p>\n\n\n\n<p class=\"wp-block-paragraph\">Este a\u00f1o el preg\u00f3n en honor a la patrona de la ciudad corri\u00f3 a cargo, el viernes 21 de agosto, del cantante almeriense David Bisbal Ferre.<\/p>\n\n\n\n<p class=\"wp-block-paragraph\">La imagen ha procesionado con el Manto Regio, obsequiado por la Reina Isabel II en el a\u00f1o 1862, con un bordado en oro y plata por expreso deseo de la Familia Real en su visita a Almer\u00eda. Adem\u00e1s, ha lucido el juego de perseas con el que se coron\u00f3 can\u00f3nicamente en 1951, una obra de arte de la orfebrer\u00eda. Al igual que en los \u00faltimos a\u00f1os, la procesi\u00f3n ha contado con un tramo infantil para que los m\u00e1s peque\u00f1os pudieran acompa\u00f1ar en su recorrido a la Patrona de la ciudad.<\/p>\n\n\n\n<p class=\"wp-block-paragraph\">Por su parte, el patr\u00f3n San Indalecio ha continuado su camino por la Plaza Virgen del Mar, Lucano, Trajano y Eduardo P\u00e9rez para llegar a la Plaza de la Catedral.<\/p>\n\n\n\n<figure class=\"wp-block-gallery has-nested-images columns-default is-cropped wp-block-gallery-1 is-layout-flex wp-block-gallery-is-layout-flex\">\n<figure class=\"wp-block-image size-large\"><img fetchpriority=\"high\" decoding=\"async\" width=\"700\" height=\"467\" data-id=\"75607\" src=\"https:\/\/lagacetadealmeria.com\/wp-content\/uploads\/2026\/08\/PROCESION-VIRGEN-DEL-MAR-FERIA-2026-7.jpg\" alt=\"\" class=\"wp-image-75607\" srcset=\"https:\/\/lagacetadealmeria.com\/wp-content\/uploads\/2026\/08\/PROCESION-VIRGEN-DEL-MAR-FERIA-2026-7.jpg 700w, https:\/\/lagacetadealmeria.com\/wp-content\/uploads\/2026\/08\/PROCESION-VIRGEN-DEL-MAR-FERIA-2026-7-300x200.jpg 300w\" sizes=\"(max-width: 700px) 100vw, 700px\" \/><\/figure>\n\n\n\n<figure class=\"wp-block-image size-large\"><img decoding=\"async\" width=\"700\" height=\"467\" data-id=\"75609\" src=\"https:\/\/lagacetadealmeria.com\/wp-content\/uploads\/2026\/08\/PROCESION-VIRGEN-DEL-MAR-FERIA-2026-3.jpg\" alt=\"\" class=\"wp-image-75609\" srcset=\"https:\/\/lagacetadealmeria.com\/wp-content\/uploads\/2026\/08\/PROCESION-VIRGEN-DEL-MAR-FERIA-2026-3.jpg 700w, https:\/\/lagacetadealmeria.com\/wp-content\/uploads\/2026\/08\/PROCESION-VIRGEN-DEL-MAR-FERIA-2026-3-300x200.jpg 300w\" sizes=\"(max-width: 700px) 100vw, 700px\" \/><\/figure>\n\n\n\n<figure class=\"wp-block-image size-large\"><img decoding=\"async\" width=\"700\" height=\"467\" data-id=\"75608\" src=\"https:\/\/lagacetadealmeria.com\/wp-content\/uploads\/2026\/08\/PROCESION-VIRGEN-DEL-MAR-FERIA-2026.jpg\" alt=\"\" class=\"wp-image-75608\" srcset=\"https:\/\/lagacetadealmeria.com\/wp-content\/uploads\/2026\/08\/PROCESION-VIRGEN-DEL-MAR-FERIA-2026.jpg 700w, https:\/\/lagacetadealmeria.com\/wp-content\/uploads\/2026\/08\/PROCESION-VIRGEN-DEL-MAR-FERIA-2026-300x200.jpg 300w\" sizes=\"(max-width: 700px) 100vw, 700px\" \/><\/figure>\n\n\n\n<figure class=\"wp-block-image size-large\"><img loading=\"lazy\" decoding=\"async\" width=\"700\" height=\"467\" data-id=\"75612\" src=\"https:\/\/lagacetadealmeria.com\/wp-content\/uploads\/2026\/08\/PROCESION-VIRGEN-DEL-MAR-FERIA-2026-10.jpg\" alt=\"\" class=\"wp-image-75612\" srcset=\"https:\/\/lagacetadealmeria.com\/wp-content\/uploads\/2026\/08\/PROCESION-VIRGEN-DEL-MAR-FERIA-2026-10.jpg 700w, https:\/\/lagacetadealmeria.com\/wp-content\/uploads\/2026\/08\/PROCESION-VIRGEN-DEL-MAR-FERIA-2026-10-300x200.jpg 300w\" sizes=\"(max-width: 700px) 100vw, 700px\" \/><\/figure>\n\n\n\n<figure class=\"wp-block-image size-large\"><img loading=\"lazy\" decoding=\"async\" width=\"700\" height=\"467\" data-id=\"75611\" src=\"https:\/\/lagacetadealmeria.com\/wp-content\/uploads\/2026\/08\/PROCESION-VIRGEN-DEL-MAR-FERIA-2026-6.jpg\" alt=\"\" class=\"wp-image-75611\" srcset=\"https:\/\/lagacetadealmeria.com\/wp-content\/uploads\/2026\/08\/PROCESION-VIRGEN-DEL-MAR-FERIA-2026-6.jpg 700w, https:\/\/lagacetadealmeria.com\/wp-content\/uploads\/2026\/08\/PROCESION-VIRGEN-DEL-MAR-FERIA-2026-6-300x200.jpg 300w\" sizes=\"(max-width: 700px) 100vw, 700px\" \/><\/figure>\n\n\n\n<figure class=\"wp-block-image size-large\"><img loading=\"lazy\" decoding=\"async\" width=\"700\" height=\"467\" data-id=\"75610\" src=\"https:\/\/lagacetadealmeria.com\/wp-content\/uploads\/2026\/08\/PROCESION-VIRGEN-DEL-MAR-FERIA-2026-2.jpg\" alt=\"\" class=\"wp-image-75610\" srcset=\"https:\/\/lagacetadealmeria.com\/wp-content\/uploads\/2026\/08\/PROCESION-VIRGEN-DEL-MAR-FERIA-2026-2.jpg 700w, https:\/\/lagacetadealmeria.com\/wp-content\/uploads\/2026\/08\/PROCESION-VIRGEN-DEL-MAR-FERIA-2026-2-300x200.jpg 300w\" sizes=\"(max-width: 700px) 100vw, 700px\" \/><\/figure>\n\n\n\n<figure class=\"wp-block-image size-large\"><img loading=\"lazy\" decoding=\"async\" width=\"700\" height=\"467\" data-id=\"75613\" src=\"https:\/\/lagacetadealmeria.com\/wp-content\/uploads\/2026\/08\/PROCESION-VIRGEN-DEL-MAR-FERIA-2026-1.jpg\" alt=\"\" class=\"wp-image-75613\" srcset=\"https:\/\/lagacetadealmeria.com\/wp-content\/uploads\/2026\/08\/PROCESION-VIRGEN-DEL-MAR-FERIA-2026-1.jpg 700w, https:\/\/lagacetadealmeria.com\/wp-content\/uploads\/2026\/08\/PROCESION-VIRGEN-DEL-MAR-FERIA-2026-1-300x200.jpg 300w\" sizes=\"(max-width: 700px) 100vw, 700px\" \/><\/figure>\n\n\n\n<figure class=\"wp-block-image size-large\"><img loading=\"lazy\" decoding=\"async\" width=\"700\" height=\"467\" data-id=\"75614\" src=\"https:\/\/lagacetadealmeria.com\/wp-content\/uploads\/2026\/08\/PROCESION-VIRGEN-DEL-MAR-FERIA-2026-5.jpg\" alt=\"\" class=\"wp-image-75614\" srcset=\"https:\/\/lagacetadealmeria.com\/wp-content\/uploads\/2026\/08\/PROCESION-VIRGEN-DEL-MAR-FERIA-2026-5.jpg 700w, https:\/\/lagacetadealmeria.com\/wp-content\/uploads\/2026\/08\/PROCESION-VIRGEN-DEL-MAR-FERIA-2026-5-300x200.jpg 300w\" sizes=\"(max-width: 700px) 100vw, 700px\" \/><\/figure>\n\n\n\n<figure class=\"wp-block-image size-large\"><img loading=\"lazy\" decoding=\"async\" width=\"700\" height=\"467\" data-id=\"75615\" src=\"https:\/\/lagacetadealmeria.com\/wp-content\/uploads\/2026\/08\/PROCESION-VIRGEN-DEL-MAR-FERIA-2026-8.jpg\" alt=\"\" class=\"wp-image-75615\" srcset=\"https:\/\/lagacetadealmeria.com\/wp-content\/uploads\/2026\/08\/PROCESION-VIRGEN-DEL-MAR-FERIA-2026-8.jpg 700w, https:\/\/lagacetadealmeria.com\/wp-content\/uploads\/2026\/08\/PROCESION-VIRGEN-DEL-MAR-FERIA-2026-8-300x200.jpg 300w\" sizes=\"(max-width: 700px) 100vw, 700px\" \/><\/figure>\n\n\n\n<figure class=\"wp-block-image size-large\"><img loading=\"lazy\" decoding=\"async\" width=\"700\" height=\"467\" data-id=\"75616\" src=\"https:\/\/lagacetadealmeria.com\/wp-content\/uploads\/2026\/08\/PROCESION-VIRGEN-DEL-MAR-FERIA-2026-9.jpg\" alt=\"\" class=\"wp-image-75616\" srcset=\"https:\/\/lagacetadealmeria.com\/wp-content\/uploads\/2026\/08\/PROCESION-VIRGEN-DEL-MAR-FERIA-2026-9.jpg 700w, https:\/\/lagacetadealmeria.com\/wp-content\/uploads\/2026\/08\/PROCESION-VIRGEN-DEL-MAR-FERIA-2026-9-300x200.jpg 300w\" sizes=\"(max-width: 700px) 100vw, 700px\" \/><\/figure>\n\n\n\n<figure class=\"wp-block-image size-large\"><img loading=\"lazy\" decoding=\"async\" width=\"700\" height=\"467\" data-id=\"75617\" src=\"https:\/\/lagacetadealmeria.com\/wp-content\/uploads\/2026\/08\/PROCESION-VIRGEN-DEL-MAR-FERIA-2026-4.jpg\" alt=\"\" class=\"wp-image-75617\" srcset=\"https:\/\/lagacetadealmeria.com\/wp-content\/uploads\/2026\/08\/PROCESION-VIRGEN-DEL-MAR-FERIA-2026-4.jpg 700w, https:\/\/lagacetadealmeria.com\/wp-content\/uploads\/2026\/08\/PROCESION-VIRGEN-DEL-MAR-FERIA-2026-4-300x200.jpg 300w\" sizes=\"(max-width: 700px) 100vw, 700px\" \/><\/figure>\n<\/figure>\n","protected":false},"excerpt":{"rendered":"<p>La alcaldesa, Mar\u00eda del Mar V\u00e1zquez, el Equipo de Gobierno y otros miembros de la&#8230;<\/p>\n","protected":false},"author":12,"featured_media":75615,"comment_status":"open","ping_status":"open","sticky":false,"template":"","format":"standard","meta":{"advanced_seo_description":"","jetpack_seo_html_title":"","jetpack_seo_noindex":false,"jetpack_seo_schema_type":"","_jetpack_newsletter_access":"","_jetpack_dont_email_post_to_subs":false,"_jetpack_newsletter_tier_id":0,"_jetpack_memberships_contains_paywalled_content":false,"_jetpack_feature_clip_id":0,"_jetpack_memberships_contains_paid_content":false,"footnotes":"","jetpack_post_was_ever_published":false},"categories":[22],"tags":[],"class_list":["post-75605","post","type-post","status-publish","format-standard","has-post-thumbnail","hentry","category-almeria"],"jetpack_sharing_enabled":true,"jetpack-related-posts":[],"amp_enabled":true,"jetpack_featured_media_url":"https:\/\/lagacetadealmeria.com\/wp-content\/uploads\/2026\/08\/PROCESION-VIRGEN-DEL-MAR-FERIA-2026-8.jpg","_links":{"self":[{"href":"https:\/\/lagacetadealmeria.com\/index.php?rest_route=\/wp\/v2\/posts\/75605","targetHints":{"allow":["GET"]}}],"collection":[{"href":"https:\/\/lagacetadealmeria.com\/index.php?rest_route=\/wp\/v2\/posts"}],"about":[{"href":"https:\/\/lagacetadealmeria.com\/index.php?rest_route=\/wp\/v2\/types\/post"}],"author":[{"embeddable":true,"href":"https:\/\/lagacetadealmeria.com\/index.php?rest_route=\/wp\/v2\/users\/12"}],"replies":[{"embeddable":true,"href":"https:\/\/lagacetadealmeria.com\/index.php?rest_route=%2Fwp%2Fv2%2Fcomments&post=75605"}],"version-history":[{"count":1,"href":"https:\/\/lagacetadealmeria.com\/index.php?rest_route=\/wp\/v2\/posts\/75605\/revisions"}],"predecessor-version":[{"id":75618,"href":"https:\/\/lagacetadealmeria.com\/index.php?rest_route=\/wp\/v2\/posts\/75605\/revisions\/75618"}],"wp:featuredmedia":[{"embeddable":true,"href":"https:\/\/lagacetadealmeria.com\/index.php?rest_route=\/wp\/v2\/media\/75615"}],"wp:attachment":[{"href":"https:\/\/lagacetadealmeria.com\/index.php?rest_route=%2Fwp%2Fv2%2Fmedia&parent=75605"}],"wp:term":[{"taxonomy":"category","embeddable":true,"href":"https:\/\/lagacetadealmeria.com\/index.php?rest_route=%2Fwp%2Fv2%2Fcategories&post=75605"},{"taxonomy":"post_tag","embeddable":true,"href":"https:\/\/lagacetadealmeria.com\/index.php?rest_route=%2Fwp%2Fv2%2Ftags&post=75605"}],"curies":[{"name":"wp","href":"https:\/\/api.w.org\/{rel}","templated":true}]}}