{"id":75619,"date":"2026-08-31T10:49:08","date_gmt":"2026-08-31T10:49:08","guid":{"rendered":"https:\/\/lagacetadealmeria.com\/?p=75619"},"modified":"2026-08-31T10:49:09","modified_gmt":"2026-08-31T10:49:09","slug":"el-jurado-anuncia-los-tres-finalistas-del-xiv-premio-internacional-de-periodismo","status":"publish","type":"post","link":"https:\/\/lagacetadealmeria.com\/?p=75619","title":{"rendered":"EL JURADO ANUNCIA LOS TRES FINALISTAS DEL XIV PREMIO INTERNACIONAL DE PERIODISMO"},"content":{"rendered":"\n<p class=\"has-text-align-center wp-block-paragraph\"><strong><em>Jos\u00e9 Manuel Bretones<\/em><\/strong><\/p>\n\n\n\n<p class=\"wp-block-paragraph\">El trabajo ganador se dar\u00e1 a conocer el pr\u00f3ximo 15 de septiembre<br>Los finalistas son reportajes de Canal Sur TV, EFE Chile y P\u00fablico<\/p>\n\n\n\n<p class=\"wp-block-paragraph\">El jurado del XIV Premio Internacional de Periodismo \u201cColombine\u201d que concede la<br>Asociaci\u00f3n de Periodistas &#8211; Asociaci\u00f3n de la Prensa de Almer\u00eda, con el copatrocinio de<br>Fundaci\u00f3n Unicaja y Cosentino Global, ha seleccionado los tres trabajos finalistas de<br>esta edici\u00f3n, dotado con 5.000 euros.<br>Los componentes del jurado son Mabel Mata Porras (ganadora de la pasada edici\u00f3n),<br>Rafael Quirosa-Cheyrouze y Mu\u00f1oz, Jes\u00fas Pozo G\u00f3mez, Carlos Santos Gurriar\u00e1n, Mar<br>Abad, Antonia S\u00e1nchez Villanueva, Rosal\u00eda Mayor Rodr\u00edguez, Pilar Molero (vocal de la<br>AP-APAL y coordinadora del jurado) y Anuska Ben\u00edtez Fern\u00e1ndez (secretaria del<br>jurado).<br>En el transcurso de la reuni\u00f3n del jurado mantenida el 20 de agosto, y tras proceder a<br>la lectura, escucha y visionado de los trabajos preseleccionados de entre los 103<br>presentados para el XIV Premio, provenientes de distintos pa\u00edses de habla hispana, los<br>miembros del jurado coincidieron en valorar el excelente nivel de los mismos. Asimismo,<br>los componentes del jurado hacen hincapi\u00e9 en que se han valorado principalmente<br>aquellos trabajos que fomentan y promueven \u201clos principios y valores de igualdad,<br>reflejando aspectos profesionales, culturales, cient\u00edficos o intelectuales\u201d, entre otros.<br>Una vez puntuados todos los trabajos y realizadas las deliberaciones oportunas, el<br>jurado decidi\u00f3 seleccionar como finalistas los tres siguientes:<\/p>\n\n\n\n<ul class=\"wp-block-list\">\n<li>\u00abEl vac\u00edo de Francisca\u00bb, de Meritxell Freixas Martorell, corresponsal en<br>Chile para la Agencia EFE y docente de la Escuela de Periodismo de la Universidad<br>de Santiago (Usach). El trabajo, publicado en EFE Verifica tanto en formato escrito como<br>en p\u00f3dcast y en formato audiovisual el 19 de junio de 2025, recoge el testimonio de<br>Francisca (nombre ficticio), una mujer esterilizada en Chile sin su consentimiento a<br>consecuencia de los bulos sobre el VIH. Se trata de uno de los varios testimonios<br>recogidos en el proyecto de EFE Verifica Noticias falsas, v\u00edctimas reales, sobre el<br>impacto y el dolor que causa la desinformaci\u00f3n, realizado en colaboraci\u00f3n con la Red<br>Internacional de Verificaci\u00f3n (IFCN, por sus siglas en ingl\u00e9s).<\/li>\n<\/ul>\n\n\n\n<p class=\"wp-block-paragraph\">El jurado destaca el valor de este trabajo, \u201celaborado en tres formatos distintos, sobre<br>un tema del que poco se habla: la discriminaci\u00f3n por VIH y la esterilizaci\u00f3n forzada\u201d,<br>remarcando como una de sus cualidades que est\u00e1 \u201cmuy bien narrado\u201d. Asimismo,<br>remarca que trata un asunto muy desconocido y que lo hace con mucha delicadeza. \u201cLa<br>dramatizaci\u00f3n de la historia de la protagonista aporta cercan\u00eda al drama vivido por<br>Francisca\u201d, resaltan los miembros del jurado, quienes han valorado muy positivamente<br>la presentaci\u00f3n del trabajo en tres formatos muy bien elaborados.<br>Se trata, pues, de un excelente reportaje de periodismo de denuncia de abuso de los<br>derechos humanos. \u201cEs imprescindible que el periodismo siga informando de estos<br>casos de abuso en un panorama informativo dominado por el entretenimiento, la<br>comunicaci\u00f3n comercial y el contenido personalista de los influencers\u201d, sostiene el<br>jurado.<\/p>\n\n\n\n<ul class=\"wp-block-list\">\n<li>\u00abExporting Abortion\u00bb, de Nacho Calle Fern\u00e1ndez y Sergio P\u00e9rez Sangiao,<br>con la colaboraci\u00f3n de Emilia Garc\u00eda Morales, serie de cuatro reportajes de<br>investigaci\u00f3n publicados entre abril y mayo de 2025 en el diario P\u00fablico. En estos<br>trabajos, realizados en el marco de la investigaci\u00f3n period\u00edstica internacional \u2018Exporting<br>Abortion\u2019, se abordan las dificultades que tienen en la actualidad las mujeres europeas<br>para abortar en sus propios pa\u00edses, tanto en el caso de las que vienen a Espa\u00f1a como<br>en el de las espa\u00f1olas que tienen que tienen que viajar al extranjero por casu\u00edsticas<br>concretas, tales como las malformaciones gen\u00e9ticas detectadas al final de la gestaci\u00f3n<br>o el simple hecho de desconocer que estaban embarazadas.<br>El jurado destaca que se trata de \u201cun trabajo de investigaci\u00f3n impresionante y muy<br>exhaustivo sobre un tema que afecta directamente a la mujer y que refleja la gran<br>desigualdad que hay dentro de Europa\u201d. Asimismo, enfatiza el car\u00e1cter internacional de<br>dicho trabajo period\u00edstico, un esfuerzo a\u00f1adido que lo dota de un valor especial.<\/li>\n\n\n\n<li>\u00abMadre por derecho\u00bb, de Francisco Javier Oliver Jim\u00e9nez, reportaje emitido<br>el 23 de marzo de 2025 en el programa Solidarios, de Canal Sur Televisi\u00f3n. Aborda<br>tambi\u00e9n este reportaje audiovisual el tema de la esterilizaci\u00f3n forzosa, en esta ocasi\u00f3n<br>de las personas con discapacidad, a trav\u00e9s del caso de Rosa, una mujer con diversidad<br>funcional que con 16 a\u00f1os consigui\u00f3 rebelarse y evitar una ligadura de trompas.<br>Al jurado le ha sorprendido gratamente que la que hable y se exponga sea la<br>propia protagonista de esta historia, Rosa, \u201calgo siempre dif\u00edcil de conseguir\u201d, as\u00ed como<br>que aborde un tema de clara desigualdad muy desconocido y amparado por la ley hasta<br>hace bien poco.<\/li>\n<\/ul>\n\n\n\n<p class=\"wp-block-paragraph\">Una vez elegidos los finalistas, el jurado deber\u00e1 determinar cu\u00e1l ser\u00e1 el trabajo ganador<br>de la presente edici\u00f3n. El fallo se dar\u00e1 a conocer en rueda de prensa el pr\u00f3ximo 15 de<br>septiembre a las 11:00 de la ma\u00f1ana, en las instalaciones de Cosentino que la<br>multinacional almeriense posee en el centro de Almer\u00eda capital. Por su parte, la entrega<br>del XIV premio Colombine tendr\u00e1 lugar el 7 octubre de 2026 en el Centro Fundaci\u00f3n<br>Unicaja de Almer\u00eda.<\/p>\n","protected":false},"excerpt":{"rendered":"<p>Jos\u00e9 Manuel Bretones El trabajo ganador se dar\u00e1 a conocer el pr\u00f3ximo 15 de septiembreLos&#8230;<\/p>\n","protected":false},"author":12,"featured_media":6692,"comment_status":"open","ping_status":"open","sticky":false,"template":"","format":"standard","meta":{"advanced_seo_description":"","jetpack_seo_html_title":"","jetpack_seo_noindex":false,"jetpack_seo_schema_type":"","_jetpack_newsletter_access":"","_jetpack_dont_email_post_to_subs":false,"_jetpack_newsletter_tier_id":0,"_jetpack_memberships_contains_paywalled_content":false,"_jetpack_feature_clip_id":0,"_jetpack_memberships_contains_paid_content":false,"footnotes":"","jetpack_post_was_ever_published":false},"categories":[29],"tags":[],"class_list":["post-75619","post","type-post","status-publish","format-standard","has-post-thumbnail","hentry","category-cultura"],"jetpack_sharing_enabled":true,"jetpack-related-posts":[],"amp_enabled":true,"jetpack_featured_media_url":"https:\/\/lagacetadealmeria.com\/wp-content\/uploads\/2025\/01\/Jose-Manuel-Bretones-es-periodista.jpg","_links":{"self":[{"href":"https:\/\/lagacetadealmeria.com\/index.php?rest_route=\/wp\/v2\/posts\/75619","targetHints":{"allow":["GET"]}}],"collection":[{"href":"https:\/\/lagacetadealmeria.com\/index.php?rest_route=\/wp\/v2\/posts"}],"about":[{"href":"https:\/\/lagacetadealmeria.com\/index.php?rest_route=\/wp\/v2\/types\/post"}],"author":[{"embeddable":true,"href":"https:\/\/lagacetadealmeria.com\/index.php?rest_route=\/wp\/v2\/users\/12"}],"replies":[{"embeddable":true,"href":"https:\/\/lagacetadealmeria.com\/index.php?rest_route=%2Fwp%2Fv2%2Fcomments&post=75619"}],"version-history":[{"count":1,"href":"https:\/\/lagacetadealmeria.com\/index.php?rest_route=\/wp\/v2\/posts\/75619\/revisions"}],"predecessor-version":[{"id":75621,"href":"https:\/\/lagacetadealmeria.com\/index.php?rest_route=\/wp\/v2\/posts\/75619\/revisions\/75621"}],"wp:featuredmedia":[{"embeddable":true,"href":"https:\/\/lagacetadealmeria.com\/index.php?rest_route=\/wp\/v2\/media\/6692"}],"wp:attachment":[{"href":"https:\/\/lagacetadealmeria.com\/index.php?rest_route=%2Fwp%2Fv2%2Fmedia&parent=75619"}],"wp:term":[{"taxonomy":"category","embeddable":true,"href":"https:\/\/lagacetadealmeria.com\/index.php?rest_route=%2Fwp%2Fv2%2Fcategories&post=75619"},{"taxonomy":"post_tag","embeddable":true,"href":"https:\/\/lagacetadealmeria.com\/index.php?rest_route=%2Fwp%2Fv2%2Ftags&post=75619"}],"curies":[{"name":"wp","href":"https:\/\/api.w.org\/{rel}","templated":true}]}}