{"id":75622,"date":"2026-08-31T10:53:32","date_gmt":"2026-08-31T10:53:32","guid":{"rendered":"https:\/\/lagacetadealmeria.com\/?p=75622"},"modified":"2026-08-31T10:53:33","modified_gmt":"2026-08-31T10:53:33","slug":"el-verano-se-acaba-el-mar-todavia-te-espera","status":"publish","type":"post","link":"https:\/\/lagacetadealmeria.com\/?p=75622","title":{"rendered":"El verano se acaba. El mar todav\u00eda te espera"},"content":{"rendered":"\n<figure class=\"wp-block-table\"><table class=\"has-fixed-layout\"><tbody><tr><td>.<\/td><\/tr><tr><td>Aprovecha los \u00faltimos d\u00edas de verano para disfrutar de una experiencia diferente a bordo del&nbsp;<strong>Costa Delf\u00edn<\/strong>, nuestro barco con&nbsp;<strong>fondo de cristal<\/strong>.<\/td><\/tr><tr><td><img decoding=\"async\" alt=\"\ud83c\udf0a\" src=\"https:\/\/fonts.gstatic.com\/s\/e\/notoemoji\/17.0\/1f30a\/72.png\">Una experiencia para todosParejas, familias, amigos, asociaciones, grupos organizados o incluso&nbsp;<strong>empresas<\/strong>&nbsp;que quieran compartir una actividad diferente junto al mar.<\/td><\/tr><tr><td><img decoding=\"async\" alt=\"\ud83d\udc20\" src=\"https:\/\/fonts.gstatic.com\/s\/e\/notoemoji\/17.0\/1f420\/72.png\">Mira el mar desde otra perspectivaUna de las caracter\u00edsticas m\u00e1s especiales del&nbsp;<strong>Costa Delf\u00edn<\/strong>&nbsp;es su&nbsp;<strong>suelo de cristal<\/strong>, que permite observar el fondo marino durante parte de la navegaci\u00f3n.<\/td><\/tr><tr><td>Elige tu momento para navegar<img decoding=\"async\" alt=\"\u2600\ufe0f\" src=\"https:\/\/fonts.gstatic.com\/s\/e\/notoemoji\/17.0\/2600_fe0f\/72.png\"><strong>11:15 h<\/strong>Paseo de 1 hora<img decoding=\"async\" alt=\"\ud83c\udfca\" src=\"https:\/\/fonts.gstatic.com\/s\/e\/notoemoji\/17.0\/1f3ca\/72.png\"><strong>12:30 h<\/strong>2 horas + ba\u00f1o<img decoding=\"async\" alt=\"\ud83c\udf0a\" src=\"https:\/\/fonts.gstatic.com\/s\/e\/notoemoji\/17.0\/1f30a\/72.png\"><strong>18:15 h<\/strong>Paseo de 1 hora<img decoding=\"async\" alt=\"\ud83c\udf05\" src=\"https:\/\/fonts.gstatic.com\/s\/e\/notoemoji\/17.0\/1f305\/72.png\"><strong>19:30 h<\/strong>Puesta de sol<\/td><\/tr><tr><td><strong><img decoding=\"async\" alt=\"\u2693\" src=\"https:\/\/fonts.gstatic.com\/s\/e\/notoemoji\/17.0\/2693\/72.png\">Mucho m\u00e1s que subir a un barco<\/strong>Costa, mar, calas, ba\u00f1o en alta mar, vistas de Roquetas y la posibilidad de disfrutar del Mediterr\u00e1neo desde un barco pensado para compartir la experiencia.<\/td><\/tr><tr><td>\u00bfVienes con un grupo o empresa?Costa Delf\u00edn tambi\u00e9n es una alternativa para&nbsp;<strong>grupos de amigos, asociaciones, colectivos, empresas y actividades de equipo<\/strong>.Cons\u00faltanos las posibilidades para grupos.<br><strong><a href=\"https:\/\/costadelfin.com\/galeria-costa-delfin\/\" target=\"_blank\" rel=\"noopener\">Galer\u00eda de fotos del barco Costa Delf\u00edn, pulsar aqu\u00ed<\/a><\/strong><\/td><\/tr><tr><td><a href=\"https:\/\/wa.me\/34685800800\" target=\"_blank\" rel=\"noopener\"><img decoding=\"async\" alt=\"\ud83d\udcf2\" src=\"https:\/\/fonts.gstatic.com\/s\/e\/notoemoji\/17.0\/1f4f2\/72.png\">RESERVAR POR WHATSAPP<\/a><\/td><\/tr><tr><td>Indica el&nbsp;<strong>n\u00famero de personas<\/strong>, la&nbsp;<strong>hora<\/strong>&nbsp;y el&nbsp;<strong>tipo de paseo<\/strong>&nbsp;que deseas.<\/td><\/tr><tr><td>COSTA DELF\u00cdN<img decoding=\"async\" alt=\"\u2693\" src=\"https:\/\/fonts.gstatic.com\/s\/e\/notoemoji\/17.0\/2693\/72.png\">Puerto de Roquetas de Mar<br>Junto al Castillo de Santa Ana<img decoding=\"async\" alt=\"\ud83d\udcf2\" src=\"https:\/\/fonts.gstatic.com\/s\/e\/notoemoji\/17.0\/1f4f2\/72.png\">WhatsApp:&nbsp;<strong>685 800 800<\/strong><br><img decoding=\"async\" alt=\"\ud83c\udf10\" src=\"https:\/\/fonts.gstatic.com\/s\/e\/notoemoji\/17.0\/1f310\/72.png\"><a href=\"https:\/\/www.costadelfin.com\/\" target=\"_blank\" rel=\"noopener\">www.costadelfin.com<\/a><\/td><\/tr><\/tbody><\/table><\/figure>\n\n\n\n<figure class=\"wp-block-image size-full\"><img fetchpriority=\"high\" decoding=\"async\" width=\"700\" height=\"292\" src=\"https:\/\/lagacetadealmeria.com\/wp-content\/uploads\/2026\/08\/Final-de-verano.jpg\" alt=\"\" class=\"wp-image-75624\" srcset=\"https:\/\/lagacetadealmeria.com\/wp-content\/uploads\/2026\/08\/Final-de-verano.jpg 700w, https:\/\/lagacetadealmeria.com\/wp-content\/uploads\/2026\/08\/Final-de-verano-300x125.jpg 300w\" sizes=\"(max-width: 700px) 100vw, 700px\" \/><\/figure>\n","protected":false},"excerpt":{"rendered":"<p>. Aprovecha los \u00faltimos d\u00edas de verano para disfrutar de una experiencia diferente a bordo&#8230;<\/p>\n","protected":false},"author":12,"featured_media":75624,"comment_status":"open","ping_status":"open","sticky":false,"template":"","format":"standard","meta":{"advanced_seo_description":"","jetpack_seo_html_title":"","jetpack_seo_noindex":false,"jetpack_seo_schema_type":"","_jetpack_newsletter_access":"","_jetpack_dont_email_post_to_subs":false,"_jetpack_newsletter_tier_id":0,"_jetpack_memberships_contains_paywalled_content":false,"_jetpack_feature_clip_id":0,"_jetpack_memberships_contains_paid_content":false,"footnotes":"","jetpack_post_was_ever_published":false},"categories":[37],"tags":[],"class_list":["post-75622","post","type-post","status-publish","format-standard","has-post-thumbnail","hentry","category-provincia"],"jetpack_sharing_enabled":true,"jetpack-related-posts":[],"amp_enabled":true,"jetpack_featured_media_url":"https:\/\/lagacetadealmeria.com\/wp-content\/uploads\/2026\/08\/Final-de-verano.jpg","_links":{"self":[{"href":"https:\/\/lagacetadealmeria.com\/index.php?rest_route=\/wp\/v2\/posts\/75622","targetHints":{"allow":["GET"]}}],"collection":[{"href":"https:\/\/lagacetadealmeria.com\/index.php?rest_route=\/wp\/v2\/posts"}],"about":[{"href":"https:\/\/lagacetadealmeria.com\/index.php?rest_route=\/wp\/v2\/types\/post"}],"author":[{"embeddable":true,"href":"https:\/\/lagacetadealmeria.com\/index.php?rest_route=\/wp\/v2\/users\/12"}],"replies":[{"embeddable":true,"href":"https:\/\/lagacetadealmeria.com\/index.php?rest_route=%2Fwp%2Fv2%2Fcomments&post=75622"}],"version-history":[{"count":1,"href":"https:\/\/lagacetadealmeria.com\/index.php?rest_route=\/wp\/v2\/posts\/75622\/revisions"}],"predecessor-version":[{"id":75625,"href":"https:\/\/lagacetadealmeria.com\/index.php?rest_route=\/wp\/v2\/posts\/75622\/revisions\/75625"}],"wp:featuredmedia":[{"embeddable":true,"href":"https:\/\/lagacetadealmeria.com\/index.php?rest_route=\/wp\/v2\/media\/75624"}],"wp:attachment":[{"href":"https:\/\/lagacetadealmeria.com\/index.php?rest_route=%2Fwp%2Fv2%2Fmedia&parent=75622"}],"wp:term":[{"taxonomy":"category","embeddable":true,"href":"https:\/\/lagacetadealmeria.com\/index.php?rest_route=%2Fwp%2Fv2%2Fcategories&post=75622"},{"taxonomy":"post_tag","embeddable":true,"href":"https:\/\/lagacetadealmeria.com\/index.php?rest_route=%2Fwp%2Fv2%2Ftags&post=75622"}],"curies":[{"name":"wp","href":"https:\/\/api.w.org\/{rel}","templated":true}]}}