{"id":75629,"date":"2026-08-31T11:03:14","date_gmt":"2026-08-31T11:03:14","guid":{"rendered":"https:\/\/lagacetadealmeria.com\/?p=75629"},"modified":"2026-08-31T11:03:15","modified_gmt":"2026-08-31T11:03:15","slug":"75629","status":"publish","type":"post","link":"https:\/\/lagacetadealmeria.com\/?p=75629","title":{"rendered":""},"content":{"rendered":"\n<ul class=\"wp-block-list\">\n<li><strong>La Junta invierte 655.000 euros en la mejora de 8,5 kil\u00f3metros de la A-1178 entre Ser\u00f3n y G\u00e9rgal<\/strong><\/li>\n<\/ul>\n\n\n\n<p class=\"wp-block-paragraph\">Francisco G\u00f3ngora visita las actuaciones ejecutadas en dos tramos de esta carretera, que atraviesa la Sierra de los Filabres y constituye el principal acceso al Observatorio de Calar Alto<\/p>\n\n\n\n<p class=\"wp-block-paragraph\">El delegado del Gobierno de la Junta de Andaluc\u00eda en Almer\u00eda, Francisco G\u00f3ngora, acompa\u00f1ado de la delegada territorial de Vivienda, Juventud y Ordenaci\u00f3n del Territorio y de Fomento y Movilidad, Dolores Mart\u00ednez, han visitado las actuaciones de mejora del firme ejecutadas por la Junta de Andaluc\u00eda en la carretera A-1178, de Ser\u00f3n a G\u00e9rgal, que han supuesto una inversi\u00f3n de 655.000 euros y la renovaci\u00f3n de un total de 8,5 kil\u00f3metros de esta v\u00eda.<\/p>\n\n\n\n<p class=\"wp-block-paragraph\">Los trabajos forman parte del Plan Extraordinario de Asfaltado de la Junta de Andaluc\u00eda, dotado con 151,5 millones de euros, y se encuadran en el contrato para la mejora integral de la capacidad estructural de la red de carreteras de Andaluc\u00eda Oriental correspondiente a las zonas Norte y Centro de la provincia de Almer\u00eda.<\/p>\n\n\n\n<p class=\"wp-block-paragraph\">G\u00f3ngora ha destacado que \u201cesta actuaci\u00f3n pone de manifiesto el compromiso de la Junta de Andaluc\u00eda con la conservaci\u00f3n y mejora de la red auton\u00f3mica de carreteras y, especialmente, con aquellas v\u00edas que son fundamentales para garantizar la movilidad, la seguridad y la vertebraci\u00f3n de nuestros municipios\u201d.<\/p>\n\n\n\n<p class=\"wp-block-paragraph\">La A-1178 atraviesa de norte a sur la Sierra de los Filabres y conecta los municipios de Ser\u00f3n, Bacares y G\u00e9rgal. Adem\u00e1s, constituye la principal v\u00eda de acceso al Observatorio de Calar Alto, lo que refuerza su importancia tanto para los habitantes de la comarca como para la actividad cient\u00edfica y tur\u00edstica que se desarrolla en este enclave.<\/p>\n\n\n\n<p class=\"wp-block-paragraph\">El delegado del Gobierno ha incidido en la singularidad de una carretera que alcanza en parte de su recorrido cotas cercanas a los 2.000 metros de altitud y que est\u00e1 sometida durante el invierno a condiciones climatol\u00f3gicas especialmente exigentes. Los dos tramos objeto de la actuaci\u00f3n se encuentran por encima de los 1.700 metros, donde el firme presentaba roderas y un importante desgaste como consecuencia de los temporales de lluvia, nieve y heladas y del intenso trabajo de los equipos quitanieves para mantener la carretera abierta y en condiciones adecuadas de circulaci\u00f3n.<\/p>\n\n\n\n<ol style=\"list-style-type:upper-alpha\" class=\"wp-block-list\">\n<li><strong>Actuaci\u00f3n en 8,5 kil\u00f3metros<\/strong><\/li>\n<\/ol>\n\n\n\n<p class=\"wp-block-paragraph\">Las obras se han desarrollado durante los meses de junio y julio y se han concentrado en dos tramos de la A-1178. El primero comprende desde el punto kilom\u00e9trico 19+760 hasta el 26+170, con una longitud de 6.410 metros, mientras que el segundo se extiende desde el punto kilom\u00e9trico 27+548 hasta el 29+700, con otros 2.152 metros.<\/p>\n\n\n\n<p class=\"wp-block-paragraph\">Los trabajos han incluido el fresado de la capa de rodadura, la aplicaci\u00f3n de emulsi\u00f3n asf\u00e1ltica y la posterior pavimentaci\u00f3n de toda la calzada mediante 7.500 toneladas de hormig\u00f3n bituminoso en caliente, con un espesor de cinco cent\u00edmetros una vez compactado. Asimismo, se ha procedido a la reposici\u00f3n y pintado de las marcas viales.<\/p>\n\n\n\n<p class=\"wp-block-paragraph\">Durante la ejecuci\u00f3n de las obras se adoptaron las correspondientes medidas de regulaci\u00f3n y se\u00f1alizaci\u00f3n del tr\u00e1fico para compatibilizar los trabajos con la circulaci\u00f3n y garantizar la seguridad de los usuarios.<\/p>\n\n\n\n<p class=\"wp-block-paragraph\">Esta actuaci\u00f3n viene a complementar las llevadas a cabo durante los \u00faltimos a\u00f1os, tanto en mantenimiento de firmes con una inversi\u00f3n 296.319,50 \u20ac como mejora de drenaje superficial por importe de 39.295,39 \u20ac y una actuaci\u00f3n de emergencia cuya inversi\u00f3n ascendi\u00f3 a 298.614,50 \u20ac. Si a las cifras indicadas con anterioridad le sumamos los m\u00e1s de 655.000 \u20ac correspondientes a la reciente actuaci\u00f3n, la inversi\u00f3n realizada en la carretera A-1178 supera los 1,3 millones de euros.<\/p>\n\n\n\n<p class=\"wp-block-paragraph\">El delegado ha subrayado que \u201cinvertir en conservaci\u00f3n es invertir en seguridad vial, en cohesi\u00f3n territorial y en oportunidades para nuestros municipios\u201d, y ha puesto en valor el esfuerzo de la Junta por \u201cmantener en las mejores condiciones una red de carreteras que resulta esencial para la actividad econ\u00f3mica, tur\u00edstica y social de la provincia de Almer\u00eda\u201d.<\/p>\n\n\n\n<ul class=\"wp-block-list\">\n<li><strong>La vuelta ciclista discurre por esta carretera<\/strong><\/li>\n<\/ul>\n\n\n\n<p class=\"wp-block-paragraph\">El delegado ha puesto en valor que el pr\u00f3ximo 3 de septiembre discurrir\u00e1 por estas carreteras una etapa de la vuelta ciclista a Espa\u00f1a, una cita deportiva de gran proyecci\u00f3n que permitir\u00e1 mostrar la Sierra de los Filabres y su entorno a trav\u00e9s de uno de los acontecimientos deportivos con mayor repercusi\u00f3n nacional e internacional.<\/p>\n\n\n\n<p class=\"wp-block-paragraph\">\u201cEl trabajo constante de la Junta nos permite mostrar que cuando hay acontecimientos de este tipo estamos preparados, en este caso con una carretera renovada y con grandes condiciones de seguridad y confort. El paso de La Vuelta supone tambi\u00e9n un extraordinario escaparate para mostrar la riqueza paisaj\u00edstica de la Sierra de los Filabres y enclaves \u00fanicos de nuestra provincia como Calar Alto\u201d, ha se\u00f1alado el delegado.<\/p>\n\n\n\n<figure class=\"wp-block-gallery has-nested-images columns-default is-cropped wp-block-gallery-1 is-layout-flex wp-block-gallery-is-layout-flex\">\n<figure class=\"wp-block-image size-large\"><img fetchpriority=\"high\" decoding=\"async\" width=\"700\" height=\"525\" data-id=\"75631\" src=\"https:\/\/lagacetadealmeria.com\/wp-content\/uploads\/2026\/08\/A-1178-4.jpg\" alt=\"\" class=\"wp-image-75631\" srcset=\"https:\/\/lagacetadealmeria.com\/wp-content\/uploads\/2026\/08\/A-1178-4.jpg 700w, https:\/\/lagacetadealmeria.com\/wp-content\/uploads\/2026\/08\/A-1178-4-300x225.jpg 300w\" sizes=\"(max-width: 700px) 100vw, 700px\" \/><\/figure>\n\n\n\n<figure class=\"wp-block-image size-large\"><img decoding=\"async\" width=\"700\" height=\"933\" data-id=\"75632\" src=\"https:\/\/lagacetadealmeria.com\/wp-content\/uploads\/2026\/08\/A-1178-2.jpg\" alt=\"\" class=\"wp-image-75632\" srcset=\"https:\/\/lagacetadealmeria.com\/wp-content\/uploads\/2026\/08\/A-1178-2.jpg 700w, https:\/\/lagacetadealmeria.com\/wp-content\/uploads\/2026\/08\/A-1178-2-225x300.jpg 225w\" sizes=\"(max-width: 700px) 100vw, 700px\" \/><\/figure>\n\n\n\n<figure class=\"wp-block-image size-large\"><img decoding=\"async\" width=\"700\" height=\"525\" data-id=\"75634\" src=\"https:\/\/lagacetadealmeria.com\/wp-content\/uploads\/2026\/08\/a-1178-3.jpg\" alt=\"\" class=\"wp-image-75634\" srcset=\"https:\/\/lagacetadealmeria.com\/wp-content\/uploads\/2026\/08\/a-1178-3.jpg 700w, https:\/\/lagacetadealmeria.com\/wp-content\/uploads\/2026\/08\/a-1178-3-300x225.jpg 300w\" sizes=\"(max-width: 700px) 100vw, 700px\" \/><\/figure>\n\n\n\n<figure class=\"wp-block-image size-large\"><img loading=\"lazy\" decoding=\"async\" width=\"700\" height=\"525\" data-id=\"75633\" src=\"https:\/\/lagacetadealmeria.com\/wp-content\/uploads\/2026\/08\/A-1178-1.jpg\" alt=\"\" class=\"wp-image-75633\" srcset=\"https:\/\/lagacetadealmeria.com\/wp-content\/uploads\/2026\/08\/A-1178-1.jpg 700w, https:\/\/lagacetadealmeria.com\/wp-content\/uploads\/2026\/08\/A-1178-1-300x225.jpg 300w\" sizes=\"(max-width: 700px) 100vw, 700px\" \/><\/figure>\n<\/figure>\n","protected":false},"excerpt":{"rendered":"<p>Francisco G\u00f3ngora visita las actuaciones ejecutadas en dos tramos de esta carretera, que atraviesa la&#8230;<\/p>\n","protected":false},"author":12,"featured_media":75633,"comment_status":"open","ping_status":"open","sticky":false,"template":"","format":"standard","meta":{"advanced_seo_description":"","jetpack_seo_html_title":"","jetpack_seo_noindex":false,"jetpack_seo_schema_type":"","_jetpack_newsletter_access":"","_jetpack_dont_email_post_to_subs":false,"_jetpack_newsletter_tier_id":0,"_jetpack_memberships_contains_paywalled_content":false,"_jetpack_feature_clip_id":0,"_jetpack_memberships_contains_paid_content":false,"footnotes":"","jetpack_post_was_ever_published":false},"categories":[37],"tags":[],"class_list":["post-75629","post","type-post","status-publish","format-standard","has-post-thumbnail","hentry","category-provincia"],"jetpack_sharing_enabled":true,"jetpack-related-posts":[],"amp_enabled":true,"jetpack_featured_media_url":"https:\/\/lagacetadealmeria.com\/wp-content\/uploads\/2026\/08\/A-1178-1.jpg","_links":{"self":[{"href":"https:\/\/lagacetadealmeria.com\/index.php?rest_route=\/wp\/v2\/posts\/75629","targetHints":{"allow":["GET"]}}],"collection":[{"href":"https:\/\/lagacetadealmeria.com\/index.php?rest_route=\/wp\/v2\/posts"}],"about":[{"href":"https:\/\/lagacetadealmeria.com\/index.php?rest_route=\/wp\/v2\/types\/post"}],"author":[{"embeddable":true,"href":"https:\/\/lagacetadealmeria.com\/index.php?rest_route=\/wp\/v2\/users\/12"}],"replies":[{"embeddable":true,"href":"https:\/\/lagacetadealmeria.com\/index.php?rest_route=%2Fwp%2Fv2%2Fcomments&post=75629"}],"version-history":[{"count":1,"href":"https:\/\/lagacetadealmeria.com\/index.php?rest_route=\/wp\/v2\/posts\/75629\/revisions"}],"predecessor-version":[{"id":75635,"href":"https:\/\/lagacetadealmeria.com\/index.php?rest_route=\/wp\/v2\/posts\/75629\/revisions\/75635"}],"wp:featuredmedia":[{"embeddable":true,"href":"https:\/\/lagacetadealmeria.com\/index.php?rest_route=\/wp\/v2\/media\/75633"}],"wp:attachment":[{"href":"https:\/\/lagacetadealmeria.com\/index.php?rest_route=%2Fwp%2Fv2%2Fmedia&parent=75629"}],"wp:term":[{"taxonomy":"category","embeddable":true,"href":"https:\/\/lagacetadealmeria.com\/index.php?rest_route=%2Fwp%2Fv2%2Fcategories&post=75629"},{"taxonomy":"post_tag","embeddable":true,"href":"https:\/\/lagacetadealmeria.com\/index.php?rest_route=%2Fwp%2Fv2%2Ftags&post=75629"}],"curies":[{"name":"wp","href":"https:\/\/api.w.org\/{rel}","templated":true}]}}