{"id":75641,"date":"2026-08-31T11:13:01","date_gmt":"2026-08-31T11:13:01","guid":{"rendered":"https:\/\/lagacetadealmeria.com\/?p=75641"},"modified":"2026-08-31T11:13:02","modified_gmt":"2026-08-31T11:13:02","slug":"el-pp-de-vicar-denuncia-que-antonio-bonilla-hace-seguidismo-de-pedro-sanchez-y-no-convoca-una-concentracion-en-apoyo-a-ceuta","status":"publish","type":"post","link":"https:\/\/lagacetadealmeria.com\/?p=75641","title":{"rendered":"El PP de V\u00edcar denuncia que Antonio Bonilla \u201chace seguidismo de Pedro S\u00e1nchez\u201d y no convoca una concentraci\u00f3n en apoyo a Ceuta"},"content":{"rendered":"\n<p class=\"has-text-align-center wp-block-paragraph\"><strong><em>LOLO ORT\u00cdZ<\/em><\/strong><\/p>\n\n\n\n<p class=\"wp-block-paragraph\">Los populares lamentan que el alcalde de V\u00edcar anteponga la disciplina de partido a la defensa de los intereses de Ceuta y reclaman que el Ayuntamiento se sume a la movilizaci\u00f3n del 2 de septiembre<\/p>\n\n\n\n<p class=\"wp-block-paragraph\">V\u00edcar, 31 de agosto de 2026. El Partido Popular de V\u00edcar denuncia la actitud del alcalde, Antonio Bonilla, ante la concentraci\u00f3n prevista para el pr\u00f3ximo 2 de septiembre en favor de Ceuta, y lamenta que el Ayuntamiento de V\u00edcar no haya promovido una convocatoria institucional frente a la Casa Consistorial.<\/p>\n\n\n\n<p class=\"wp-block-paragraph\">Para el PP de V\u00edcar, esta decisi\u00f3n demuestra, a su juicio, que Antonio Bonilla \u201chace seguidismo de Pedro S\u00e1nchez\u201d y antepone la disciplina de partido a la defensa de Ceuta y de los intereses generales de los espa\u00f1oles.<\/p>\n\n\n\n<p class=\"wp-block-paragraph\">Los populares consideran especialmente significativo que, ante una cuesti\u00f3n que entienden que trasciende las siglas pol\u00edticas, el alcalde \u201chaya decidido mirar hacia otro lado\u201d en lugar de facilitar que los vecinos de V\u00edcar puedan expresar p\u00fablicamente su apoyo a Ceuta.<\/p>\n\n\n\n<p class=\"wp-block-paragraph\">\u201cAntonio Bonilla deber\u00eda ejercer como alcalde de todos los vicarios y no como representante de los intereses de su partido. Cuando est\u00e1 en juego la defensa de Ceuta y la unidad de Espa\u00f1a, no caben excusas ni c\u00e1lculos partidistas\u201d, se\u00f1ala el Partido Popular de V\u00edcar.<\/p>\n\n\n\n<p class=\"wp-block-paragraph\">Desde el PP recuerdan que los ayuntamientos tambi\u00e9n tienen una responsabilidad institucional a la hora de trasladar a sus vecinos el respaldo a territorios espa\u00f1oles como Ceuta y consideran que la ausencia de una convocatoria frente al Ayuntamiento el 2 de septiembre supone una oportunidad perdida para que V\u00edcar muestre su solidaridad y compromiso.<\/p>\n\n\n\n<p class=\"wp-block-paragraph\">Los populares preguntan al alcalde \u201cqu\u00e9 problema tiene en que los vecinos de V\u00edcar puedan concentrarse pac\u00edficamente frente al Ayuntamiento en defensa de Ceuta\u201d y le reclaman que explique p\u00fablicamente los motivos por los que el Consistorio no ha impulsado esta iniciativa.<\/p>\n\n\n\n<p class=\"wp-block-paragraph\">\u201cNo entendemos que Antonio Bonilla tenga m\u00e1s miedo a romper la disciplina de partido que a defender una posici\u00f3n institucional de apoyo a Ceuta\u201d, concluye el PP de V\u00edcar, que anima a los vecinos que quieran participar a hacerlo de manera c\u00edvica y respetuosa en la concentraci\u00f3n del pr\u00f3ximo 2 de septiembre.<\/p>\n","protected":false},"excerpt":{"rendered":"<p>LOLO ORT\u00cdZ Los populares lamentan que el alcalde de V\u00edcar anteponga la disciplina de partido&#8230;<\/p>\n","protected":false},"author":12,"featured_media":74031,"comment_status":"open","ping_status":"open","sticky":false,"template":"","format":"standard","meta":{"advanced_seo_description":"","jetpack_seo_html_title":"","jetpack_seo_noindex":false,"jetpack_seo_schema_type":"","_jetpack_newsletter_access":"","_jetpack_dont_email_post_to_subs":false,"_jetpack_newsletter_tier_id":0,"_jetpack_memberships_contains_paywalled_content":false,"_jetpack_feature_clip_id":0,"_jetpack_memberships_contains_paid_content":false,"footnotes":"","jetpack_post_was_ever_published":false},"categories":[37],"tags":[],"class_list":["post-75641","post","type-post","status-publish","format-standard","has-post-thumbnail","hentry","category-provincia"],"jetpack_sharing_enabled":true,"jetpack-related-posts":[],"amp_enabled":true,"jetpack_featured_media_url":"https:\/\/lagacetadealmeria.com\/wp-content\/uploads\/2026\/08\/Jose-Manuel-Manzano-portavoz-del-PP-vicar.jpg","_links":{"self":[{"href":"https:\/\/lagacetadealmeria.com\/index.php?rest_route=\/wp\/v2\/posts\/75641","targetHints":{"allow":["GET"]}}],"collection":[{"href":"https:\/\/lagacetadealmeria.com\/index.php?rest_route=\/wp\/v2\/posts"}],"about":[{"href":"https:\/\/lagacetadealmeria.com\/index.php?rest_route=\/wp\/v2\/types\/post"}],"author":[{"embeddable":true,"href":"https:\/\/lagacetadealmeria.com\/index.php?rest_route=\/wp\/v2\/users\/12"}],"replies":[{"embeddable":true,"href":"https:\/\/lagacetadealmeria.com\/index.php?rest_route=%2Fwp%2Fv2%2Fcomments&post=75641"}],"version-history":[{"count":1,"href":"https:\/\/lagacetadealmeria.com\/index.php?rest_route=\/wp\/v2\/posts\/75641\/revisions"}],"predecessor-version":[{"id":75643,"href":"https:\/\/lagacetadealmeria.com\/index.php?rest_route=\/wp\/v2\/posts\/75641\/revisions\/75643"}],"wp:featuredmedia":[{"embeddable":true,"href":"https:\/\/lagacetadealmeria.com\/index.php?rest_route=\/wp\/v2\/media\/74031"}],"wp:attachment":[{"href":"https:\/\/lagacetadealmeria.com\/index.php?rest_route=%2Fwp%2Fv2%2Fmedia&parent=75641"}],"wp:term":[{"taxonomy":"category","embeddable":true,"href":"https:\/\/lagacetadealmeria.com\/index.php?rest_route=%2Fwp%2Fv2%2Fcategories&post=75641"},{"taxonomy":"post_tag","embeddable":true,"href":"https:\/\/lagacetadealmeria.com\/index.php?rest_route=%2Fwp%2Fv2%2Ftags&post=75641"}],"curies":[{"name":"wp","href":"https:\/\/api.w.org\/{rel}","templated":true}]}}