{"id":75648,"date":"2026-08-31T21:27:18","date_gmt":"2026-08-31T21:27:18","guid":{"rendered":"https:\/\/lagacetadealmeria.com\/?p=75648"},"modified":"2026-08-31T21:27:19","modified_gmt":"2026-08-31T21:27:19","slug":"la-cogorza-de-diego-pluton-cruz","status":"publish","type":"post","link":"https:\/\/lagacetadealmeria.com\/?p=75648","title":{"rendered":"La cogorza de Diego Plut\u00f3n Cruz"},"content":{"rendered":"\n<p class=\"has-text-align-center wp-block-paragraph\"><strong><em>Mois\u00e9s S. Palmero Aranda <\/em><\/strong>es<strong><em> Educador Ambiental<\/em><\/strong><\/p>\n\n\n\n<figure class=\"wp-block-image size-full\"><img fetchpriority=\"high\" decoding=\"async\" width=\"709\" height=\"472\" src=\"https:\/\/lagacetadealmeria.com\/wp-content\/uploads\/2026\/08\/Pluton-cruz.jpg\" alt=\"\" class=\"wp-image-75650\" srcset=\"https:\/\/lagacetadealmeria.com\/wp-content\/uploads\/2026\/08\/Pluton-cruz.jpg 709w, https:\/\/lagacetadealmeria.com\/wp-content\/uploads\/2026\/08\/Pluton-cruz-300x200.jpg 300w\" sizes=\"(max-width: 709px) 100vw, 709px\" \/><\/figure>\n\n\n\n<p class=\"wp-block-paragraph\">Es una pena, porque este a\u00f1o la feria deber\u00eda pasar a la historia como la del preg\u00f3n de David Bisbal en el Santuario de la Virgen del Carmen y la Luna de Sangre derramando sus tonos rojizos anaranjados sobre el ferial durante el eclipse. Pero,tristemente, la recordaremos como la de la dimisi\u00f3n del concejal de Cultura, Diego Cruz. Por suerte, gracias a su cogorza, el olor a bo\u00f1iga de vaca que invadi\u00f3 la ciudad durante varios d\u00edas desde el puerto o la m\u00fasica detenidapara que los bomberos realizasen un tenso y brillante rescate de los atrapados en el \u201cMartillo\u201d, quedar\u00e1n como an\u00e9cdotasdif\u00edciles de concretar en el tiempo y no como denominaci\u00f3n resumen de la Feria de Almer\u00eda 2026.<\/p>\n\n\n\n<p class=\"wp-block-paragraph\">Con este verano tan astron\u00f3mico que hemos tenido, podemos decir, sin lugar a dudas, que la tajada de Diego ha eclipsado la feria, aunque para otros, alcaldesa incluida, haya sido su honor\u00edfica dimisi\u00f3n, que lo dignifica como persona y lo ensalza como servidor p\u00fablico. Porque renunciar a su cargo, sugieren, por esa peque\u00f1ez, comparado con otras barbaridades que vemos amenudo entre los pol\u00edticos, se merece un aplauso. Les ha faltado, y lo aporto como idea publicitaria, pedir una estatua en el centro del ferial que se pueda usar como photocall para que las fotos corran por las redes, con una plaquita que diga: Ins\u00f3lito, \u00bfqui\u00e9n no se ha tomado unas copitas de m\u00e1s alguna vez?\u201cNo te pares\u201d. Viva la Feria de Almer\u00eda.<\/p>\n\n\n\n<p class=\"wp-block-paragraph\">Si algo hay que agradecer al concejal, m\u00fasico y rockero, es que se haya ido ensalzando el mito de la vida rebelde, hedonista y excesiva de las leyendas del rock: Sexo, drogas y rockandroll. Y sobre todo, lo que m\u00e1s aplaudo es que su dimisi\u00f3n haya generado tantos debates, intercambios de ideas e imaginaci\u00f3n entre los vecinos. Para eso lo contrataron, para generar cultura.<\/p>\n\n\n\n<p class=\"wp-block-paragraph\">Uno de los grandes debates generados es por el comunicado con el que dimite, en el que,tendiendo un halo difuso para confundir, reconoce que ha cometido un error. \u00bfA qu\u00e9 se refiere? \u00bfA conducir bajo los efectos de una melopea, a hacerlo con coche oficial o a encararse a la Polic\u00eda Nacional?Para los cristianos, que creemos en eso de la Sant\u00edsima Trinidad, es f\u00e1cil entenderlo. M\u00e1s si eres boomer y has crecido con el anuncio ferretero del \u201c3 en uno\u201d. Pero tienen que reconocer que da para una larga tertulia y sobremesa, que muchos cerrar\u00e1n en seco con \u201ceso es lo de menos, lo esencial es que por coherenciay ejemplaridad ha dimitido\u201d.<\/p>\n\n\n\n<p class=\"wp-block-paragraph\">Como deben saber, tras una pregunta siempre se genera otra, y de esta se derivauna larga lista: \u00bfdimiti\u00f3 o fue un cese adornado de gloria tras un \u201c\u00c1nimo, s\u00e9 fuerte\u201d? \u00bfLo hubiese hecho si la oposici\u00f3n no lo pide en redes sociales? \u00bfPor qu\u00e9 la alcaldesa no lo ces\u00f3 fulminantemente por cometer un delito penal con coche oficial y chulearle a la autoridad que lo par\u00f3 porque vio que era un peligro para el resto de la ciudadan\u00eda? Si hubiese sido la Polic\u00eda Local quien ve el coche oficial, \u00bflo hubiese parado, le habr\u00eda hecho soplar, nos habr\u00edamos enterado de algo? \u00bfCu\u00e1ntos coches oficiales hay en el ayuntamiento? \u00bfIba en coche oficial porque estaba controlando la m\u00fasica o que no diesen garraf\u00f3n en las casetas?\u00bfCu\u00e1ntas \u201ccopillas de m\u00e1s\u201d hay que beberse para que deje de ser un error y dar 0,75 miligramos de alcohol por litro de aire espirado, teniendo en cuenta el corpach\u00f3n y aguante que debe tener el concejal rockero? \u00bfTendr\u00e1 trato de favor durante el juicio? \u00bfQu\u00e9 ser\u00e1 ahora de su carrera profesional y la de tantos promotores de conciertos y m\u00fasicos?\u00bfPensar\u00e1n las gacelas del CSIC y los vecinos que aguantaron el Dreambeach que existe el karma?<\/p>\n\n\n\n<p class=\"wp-block-paragraph\">Preguntas que, por desgracia, tendr\u00e1n respuestas diferentes seg\u00fan la afinidad pol\u00edtica y la amistad y simpat\u00eda al concejal, pero que abrir\u00e1n, despu\u00e9s del \u201cy t\u00fa m\u00e1s\u201d, otros muchos debates para distraer al personal: \u00bfTratan la Polic\u00eda Local y la justicia a todos por igual? Si quieren que la gente no conduzca bebida, \u00bfpor qu\u00e9 no se sanciona hasta los 0,26 mg\/l? \u00bfPor qu\u00e9 esta droga es legal y otras no? \u00bfEs solo cuesti\u00f3n de ingresos? \u00bfEs \u00e9tico justificar los delitos penales de una persona que pone en peligro a todos por los aciertos profesionales que se le atribuyan o lo simp\u00e1tico que caiga? \u00bfSe puede cancelar a un gran profesional por sus ideas y actos? \u00bfEs solo la m\u00fasica cultura, o es la que m\u00e1s beneficios genera?<\/p>\n\n\n\n<p class=\"wp-block-paragraph\">Podr\u00edamos estar debatiendo durante d\u00edas, y con las elecciones municipales a la vista, estoy seguro de que este eclipse de la feria saldr\u00e1 a relucir m\u00e1s de una vez. Y ya puestos a jugar con las coincidencias astron\u00f3micas, me gustar\u00eda recordar que el mismo d\u00eda que el concejal fue defenestrado de la pol\u00edtica municipal, se cumpl\u00edan 20 a\u00f1os desde que a Plut\u00f3n, dios del inframundo, se le relegase de categor\u00eda y pasase de ser el noveno planeta del sistema solar a un planeta menor, secundario y casi invisible. Las diferencias son que Plut\u00f3n no hizo nada para merecerlo y sigue en el mismo lugar.<\/p>\n\n\n\n<p class=\"wp-block-paragraph\"><\/p>\n","protected":false},"excerpt":{"rendered":"<p>Mois\u00e9s S. Palmero Aranda es Educador Ambiental Es una pena, porque este a\u00f1o la feria&#8230;<\/p>\n","protected":false},"author":26,"featured_media":42938,"comment_status":"open","ping_status":"open","sticky":false,"template":"","format":"standard","meta":{"advanced_seo_description":"","jetpack_seo_html_title":"","jetpack_seo_noindex":false,"jetpack_seo_schema_type":"","_jetpack_newsletter_access":"","_jetpack_dont_email_post_to_subs":false,"_jetpack_newsletter_tier_id":0,"_jetpack_memberships_contains_paywalled_content":false,"_jetpack_feature_clip_id":0,"_jetpack_memberships_contains_paid_content":false,"footnotes":"","jetpack_post_was_ever_published":false},"categories":[42],"tags":[],"class_list":["post-75648","post","type-post","status-publish","format-standard","has-post-thumbnail","hentry","category-opinion"],"jetpack_sharing_enabled":true,"jetpack-related-posts":[],"amp_enabled":true,"jetpack_featured_media_url":"https:\/\/lagacetadealmeria.com\/wp-content\/uploads\/2025\/12\/Moi-Palmero-Aranda-articulista.jpg","_links":{"self":[{"href":"https:\/\/lagacetadealmeria.com\/index.php?rest_route=\/wp\/v2\/posts\/75648","targetHints":{"allow":["GET"]}}],"collection":[{"href":"https:\/\/lagacetadealmeria.com\/index.php?rest_route=\/wp\/v2\/posts"}],"about":[{"href":"https:\/\/lagacetadealmeria.com\/index.php?rest_route=\/wp\/v2\/types\/post"}],"author":[{"embeddable":true,"href":"https:\/\/lagacetadealmeria.com\/index.php?rest_route=\/wp\/v2\/users\/26"}],"replies":[{"embeddable":true,"href":"https:\/\/lagacetadealmeria.com\/index.php?rest_route=%2Fwp%2Fv2%2Fcomments&post=75648"}],"version-history":[{"count":1,"href":"https:\/\/lagacetadealmeria.com\/index.php?rest_route=\/wp\/v2\/posts\/75648\/revisions"}],"predecessor-version":[{"id":75651,"href":"https:\/\/lagacetadealmeria.com\/index.php?rest_route=\/wp\/v2\/posts\/75648\/revisions\/75651"}],"wp:featuredmedia":[{"embeddable":true,"href":"https:\/\/lagacetadealmeria.com\/index.php?rest_route=\/wp\/v2\/media\/42938"}],"wp:attachment":[{"href":"https:\/\/lagacetadealmeria.com\/index.php?rest_route=%2Fwp%2Fv2%2Fmedia&parent=75648"}],"wp:term":[{"taxonomy":"category","embeddable":true,"href":"https:\/\/lagacetadealmeria.com\/index.php?rest_route=%2Fwp%2Fv2%2Fcategories&post=75648"},{"taxonomy":"post_tag","embeddable":true,"href":"https:\/\/lagacetadealmeria.com\/index.php?rest_route=%2Fwp%2Fv2%2Ftags&post=75648"}],"curies":[{"name":"wp","href":"https:\/\/api.w.org\/{rel}","templated":true}]}}