{"id":75659,"date":"2026-08-31T21:41:30","date_gmt":"2026-08-31T21:41:30","guid":{"rendered":"https:\/\/lagacetadealmeria.com\/?p=75659"},"modified":"2026-08-31T21:41:31","modified_gmt":"2026-08-31T21:41:31","slug":"el-psoe-califica-la-feria-de-almeria-como-la-del-ruido-la-improvisacion-y-el-amiguismo-y-denuncia-la-decadencia-de-la-gestion-del-pp","status":"publish","type":"post","link":"https:\/\/lagacetadealmeria.com\/?p=75659","title":{"rendered":"El PSOE califica la Feria de Almer\u00eda como \u00abla del ruido, la improvisaci\u00f3n y el amiguismo\u00bb y denuncia la \u00abdecadencia\u00bb de la gesti\u00f3n del PP"},"content":{"rendered":"\n<p class=\"wp-block-paragraph\">Ruano censura el \u00abtriunfalismo\u00bb del equipo de Gobierno, critica el gasto de un mill\u00f3n de euros en la portada mientras se suben los impuestos municipales<\/p>\n\n\n\n<p class=\"wp-block-paragraph\">El concejal del Grupo Municipal Socialista en el Ayuntamiento de Almer\u00eda, Antonio Ruano, ha realizado hoy un balance muy cr\u00edtico de la Feria de Almer\u00eda que acaba de concluir, calific\u00e1ndola como la feria de la desorganizaci\u00f3n, el ruido y la falta de participaci\u00f3n. Ruano ha lamentado la actitud \u00abtriunfalista\u00bb del Partido Popular al intentar vender un \u00e9xito inexistente en una edici\u00f3n que, a su juicio, ha sido deficitaria en el inter\u00e9s hacia la Semana Grande y ha evidenciado el desapego del equipo de Gobierno con las tradiciones de la ciudad.<\/p>\n\n\n\n<p class=\"wp-block-paragraph\">Para el PSOE, la falta de planificaci\u00f3n del equipo de Gobierno ha sido flagrante, revelando que el pasado 14 de agosto \u2014a escasos d\u00edas del inicio de las fiestas\u2014 el Ayuntamiento a\u00fan se encontraba realizando licitaciones de las casetas, obligando a los caseteros a montar sin contar con la autorizaci\u00f3n formal. Adem\u00e1s, ha denunciado un cambio por sorpresa en la ubicaci\u00f3n de los puestos que contraven\u00eda el pliego de condiciones de hace cinco a\u00f1os, perjudicando directamente a los feriantes.<\/p>\n\n\n\n<p class=\"wp-block-paragraph\">Asimismo, el edil ha tachado esta edici\u00f3n como la feria del amiguismo debido al agravio comparativo en el control del ruido, ya que mientras a las casetas tradicionales y juveniles se les oblig\u00f3 a orientar el sonido hacia el r\u00edo con limitaciones estrictas de 100 decibelios, a los promotores del festival Cooltural Fest se les permiti\u00f3 orientar la m\u00fasica hacia el propio recinto ferial, contraviniendo las indicaciones municipales y sin contar con un limitador real de sonido, lo que caus\u00f3 graves perjuicios ac\u00fasticos a los peque\u00f1os promotores de la noche. Es m\u00e1s, determinados concejales del equipo de gobierno han disfrutado de una tarjeta con saldo de 200 euros para gastar en el festival.<\/p>\n\n\n\n<p class=\"wp-block-paragraph\">Ruano tambi\u00e9n ha criticado la falta de aparcamiento para los trabajadores del recinto, lo que provoc\u00f3 que un casetero sufriera un atraco de madrugada al tener que desplazarse lejos para recoger su veh\u00edculo, dado que el espacio habitual estaba reservado para determinadas autoridades.<\/p>\n\n\n\n<p class=\"wp-block-paragraph\">Uno de los puntos m\u00e1s cr\u00edticos del balance socialista se ha centrado en el gasto de las fiestas, cuestionando abiertamente si es de recibo que el Ayuntamiento haya gastado un mill\u00f3n de euros del dinero de los almerienses en una portada de feria hecha con tableros de aglomerado que ya presentan desperfectos visibles. El concejal ha censurado que, al mismo tiempo, la alcaldesa haya subido impuestos de servicios b\u00e1sicos como el agua, la contribuci\u00f3n, las instalaciones deportivas y los cementerios para luego realizar un reparto presupuestario tan poco solidario y responsable. Respecto al reparto de los tradicionales abanicos, el concejal ha recordado que el PP acept\u00f3 la propuesta del PSOE de aumentar la tirada, que este a\u00f1o ha sido de 35.000 unidades, pero ha calificado la distribuci\u00f3n de desastrosa y p\u00e9sima, criticando las interminables colas al sol impuestas a los ciudadanos y el maltrato manifiesto a las asociaciones de vecinos y de mujeres, a las que apenas se les facilitaron 20 unidades que incluso tuvieron que ser sorteadas entre los miembros de sus juntas directivas.<\/p>\n\n\n\n<p class=\"wp-block-paragraph\">El PSOE tambi\u00e9n ha desmontado el discurso de la feria inclusiva del Partido Popular, calificando de an\u00e9cdota de cara a la galer\u00eda limitar la inclusi\u00f3n a una merienda de dos horas para personas con discapacidad en una caseta municipal ruidosa \u2014donde adem\u00e1s algunas asociaciones se quedaron sin comida por falta de previsi\u00f3n\u2014 y a solo dos horas de sonido bajo en las atracciones. Ruano ha defendido que una feria inclusiva de verdad debe cuidar el hilo musical y lum\u00ednico durante toda la noche para que todas las familias puedan disfrutar en igualdad. Por otra parte, el concejal ha calificado de muy grave la falta de medidas de seguridad sanitaria en eventos multitudinarios organizados por el consistorio, denunciando que el Festival Internacional de los Pueblos Ib\u00e9ricos carec\u00eda de ambulancia y de un desfibrilador cercano, lo que oblig\u00f3 a los testigos de un infarto sufrido por un artista en el escenario a buscar reanimaci\u00f3n improvisada y un desfibrilador lejos de la zona porque el Ayuntamiento no dot\u00f3 al evento de cobertura sanitaria.<\/p>\n\n\n\n<p class=\"wp-block-paragraph\">Como balance final, el Grupo Socialista concluye que, si se resta el impacto del festival Cooltural Fest, la decadencia del recinto ferial es absoluta, con un espacio desaprovechado y una p\u00e9rdida constante de familias tanto a mediod\u00eda como por la noche debido a la escalada de precios que sufren los feriantes y que repercute en los ciudadanos, sumado a la decepci\u00f3n de no haber sabido aprovechar el Paseo de Almer\u00eda como eje vertebrador de la Feria del Mediod\u00eda a pesar de sus obras. Para Ruano, esta feria es el fiel reflejo de la decadencia de un Partido Popular que lo da todo por hecho en el Ayuntamiento, que no se esfuerza y que ha renunciado a ofrecer a los almerienses la feria que se merecen, por lo que ha hecho un llamamiento a los ciudadanos para reivindicar unas fiestas que innoven pero que respeten y recuperen las tradiciones y la identidad que se han perdido.<\/p>\n\n\n\n<figure class=\"wp-block-image size-full\"><img fetchpriority=\"high\" decoding=\"async\" width=\"700\" height=\"525\" src=\"https:\/\/lagacetadealmeria.com\/wp-content\/uploads\/2026\/08\/PSOE-Almeria-concejal-Antonio-Ruano.jpg\" alt=\"\" class=\"wp-image-75660\" srcset=\"https:\/\/lagacetadealmeria.com\/wp-content\/uploads\/2026\/08\/PSOE-Almeria-concejal-Antonio-Ruano.jpg 700w, https:\/\/lagacetadealmeria.com\/wp-content\/uploads\/2026\/08\/PSOE-Almeria-concejal-Antonio-Ruano-300x225.jpg 300w\" sizes=\"(max-width: 700px) 100vw, 700px\" \/><\/figure>\n","protected":false},"excerpt":{"rendered":"<p>Ruano censura el \u00abtriunfalismo\u00bb del equipo de Gobierno, critica el gasto de un mill\u00f3n de&#8230;<\/p>\n","protected":false},"author":12,"featured_media":75660,"comment_status":"open","ping_status":"open","sticky":false,"template":"","format":"standard","meta":{"advanced_seo_description":"","jetpack_seo_html_title":"","jetpack_seo_noindex":false,"jetpack_seo_schema_type":"","_jetpack_newsletter_access":"","_jetpack_dont_email_post_to_subs":false,"_jetpack_newsletter_tier_id":0,"_jetpack_memberships_contains_paywalled_content":false,"_jetpack_feature_clip_id":0,"_jetpack_memberships_contains_paid_content":false,"footnotes":"","jetpack_post_was_ever_published":false},"categories":[22],"tags":[],"class_list":["post-75659","post","type-post","status-publish","format-standard","has-post-thumbnail","hentry","category-almeria"],"jetpack_sharing_enabled":true,"jetpack-related-posts":[],"amp_enabled":true,"jetpack_featured_media_url":"https:\/\/lagacetadealmeria.com\/wp-content\/uploads\/2026\/08\/PSOE-Almeria-concejal-Antonio-Ruano.jpg","_links":{"self":[{"href":"https:\/\/lagacetadealmeria.com\/index.php?rest_route=\/wp\/v2\/posts\/75659","targetHints":{"allow":["GET"]}}],"collection":[{"href":"https:\/\/lagacetadealmeria.com\/index.php?rest_route=\/wp\/v2\/posts"}],"about":[{"href":"https:\/\/lagacetadealmeria.com\/index.php?rest_route=\/wp\/v2\/types\/post"}],"author":[{"embeddable":true,"href":"https:\/\/lagacetadealmeria.com\/index.php?rest_route=\/wp\/v2\/users\/12"}],"replies":[{"embeddable":true,"href":"https:\/\/lagacetadealmeria.com\/index.php?rest_route=%2Fwp%2Fv2%2Fcomments&post=75659"}],"version-history":[{"count":1,"href":"https:\/\/lagacetadealmeria.com\/index.php?rest_route=\/wp\/v2\/posts\/75659\/revisions"}],"predecessor-version":[{"id":75662,"href":"https:\/\/lagacetadealmeria.com\/index.php?rest_route=\/wp\/v2\/posts\/75659\/revisions\/75662"}],"wp:featuredmedia":[{"embeddable":true,"href":"https:\/\/lagacetadealmeria.com\/index.php?rest_route=\/wp\/v2\/media\/75660"}],"wp:attachment":[{"href":"https:\/\/lagacetadealmeria.com\/index.php?rest_route=%2Fwp%2Fv2%2Fmedia&parent=75659"}],"wp:term":[{"taxonomy":"category","embeddable":true,"href":"https:\/\/lagacetadealmeria.com\/index.php?rest_route=%2Fwp%2Fv2%2Fcategories&post=75659"},{"taxonomy":"post_tag","embeddable":true,"href":"https:\/\/lagacetadealmeria.com\/index.php?rest_route=%2Fwp%2Fv2%2Ftags&post=75659"}],"curies":[{"name":"wp","href":"https:\/\/api.w.org\/{rel}","templated":true}]}}