{"id":75663,"date":"2026-08-31T21:45:58","date_gmt":"2026-08-31T21:45:58","guid":{"rendered":"https:\/\/lagacetadealmeria.com\/?p=75663"},"modified":"2026-08-31T21:45:59","modified_gmt":"2026-08-31T21:45:59","slug":"cortes-de-trafico-por-obras-de-asfaltado-en-avda-padre-mendez-y-gregorio-maranon-centro","status":"publish","type":"post","link":"https:\/\/lagacetadealmeria.com\/?p=75663","title":{"rendered":"CORTES DE TR\u00c1FICO POR OBRAS DE ASFALTADO EN AVDA. PADRE M\u00c9NDEZ Y GREGORIO MARA\u00d1\u00d3N (CENTRO)"},"content":{"rendered":"\n<p class=\"wp-block-paragraph\">El Ayuntamiento de Almer\u00eda informa de las afectaciones al tr\u00e1fico rodado que se producir\u00e1n del 1 al 4 y del 3 al 8 de septiembre, de 7.00 a 16.00 horas, por obras de asfaltado en la Avenida Padre M\u00e9ndez y en la calle Gregorio Mara\u00f1\u00f3n, respectivamente.<\/p>\n\n\n\n<p class=\"wp-block-paragraph\">Durante la ejecuci\u00f3n de los trabajos, que llevar\u00e1 a cabo la empresa \u2018Nila\u2019 a trav\u00e9s del contrato de servicios de mantenimiento de las v\u00edas y espacios p\u00fablicos, se mantendr\u00e1 el corte total del tr\u00e1fico, salvo para el transporte colectivo urbano (autobuses) y los servicios de emergencia.<\/p>\n\n\n\n<p class=\"wp-block-paragraph\">Fuera del horario laboral se procurar\u00e1 mantener operativos todos los carriles habituales de circulaci\u00f3n, quedando acotada exclusivamente la zona imprescindible para el acopio de materiales y maquinaria.<\/p>\n\n\n\n<p class=\"wp-block-paragraph\"><strong><u>AVENIDA PADRE M\u00c9NDEZ<\/u><\/strong><\/p>\n\n\n\n<p class=\"wp-block-paragraph\">\u2022 Fresado: Del 01 al 03 de Septiembre 2026.<\/p>\n\n\n\n<p class=\"wp-block-paragraph\">\u2022 Asfaltado: Del 03 al 04 de Septiembre 2026.<\/p>\n\n\n\n<p class=\"wp-block-paragraph\"><strong><u>DR. GREGORIO MARA\u00d1ON<\/u><\/strong><\/p>\n\n\n\n<p class=\"wp-block-paragraph\">\u2022 Fresado: Del 03 al 07 de Septiembre 2026.<\/p>\n\n\n\n<p class=\"wp-block-paragraph\">\u2022 Asfaltado: Del 07 al 08 de Septiembre 2026.<\/p>\n","protected":false},"excerpt":{"rendered":"<p>El Ayuntamiento de Almer\u00eda informa de las afectaciones al tr\u00e1fico rodado que se producir\u00e1n del&#8230;<\/p>\n","protected":false},"author":12,"featured_media":53980,"comment_status":"open","ping_status":"open","sticky":false,"template":"","format":"standard","meta":{"advanced_seo_description":"","jetpack_seo_html_title":"","jetpack_seo_noindex":false,"jetpack_seo_schema_type":"","_jetpack_newsletter_access":"","_jetpack_dont_email_post_to_subs":false,"_jetpack_newsletter_tier_id":0,"_jetpack_memberships_contains_paywalled_content":false,"_jetpack_feature_clip_id":0,"_jetpack_memberships_contains_paid_content":false,"footnotes":"","jetpack_post_was_ever_published":false},"categories":[22],"tags":[],"class_list":["post-75663","post","type-post","status-publish","format-standard","has-post-thumbnail","hentry","category-almeria"],"jetpack_sharing_enabled":true,"jetpack-related-posts":[],"amp_enabled":true,"jetpack_featured_media_url":"https:\/\/lagacetadealmeria.com\/wp-content\/uploads\/2026\/01\/TRAFICO-DE-ENTRADA-Y-SALIDA-POR-VIA-PARQUE-CRUCE-CALLE-GENERAL-TAMAYO-CON-PASEO-DE-ALMERIA.jpg","_links":{"self":[{"href":"https:\/\/lagacetadealmeria.com\/index.php?rest_route=\/wp\/v2\/posts\/75663","targetHints":{"allow":["GET"]}}],"collection":[{"href":"https:\/\/lagacetadealmeria.com\/index.php?rest_route=\/wp\/v2\/posts"}],"about":[{"href":"https:\/\/lagacetadealmeria.com\/index.php?rest_route=\/wp\/v2\/types\/post"}],"author":[{"embeddable":true,"href":"https:\/\/lagacetadealmeria.com\/index.php?rest_route=\/wp\/v2\/users\/12"}],"replies":[{"embeddable":true,"href":"https:\/\/lagacetadealmeria.com\/index.php?rest_route=%2Fwp%2Fv2%2Fcomments&post=75663"}],"version-history":[{"count":1,"href":"https:\/\/lagacetadealmeria.com\/index.php?rest_route=\/wp\/v2\/posts\/75663\/revisions"}],"predecessor-version":[{"id":75665,"href":"https:\/\/lagacetadealmeria.com\/index.php?rest_route=\/wp\/v2\/posts\/75663\/revisions\/75665"}],"wp:featuredmedia":[{"embeddable":true,"href":"https:\/\/lagacetadealmeria.com\/index.php?rest_route=\/wp\/v2\/media\/53980"}],"wp:attachment":[{"href":"https:\/\/lagacetadealmeria.com\/index.php?rest_route=%2Fwp%2Fv2%2Fmedia&parent=75663"}],"wp:term":[{"taxonomy":"category","embeddable":true,"href":"https:\/\/lagacetadealmeria.com\/index.php?rest_route=%2Fwp%2Fv2%2Fcategories&post=75663"},{"taxonomy":"post_tag","embeddable":true,"href":"https:\/\/lagacetadealmeria.com\/index.php?rest_route=%2Fwp%2Fv2%2Ftags&post=75663"}],"curies":[{"name":"wp","href":"https:\/\/api.w.org\/{rel}","templated":true}]}}