{"id":75666,"date":"2026-08-31T22:01:20","date_gmt":"2026-08-31T22:01:20","guid":{"rendered":"https:\/\/lagacetadealmeria.com\/?p=75666"},"modified":"2026-08-31T22:01:22","modified_gmt":"2026-08-31T22:01:22","slug":"el-ayuntamiento-destaca-la-organizacion-participacion-seguridad-y-civismo-de-una-feria-2026-que-almeria-ha-hecho-suya","status":"publish","type":"post","link":"https:\/\/lagacetadealmeria.com\/?p=75666","title":{"rendered":"El Ayuntamiento destaca la \u201corganizaci\u00f3n, participaci\u00f3n, seguridad y civismo\u201d de una Feria 2026 que \u201cAlmer\u00eda ha hecho suya\u201d"},"content":{"rendered":"\n<p class=\"wp-block-paragraph\"><strong>Elo\u00edsa Cabrera hace balance de nueve d\u00edas de Feria \u201ccon un magn\u00edfico ambiente\u201d y pone en valor el \u00e9xito de novedades como la nueva portada, la recuperaci\u00f3n del Paseo como eje del mediod\u00eda, la nueva distribuci\u00f3n del recinto y el sistema de control ac\u00fastico<\/strong><\/p>\n\n\n\n<figure class=\"wp-block-audio\"><audio controls src=\"https:\/\/lagacetadealmeria.com\/wp-content\/uploads\/2026\/08\/CORTE-ELOISA-CABRERA.mp3\"><\/audio><\/figure>\n\n\n\n<figure class=\"wp-block-audio\"><audio controls src=\"https:\/\/lagacetadealmeria.com\/wp-content\/uploads\/2026\/08\/CORTE-ALCALDESA-1.mp3\"><\/audio><\/figure>\n\n\n\n<p class=\"wp-block-paragraph\"><strong>Trabaja ya en la Feria de 2027, que contar\u00e1 con una nueva Ordenanza y una nueva ordenaci\u00f3n del recinto, e invita a colectivos, instituciones, empresas y grupos pol\u00edticos a \u201csumar y participar activamente para una Feria todav\u00eda m\u00e1s grande\u201d<\/strong><\/p>\n\n\n\n<p class=\"wp-block-paragraph\">Una Feria \u201corganizada, muy participativa, segura, c\u00edvica, limpia y con muy buen ambiente\u201d. As\u00ed ha resumido la concejal de Urbanismo, Vivienda y Fiestas Mayores, Elo\u00edsa Cabrera, la Feria y Fiestas de Almer\u00eda 2026, de la que hoy ha realizado balance acompa\u00f1ada por la concejal de Familia, Inclusi\u00f3n e Igualdad, Paola Laynez, destacando la respuesta ciudadana, el funcionamiento de las principales novedades incorporadas este a\u00f1o y el trabajo transversal desarrollado durante meses por el conjunto de los servicios municipales.<\/p>\n\n\n\n<p class=\"wp-block-paragraph\">Un balance que el Ayuntamiento realiza \u201cdesde la satisfacci\u00f3n, pero no desde el conformismo\u201d, entendiendo que el importante esfuerzo organizativo realizado ha tenido \u201cuna respuesta y un reflejo muy positivo en la calle\u201d durante nueve d\u00edas en los que miles de almerienses y visitantes han participado de las m\u00e1s de 150 actividades programadas y han llenado tanto el centro de la ciudad como el Recinto Ferial.<\/p>\n\n\n\n<p class=\"wp-block-paragraph\">Cabrera ha querido comenzar agradeciendo expresamente el trabajo de Polic\u00eda Local, Bomberos, Protecci\u00f3n Civil, Fuerzas y Cuerpos de Seguridad, servicios sanitarios, limpieza, movilidad, mantenimiento y del conjunto de empleados y \u00e1reas municipales implicadas, adem\u00e1s de feriantes, hosteleros, caseteros, asociaciones y colectivos. \u201cDetr\u00e1s de la Feria hay miles de horas de trabajo y muchas personas que no se ven, pero que hacen posible que los dem\u00e1s podamos disfrutar\u201d, ha subrayado.<\/p>\n\n\n\n<p class=\"wp-block-paragraph\">Especialmente significativo ha sido, a juicio de la responsable municipal, el comportamiento de los almerienses, que han participado masivamente desde \u201cel civismo, la convivencia y el respeto\u201d, contribuyendo decisivamente a que la Feria haya transcurrido con normalidad y muy pocos incidentes relevantes.<\/p>\n\n\n\n<p class=\"wp-block-paragraph\"><strong>Una organizaci\u00f3n transversal<\/strong><\/p>\n\n\n\n<p class=\"wp-block-paragraph\">La edil ha insistido en que una Feria de las dimensiones de la de Almer\u00eda \u201cno la organiza \u00fanicamente el \u00c1rea de Fiestas Mayores\u201d, sino que responde a un trabajo transversal de pr\u00e1cticamente todo el Ayuntamiento, que comienza muchos meses antes y exige planificaci\u00f3n, coordinaci\u00f3n y capacidad de reacci\u00f3n durante los nueve d\u00edas de celebraci\u00f3n.<\/p>\n\n\n\n<p class=\"wp-block-paragraph\">\u201cLa responsabilidad principal que tenemos como equipo de gobierno es que la Feria sea segura y los datos que tenemos confirman que ha sido una Feria muy tranquila y una de las m\u00e1s seguras de los \u00faltimos a\u00f1os\u201d, ha explicado Cabrera, destacando igualmente la ausencia de problemas significativos de tr\u00e1fico, seguridad o convivencia.<\/p>\n\n\n\n<p class=\"wp-block-paragraph\"><strong>El Paseo y la nueva portada, entre los grandes aciertos<\/strong><\/p>\n\n\n\n<p class=\"wp-block-paragraph\">Como parte del \u00e9xito han sido, seg\u00fan Cabrera. las novedades de esta edici\u00f3n, especialmente la recuperaci\u00f3n del Paseo de Almer\u00eda como gran eje vertebrador de la Feria del Mediod\u00eda, una vez pr\u00e1cticamente culminada su remodelaci\u00f3n. Un espacio que durante estos d\u00edas ha vuelto a llenarse de actividad, convivencia y ambiente festivo y que, ornamentado con m\u00e1s de 60.000 farolillos, ha recuperado plenamente su protagonismo dentro de la Feria. \u201cEl Paseo ha aprobado con sobresaliente\u201d, ha resumido Cabrera, quien ha considerado que su recuperaci\u00f3n constituye una de las im\u00e1genes m\u00e1s representativas que deja la Feria de 2026.<\/p>\n\n\n\n<p class=\"wp-block-paragraph\">Igualmente positiva ha sido la acogida de la nueva portada del Recinto Ferial, inspirada en la Casa de las Mariposas y estrenada este a\u00f1o en el que ser\u00e1 ya su emplazamiento definitivo. Una nueva ubicaci\u00f3n que se ha acompa\u00f1ado de cambios en la distribuci\u00f3n del recinto, dirigidos a ordenar mejor los usos, facilitar los desplazamientos y mejorar tanto la experiencia de los visitantes como las condiciones de quienes trabajan en \u00e9l.<\/p>\n\n\n\n<p class=\"wp-block-paragraph\">A ello se suma el incremento de las casetas tradicionales, cuya estructura ha sido sufragada este a\u00f1o por el Ayuntamiento como medida de apoyo a un modelo que el equipo de gobierno quiere potenciar por entender que constituye una parte esencial de la identidad de la Feria de Almer\u00eda.<\/p>\n\n\n\n<p class=\"wp-block-paragraph\">Tambi\u00e9n ha resultado satisfactoria la implantaci\u00f3n, por primera vez, del sistema inteligente de control ac\u00fastico, que ha permitido monitorizar y corregir en tiempo real los niveles de sonido del recinto. Cabrera ha destacado la interlocuci\u00f3n mantenida diariamente con los vecinos de La Goleta y el funcionamiento de una herramienta que ha permitido compatibilizar mejor el derecho al descanso con el ocio propio de estas fechas<\/p>\n\n\n\n<p class=\"wp-block-paragraph\"><strong>M\u00e1s transporte p\u00fablico, turismo y actividad<\/strong><\/p>\n\n\n\n<p class=\"wp-block-paragraph\">La elevada participaci\u00f3n tiene tambi\u00e9n su reflejo en los datos. El transporte p\u00fablico urbano ha contabilizado durante la Feria 142.077 usuarios, frente a los 128.090 de 2025. Son 13.987 viajeros m\u00e1s y un incremento del 10,92%.<\/p>\n\n\n\n<p class=\"wp-block-paragraph\">Tambi\u00e9n crecen de forma significativa los indicadores tur\u00edsticos. La Oficina Municipal de Turismo ha atendido a 1.404 personas, frente a las 635 del pasado a\u00f1o, m\u00e1s del doble. La ocupaci\u00f3n hotelera media se ha situado en el 88%, tres puntos porcentuales por encima de 2025, alcanzando algunos establecimientos cifras del 97 y 98%.<\/p>\n\n\n\n<p class=\"wp-block-paragraph\">Unos resultados que, seg\u00fan Cabrera, permiten dimensionar la Feria \u201cno solamente como celebraci\u00f3n, sino tambi\u00e9n como actividad econ\u00f3mica, turismo, hosteler\u00eda, comercio, movilidad y promoci\u00f3n de nuestra ciudad\u201d.<\/p>\n\n\n\n<p class=\"wp-block-paragraph\"><strong>M\u00e1s de 124.000 kilos de residuos recogidos<\/strong><\/p>\n\n\n\n<p class=\"wp-block-paragraph\">El dispositivo extraordinario de limpieza ha contado con 75 trabajadores y 35 m\u00e1quinas, adem\u00e1s de 170 contenedores distribuidos entre el centro y el Recinto Ferial y m\u00e1s de 300 papeleras, multiplicando por ocho las existentes en 2025. Las papeleras han sido revisadas y vaciadas m\u00e1s de 7.500 veces, se han baldeado m\u00e1s de 500.000 metros cuadrados y se han recogido aproximadamente 124.500 kilos de residuos, una cantidad que se incrementar\u00e1 cuando concluya el desmontaje y pueda realizarse la limpieza completa del Recinto Ferial.<\/p>\n\n\n\n<p class=\"wp-block-paragraph\">Cabrera ha agradecido en este sentido tanto el esfuerzo de los servicios municipales como la colaboraci\u00f3n ciudadana dentro de la campa\u00f1a \u2018Vive, Disfruta y Cuida Almer\u00eda\u2019, considerando que \u201cdisfrutar de la Feria significa tambi\u00e9n cuidar nuestra ciudad\u201d.<\/p>\n\n\n\n<p class=\"wp-block-paragraph\"><strong>Participaci\u00f3n masiva en la programaci\u00f3n<\/strong><\/p>\n\n\n\n<p class=\"wp-block-paragraph\">El balance municipal recoge igualmente una ampl\u00edsima participaci\u00f3n en las actividades culturales, deportivas, familiares, inclusivas, gastron\u00f3micas y musicales.<\/p>\n\n\n\n<p class=\"wp-block-paragraph\">Las 45 competiciones deportivas, correspondientes a 24 modalidades, han reunido a m\u00e1s de 6.000 participantes y 11.500 espectadores; m\u00e1s de 2.000 ni\u00f1os y ni\u00f1as han participado en los Juegos Infantiles e Inclusivos; el IV Encuentro de Gastronom\u00eda Almeriense ha superado el millar de asistentes; y la 34\u00aa edici\u00f3n de Alfaralmer\u00eda ha registrado una importante respuesta de p\u00fablico y ventas, seg\u00fan han trasladado los ceramistas,&nbsp; una treintena, participantes en esta edici\u00f3n.<\/p>\n\n\n\n<p class=\"wp-block-paragraph\">La Batalla de Flores reuni\u00f3 a 750 participantes, 14 carrozas, cuatro pasacalles y once grupos folcl\u00f3ricos, repartiendo 30.000 claveles, mientras que la programaci\u00f3n musical ha tenido igualmente una extraordinaria respuesta. Cooltural Fest super\u00f3 los 60.000 asistentes, a los que se suman, entre otras propuestas, los 4.000 espectadores del concierto de \u00c1lvaro de Luna y los 1.500 asistentes a la actuaci\u00f3n de la OCAL, entre otros datos.<\/p>\n\n\n\n<p class=\"wp-block-paragraph\">En el \u00e1mbito de Familia, Inclusi\u00f3n e Igualdad, junto a los m\u00e1s de 2.000 participantes en los Juegos Infantiles e Inclusivos, alrededor de 1.000 personas asistieron al Homenaje a la Mujer, otras 1.000 al Homenaje al Mayor, 500 a \u2018Feria a Tu Ritmo\u2019, 1.000 al Festival de Copla y 250 participaron en \u2018Almer\u00eda Baila en Feria\u2019. Tambi\u00e9n ha resultado un \u00e9xito organizativo y de participaci\u00f3n \u2018Orgullo de Feria\u2019, consolidada en el programa de Feria con solo dos ediciones celebradas.<\/p>\n\n\n\n<p class=\"wp-block-paragraph\"><strong>\u201cLa Feria tenemos que hacerla entre todos\u201d<\/strong><\/p>\n\n\n\n<p class=\"wp-block-paragraph\">M\u00e1s all\u00e1 de los datos, Cabrera ha querido hacer especial hincapi\u00e9 en la necesidad de entender la Feria como un proyecto colectivo de ciudad. \u201cLa responsabilidad de organizarla y de que funcione bien corresponde al equipo de gobierno, pero la Feria tenemos que hacerla entre todos\u201d, ha se\u00f1alado, invitando a almerienses, asociaciones, colectivos, instituciones, empresas y grupos pol\u00edticos a participar activamente en su construcci\u00f3n.<\/p>\n\n\n\n<p class=\"wp-block-paragraph\">En este sentido, ha recordado el esfuerzo realizado este a\u00f1o por el Ayuntamiento para favorecer la recuperaci\u00f3n de las casetas tradicionales, asumiendo incluso el coste de sus estructuras, y ha hecho un llamamiento para que esa apuesta encuentre cada vez mayor respuesta.<\/p>\n\n\n\n<p class=\"wp-block-paragraph\">\u201cSi queremos m\u00e1s casetas, m\u00e1s actividad y una Feria todav\u00eda mayor necesitamos que todos sumemos\u201d, ha explicado Cabrera, quien ha invitado tambi\u00e9n a los grupos pol\u00edticos a que su participaci\u00f3n no se limite a valorar o criticar posteriormente el desarrollo de la Feria, sino que \u201capuesten por ella, participen y est\u00e9n presentes tambi\u00e9n en el Recinto Ferial\u201d.<\/p>\n\n\n\n<p class=\"wp-block-paragraph\">La concejal ha insistido en que el Ayuntamiento est\u00e1 abierto a recibir propuestas y sugerencias de forma constructiva porque \u201ctodo es mejorable\u201d y porque el objetivo pasa por seguir haciendo crecer una Feria que debe responder a distintas generaciones, gustos y maneras de vivirla.<\/p>\n\n\n\n<p class=\"wp-block-paragraph\"><strong>La Feria de 2027 empieza hoy<\/strong><\/p>\n\n\n\n<p class=\"wp-block-paragraph\">De hecho, el Ayuntamiento trabaja ya en la edici\u00f3n de 2027, que incorporar\u00e1 importantes cambios en su organizaci\u00f3n. Entre ellos estar\u00e1 la elaboraci\u00f3n de una nueva Ordenanza de Feria y Fiestas, para la que el equipo de gobierno quiere buscar \u201cel m\u00e1ximo consenso\u201d con instituciones, grupos pol\u00edticos y sectores implicados.<\/p>\n\n\n\n<p class=\"wp-block-paragraph\">A ello se sumar\u00e1 una nueva ordenaci\u00f3n del Recinto Ferial, aprovechando la finalizaci\u00f3n del periodo de las actuales concesiones. Esta circunstancia obligar\u00e1 a preparar nuevas licitaciones tanto para los ambig\u00fas del centro como para las parcelas correspondientes a casetas y atracciones, ofreciendo la oportunidad de \u201cdibujar pr\u00e1cticamente un nuevo recinto\u201d y revisar el modelo tanto de la Feria del Mediod\u00eda como de la Feria de la Noche.<\/p>\n\n\n\n<p class=\"wp-block-paragraph\">Igualmente se continuar\u00e1 actuando sobre el propio Recinto Ferial con el nuevo vallado, cuyas obras comenzar\u00e1n pr\u00f3ximamente; el nuevo acceso asociado a la ubicaci\u00f3n definitiva de la portada; la incorporaci\u00f3n de c\u00e1maras de videovigilancia y otras actuaciones destinadas a ordenar y modernizar este espacio.<\/p>\n\n\n\n<p class=\"wp-block-paragraph\">\u201cLo que haya funcionado debemos consolidarlo y lo que sea mejorable debemos mejorarlo\u201d, ha resumido Cabrera, convencida de que las novedades de este a\u00f1o demuestran que \u201ccuando detr\u00e1s hay planificaci\u00f3n, coordinaci\u00f3n, escucha y trabajo, las mejoras funcionan\u201d.<\/p>\n\n\n\n<p class=\"wp-block-paragraph\">La responsable de Fiestas Mayores ha cerrado el balance agradeciendo nuevamente el comportamiento de los almerienses y el trabajo de cuantos han participado en la organizaci\u00f3n y desarrollo de estos nueve d\u00edas, incluidos los medios de comunicaci\u00f3n.<\/p>\n\n\n\n<p class=\"wp-block-paragraph\">\u201cEl \u00e9xito de una Feria no pertenece a un \u00e1rea municipal ni exclusivamente al Ayuntamiento. Es el resultado de una ciudad que participa, de unos servicios que funcionan y de much\u00edsimas personas trabajando de forma coordinada para que los dem\u00e1s puedan disfrutar\u201d, ha concluido Cabrera, emplazando ya a toda la ciudad a \u201csumar\u201d para hacer de la Feria de Almer\u00eda de 2027 una celebraci\u00f3n \u201ctodav\u00eda mejor y m\u00e1s grande\u201d.<\/p>\n\n\n\n<figure class=\"wp-block-gallery has-nested-images columns-default is-cropped wp-block-gallery-1 is-layout-flex wp-block-gallery-is-layout-flex\">\n<figure class=\"wp-block-image size-large\"><img fetchpriority=\"high\" decoding=\"async\" width=\"700\" height=\"494\" data-id=\"75670\" src=\"https:\/\/lagacetadealmeria.com\/wp-content\/uploads\/2026\/08\/BALANCE-FERIA-2026-Piraguismo-1.jpg\" alt=\"\" class=\"wp-image-75670\" srcset=\"https:\/\/lagacetadealmeria.com\/wp-content\/uploads\/2026\/08\/BALANCE-FERIA-2026-Piraguismo-1.jpg 700w, https:\/\/lagacetadealmeria.com\/wp-content\/uploads\/2026\/08\/BALANCE-FERIA-2026-Piraguismo-1-300x212.jpg 300w\" sizes=\"(max-width: 700px) 100vw, 700px\" \/><\/figure>\n\n\n\n<figure class=\"wp-block-image size-large\"><img decoding=\"async\" width=\"700\" height=\"467\" data-id=\"75671\" src=\"https:\/\/lagacetadealmeria.com\/wp-content\/uploads\/2026\/08\/BALANCE-FERIA-2026.jpg\" alt=\"\" class=\"wp-image-75671\" srcset=\"https:\/\/lagacetadealmeria.com\/wp-content\/uploads\/2026\/08\/BALANCE-FERIA-2026.jpg 700w, https:\/\/lagacetadealmeria.com\/wp-content\/uploads\/2026\/08\/BALANCE-FERIA-2026-300x200.jpg 300w\" sizes=\"(max-width: 700px) 100vw, 700px\" \/><\/figure>\n\n\n\n<figure class=\"wp-block-image size-large\"><img decoding=\"async\" width=\"700\" height=\"467\" data-id=\"75672\" src=\"https:\/\/lagacetadealmeria.com\/wp-content\/uploads\/2026\/08\/BALANCE-FERIA-2026-Eloisa-Cabrera-balance-feria-2026-3.jpg\" alt=\"\" class=\"wp-image-75672\" srcset=\"https:\/\/lagacetadealmeria.com\/wp-content\/uploads\/2026\/08\/BALANCE-FERIA-2026-Eloisa-Cabrera-balance-feria-2026-3.jpg 700w, https:\/\/lagacetadealmeria.com\/wp-content\/uploads\/2026\/08\/BALANCE-FERIA-2026-Eloisa-Cabrera-balance-feria-2026-3-300x200.jpg 300w\" sizes=\"(max-width: 700px) 100vw, 700px\" \/><\/figure>\n\n\n\n<figure class=\"wp-block-image size-large\"><img loading=\"lazy\" decoding=\"async\" width=\"700\" height=\"467\" data-id=\"75673\" src=\"https:\/\/lagacetadealmeria.com\/wp-content\/uploads\/2026\/08\/BALANCE-FERIA-2026-Eloisa-Cabrera-balance-feria-2026-2.jpg\" alt=\"\" class=\"wp-image-75673\" srcset=\"https:\/\/lagacetadealmeria.com\/wp-content\/uploads\/2026\/08\/BALANCE-FERIA-2026-Eloisa-Cabrera-balance-feria-2026-2.jpg 700w, https:\/\/lagacetadealmeria.com\/wp-content\/uploads\/2026\/08\/BALANCE-FERIA-2026-Eloisa-Cabrera-balance-feria-2026-2-300x200.jpg 300w\" sizes=\"(max-width: 700px) 100vw, 700px\" \/><\/figure>\n\n\n\n<figure class=\"wp-block-image size-large\"><img loading=\"lazy\" decoding=\"async\" width=\"700\" height=\"394\" data-id=\"75674\" src=\"https:\/\/lagacetadealmeria.com\/wp-content\/uploads\/2026\/08\/BALANCE-FERIA-2026-Encuentro-Indumentaria-Nijar-29.jpg\" alt=\"\" class=\"wp-image-75674\" srcset=\"https:\/\/lagacetadealmeria.com\/wp-content\/uploads\/2026\/08\/BALANCE-FERIA-2026-Encuentro-Indumentaria-Nijar-29.jpg 700w, https:\/\/lagacetadealmeria.com\/wp-content\/uploads\/2026\/08\/BALANCE-FERIA-2026-Encuentro-Indumentaria-Nijar-29-300x169.jpg 300w\" sizes=\"(max-width: 700px) 100vw, 700px\" \/><\/figure>\n\n\n\n<figure class=\"wp-block-image size-large\"><img loading=\"lazy\" decoding=\"async\" width=\"700\" height=\"467\" data-id=\"75675\" src=\"https:\/\/lagacetadealmeria.com\/wp-content\/uploads\/2026\/08\/BALANCE-FERIA-2026-Batalla-de-flores-1.jpg\" alt=\"\" class=\"wp-image-75675\" srcset=\"https:\/\/lagacetadealmeria.com\/wp-content\/uploads\/2026\/08\/BALANCE-FERIA-2026-Batalla-de-flores-1.jpg 700w, https:\/\/lagacetadealmeria.com\/wp-content\/uploads\/2026\/08\/BALANCE-FERIA-2026-Batalla-de-flores-1-300x200.jpg 300w\" sizes=\"(max-width: 700px) 100vw, 700px\" \/><\/figure>\n\n\n\n<figure class=\"wp-block-image size-large\"><img loading=\"lazy\" decoding=\"async\" width=\"700\" height=\"467\" data-id=\"75677\" src=\"https:\/\/lagacetadealmeria.com\/wp-content\/uploads\/2026\/08\/BALANCE-FERIA-2026-Batalla-de-flores-3.jpg\" alt=\"\" class=\"wp-image-75677\" srcset=\"https:\/\/lagacetadealmeria.com\/wp-content\/uploads\/2026\/08\/BALANCE-FERIA-2026-Batalla-de-flores-3.jpg 700w, https:\/\/lagacetadealmeria.com\/wp-content\/uploads\/2026\/08\/BALANCE-FERIA-2026-Batalla-de-flores-3-300x200.jpg 300w\" sizes=\"(max-width: 700px) 100vw, 700px\" \/><\/figure>\n\n\n\n<figure class=\"wp-block-image size-large\"><img loading=\"lazy\" decoding=\"async\" width=\"700\" height=\"467\" data-id=\"75676\" src=\"https:\/\/lagacetadealmeria.com\/wp-content\/uploads\/2026\/08\/BALANCE-FERIA-2026-Folclore-Domingo-Almeria-5.jpg\" alt=\"\" class=\"wp-image-75676\" srcset=\"https:\/\/lagacetadealmeria.com\/wp-content\/uploads\/2026\/08\/BALANCE-FERIA-2026-Folclore-Domingo-Almeria-5.jpg 700w, https:\/\/lagacetadealmeria.com\/wp-content\/uploads\/2026\/08\/BALANCE-FERIA-2026-Folclore-Domingo-Almeria-5-300x200.jpg 300w\" sizes=\"(max-width: 700px) 100vw, 700px\" \/><\/figure>\n\n\n\n<figure class=\"wp-block-image size-large\"><img loading=\"lazy\" decoding=\"async\" width=\"683\" height=\"1024\" data-id=\"75681\" src=\"https:\/\/lagacetadealmeria.com\/wp-content\/uploads\/2026\/08\/BALANCE-FERIA-2026-Inauguracion-Feria-Mediodia-6-683x1024.jpg\" alt=\"\" class=\"wp-image-75681\" srcset=\"https:\/\/lagacetadealmeria.com\/wp-content\/uploads\/2026\/08\/BALANCE-FERIA-2026-Inauguracion-Feria-Mediodia-6-683x1024.jpg 683w, https:\/\/lagacetadealmeria.com\/wp-content\/uploads\/2026\/08\/BALANCE-FERIA-2026-Inauguracion-Feria-Mediodia-6-200x300.jpg 200w, https:\/\/lagacetadealmeria.com\/wp-content\/uploads\/2026\/08\/BALANCE-FERIA-2026-Inauguracion-Feria-Mediodia-6.jpg 700w\" sizes=\"(max-width: 683px) 100vw, 683px\" \/><\/figure>\n\n\n\n<figure class=\"wp-block-image size-large\"><img loading=\"lazy\" decoding=\"async\" width=\"700\" height=\"467\" data-id=\"75678\" src=\"https:\/\/lagacetadealmeria.com\/wp-content\/uploads\/2026\/08\/BALANCE-FERIA-2026-Inauguracion-Feria-Mediodia-2.jpg\" alt=\"\" class=\"wp-image-75678\" srcset=\"https:\/\/lagacetadealmeria.com\/wp-content\/uploads\/2026\/08\/BALANCE-FERIA-2026-Inauguracion-Feria-Mediodia-2.jpg 700w, https:\/\/lagacetadealmeria.com\/wp-content\/uploads\/2026\/08\/BALANCE-FERIA-2026-Inauguracion-Feria-Mediodia-2-300x200.jpg 300w\" sizes=\"(max-width: 700px) 100vw, 700px\" \/><\/figure>\n\n\n\n<figure class=\"wp-block-image size-large\"><img loading=\"lazy\" decoding=\"async\" width=\"700\" height=\"467\" data-id=\"75679\" src=\"https:\/\/lagacetadealmeria.com\/wp-content\/uploads\/2026\/08\/BALANCE-FERIA-2026-PREGON-Y-ENCENDIDO-PORTADA-2026-5.jpg\" alt=\"\" class=\"wp-image-75679\" srcset=\"https:\/\/lagacetadealmeria.com\/wp-content\/uploads\/2026\/08\/BALANCE-FERIA-2026-PREGON-Y-ENCENDIDO-PORTADA-2026-5.jpg 700w, https:\/\/lagacetadealmeria.com\/wp-content\/uploads\/2026\/08\/BALANCE-FERIA-2026-PREGON-Y-ENCENDIDO-PORTADA-2026-5-300x200.jpg 300w\" sizes=\"(max-width: 700px) 100vw, 700px\" \/><\/figure>\n\n\n\n<figure class=\"wp-block-image size-large\"><img loading=\"lazy\" decoding=\"async\" width=\"700\" height=\"467\" data-id=\"75680\" src=\"https:\/\/lagacetadealmeria.com\/wp-content\/uploads\/2026\/08\/BALANCE-FERIA-2026-Ambiente-FOTO-de-Cristina-Perez-7.jpg\" alt=\"\" class=\"wp-image-75680\" srcset=\"https:\/\/lagacetadealmeria.com\/wp-content\/uploads\/2026\/08\/BALANCE-FERIA-2026-Ambiente-FOTO-de-Cristina-Perez-7.jpg 700w, https:\/\/lagacetadealmeria.com\/wp-content\/uploads\/2026\/08\/BALANCE-FERIA-2026-Ambiente-FOTO-de-Cristina-Perez-7-300x200.jpg 300w\" sizes=\"(max-width: 700px) 100vw, 700px\" \/><\/figure>\n<\/figure>\n\n\n\n<figure class=\"wp-block-embed is-type-video is-provider-youtube wp-block-embed-youtube wp-embed-aspect-16-9 wp-has-aspect-ratio\"><div class=\"wp-block-embed__wrapper\">\n<iframe title=\"Balance Feria 2026\" width=\"640\" height=\"360\" src=\"https:\/\/www.youtube.com\/embed\/4wcWIhSITkY?feature=oembed\" frameborder=\"0\" allow=\"accelerometer; autoplay; clipboard-write; encrypted-media; gyroscope; picture-in-picture; web-share\" referrerpolicy=\"strict-origin-when-cross-origin\" allowfullscreen><\/iframe>\n<\/div><\/figure>\n","protected":false},"excerpt":{"rendered":"<p>Elo\u00edsa Cabrera hace balance de nueve d\u00edas de Feria \u201ccon un magn\u00edfico ambiente\u201d y pone&#8230;<\/p>\n","protected":false},"author":12,"featured_media":75675,"comment_status":"open","ping_status":"open","sticky":false,"template":"","format":"standard","meta":{"advanced_seo_description":"","jetpack_seo_html_title":"","jetpack_seo_noindex":false,"jetpack_seo_schema_type":"","_jetpack_newsletter_access":"","_jetpack_dont_email_post_to_subs":false,"_jetpack_newsletter_tier_id":0,"_jetpack_memberships_contains_paywalled_content":false,"_jetpack_feature_clip_id":0,"_jetpack_memberships_contains_paid_content":false,"footnotes":"","jetpack_post_was_ever_published":false},"categories":[22],"tags":[],"class_list":["post-75666","post","type-post","status-publish","format-standard","has-post-thumbnail","hentry","category-almeria"],"jetpack_sharing_enabled":true,"jetpack-related-posts":[],"amp_enabled":true,"jetpack_featured_media_url":"https:\/\/lagacetadealmeria.com\/wp-content\/uploads\/2026\/08\/BALANCE-FERIA-2026-Batalla-de-flores-1.jpg","_links":{"self":[{"href":"https:\/\/lagacetadealmeria.com\/index.php?rest_route=\/wp\/v2\/posts\/75666","targetHints":{"allow":["GET"]}}],"collection":[{"href":"https:\/\/lagacetadealmeria.com\/index.php?rest_route=\/wp\/v2\/posts"}],"about":[{"href":"https:\/\/lagacetadealmeria.com\/index.php?rest_route=\/wp\/v2\/types\/post"}],"author":[{"embeddable":true,"href":"https:\/\/lagacetadealmeria.com\/index.php?rest_route=\/wp\/v2\/users\/12"}],"replies":[{"embeddable":true,"href":"https:\/\/lagacetadealmeria.com\/index.php?rest_route=%2Fwp%2Fv2%2Fcomments&post=75666"}],"version-history":[{"count":1,"href":"https:\/\/lagacetadealmeria.com\/index.php?rest_route=\/wp\/v2\/posts\/75666\/revisions"}],"predecessor-version":[{"id":75682,"href":"https:\/\/lagacetadealmeria.com\/index.php?rest_route=\/wp\/v2\/posts\/75666\/revisions\/75682"}],"wp:featuredmedia":[{"embeddable":true,"href":"https:\/\/lagacetadealmeria.com\/index.php?rest_route=\/wp\/v2\/media\/75675"}],"wp:attachment":[{"href":"https:\/\/lagacetadealmeria.com\/index.php?rest_route=%2Fwp%2Fv2%2Fmedia&parent=75666"}],"wp:term":[{"taxonomy":"category","embeddable":true,"href":"https:\/\/lagacetadealmeria.com\/index.php?rest_route=%2Fwp%2Fv2%2Fcategories&post=75666"},{"taxonomy":"post_tag","embeddable":true,"href":"https:\/\/lagacetadealmeria.com\/index.php?rest_route=%2Fwp%2Fv2%2Ftags&post=75666"}],"curies":[{"name":"wp","href":"https:\/\/api.w.org\/{rel}","templated":true}]}}