{"id":75683,"date":"2026-08-31T22:10:38","date_gmt":"2026-08-31T22:10:38","guid":{"rendered":"https:\/\/lagacetadealmeria.com\/?p=75683"},"modified":"2026-08-31T22:10:40","modified_gmt":"2026-08-31T22:10:40","slug":"el-subdelegado-del-gobierno-traslada-al-general-jose-agustin-carreras-sus-mejores-deseos-por-su-ascenso-a-general-de-division","status":"publish","type":"post","link":"https:\/\/lagacetadealmeria.com\/?p=75683","title":{"rendered":"El subdelegado del Gobierno traslada al general Jos\u00e9 Agust\u00edn Carreras sus mejores deseos por su ascenso a general de Divisi\u00f3n"},"content":{"rendered":"\n<figure class=\"wp-block-image is-resized\"><img decoding=\"async\" src=\"https:\/\/mail.google.com\/mail\/u\/0?ui=2&amp;ik=2028921889&amp;attid=0.0.1&amp;permmsgid=msg-f:1875053084032350007&amp;th=1a0586d870bfb737&amp;view=fimg&amp;fur=ip&amp;permmsgid=msg-f:1875053084032350007&amp;sz=s0-l75-ft&amp;attbid=ANGjdJ8M3gKBMl339AlxzjHuw7oCAgXqDV5RlPfKTUBJ9QemCPBW060vNiIPuEP09wD694Opy4UUeGyazmOcmWCHdASDAOxVa8f1mAdzToFiqP7sKtksQi67t27xMOU&amp;disp=emb&amp;zw\" alt=\"\" style=\"aspect-ratio:1.3333333333333333;width:548px;height:auto\"\/><\/figure>\n\n\n\n<p class=\"wp-block-paragraph\">El subdelegado del Gobierno en Almer\u00eda, Jos\u00e9 Mar\u00eda Mart\u00edn, ha recibido hoy al general Jos\u00e9 Agust\u00edn Carreras con motivo de su despedida al frente de la Brigada \u2018Rey Alfonso XIII\u2019, II de La Legi\u00f3n, con base en Viator, tras tres a\u00f1os al mando de la Unidad y con motivo de su reciente ascenso a general de Divisi\u00f3n.<\/p>\n\n\n\n<p class=\"wp-block-paragraph\">Durante el encuentro, Jos\u00e9 Mar\u00eda Mart\u00edn ha felicitado personalmente al general Carreras por este ascenso y le ha deseado el mayor de los \u00e9xitos en las nuevas responsabilidades que asumir\u00e1 a partir de ahora, al tiempo que ha querido reconocer el trabajo desarrollado durante estos tres a\u00f1os al frente de una Unidad militar especialmente vinculada a la provincia de Almer\u00eda.<\/p>\n\n\n\n<p class=\"wp-block-paragraph\">El subdelegado ha destacado \u201cel buen hacer, la profesionalidad y la disposici\u00f3n al di\u00e1logo y a la colaboraci\u00f3n institucional\u201d que el general Carreras ha mantenido durante su etapa al frente de la Brigada. Un periodo en el que, adem\u00e1s de su responsabilidad militar, ha contribuido a mantener y reforzar los estrechos v\u00ednculos que desde hace d\u00e9cadas unen a La Legi\u00f3n con Almer\u00eda y con la sociedad almeriense.<\/p>\n\n\n\n<p class=\"wp-block-paragraph\">Mart\u00edn ha agradecido especialmente la relaci\u00f3n de colaboraci\u00f3n mantenida durante estos a\u00f1os y ha trasladado al general Carreras sus mejores deseos, tanto en el \u00e1mbito profesional como en el personal, ante una nueva etapa que afronta tras dejar el mando de la Brigada \u2018Rey Alfonso XIII\u2019, II de La Legi\u00f3n en Almer\u00eda.<\/p>\n\n\n\n<figure class=\"wp-block-image size-full\"><img fetchpriority=\"high\" decoding=\"async\" width=\"700\" height=\"525\" src=\"https:\/\/lagacetadealmeria.com\/wp-content\/uploads\/2026\/08\/general-Jose-Agustin-Carreras.jpg\" alt=\"\" class=\"wp-image-75685\" srcset=\"https:\/\/lagacetadealmeria.com\/wp-content\/uploads\/2026\/08\/general-Jose-Agustin-Carreras.jpg 700w, https:\/\/lagacetadealmeria.com\/wp-content\/uploads\/2026\/08\/general-Jose-Agustin-Carreras-300x225.jpg 300w\" sizes=\"(max-width: 700px) 100vw, 700px\" \/><\/figure>\n","protected":false},"excerpt":{"rendered":"<p>El subdelegado del Gobierno en Almer\u00eda, Jos\u00e9 Mar\u00eda Mart\u00edn, ha recibido hoy al general Jos\u00e9&#8230;<\/p>\n","protected":false},"author":12,"featured_media":75685,"comment_status":"open","ping_status":"open","sticky":false,"template":"","format":"standard","meta":{"advanced_seo_description":"","jetpack_seo_html_title":"","jetpack_seo_noindex":false,"jetpack_seo_schema_type":"","_jetpack_newsletter_access":"","_jetpack_dont_email_post_to_subs":false,"_jetpack_newsletter_tier_id":0,"_jetpack_memberships_contains_paywalled_content":false,"_jetpack_feature_clip_id":0,"_jetpack_memberships_contains_paid_content":false,"footnotes":"","jetpack_post_was_ever_published":false},"categories":[33],"tags":[],"class_list":["post-75683","post","type-post","status-publish","format-standard","has-post-thumbnail","hentry","category-sociedad"],"jetpack_sharing_enabled":true,"jetpack-related-posts":[],"amp_enabled":true,"jetpack_featured_media_url":"https:\/\/lagacetadealmeria.com\/wp-content\/uploads\/2026\/08\/general-Jose-Agustin-Carreras.jpg","_links":{"self":[{"href":"https:\/\/lagacetadealmeria.com\/index.php?rest_route=\/wp\/v2\/posts\/75683","targetHints":{"allow":["GET"]}}],"collection":[{"href":"https:\/\/lagacetadealmeria.com\/index.php?rest_route=\/wp\/v2\/posts"}],"about":[{"href":"https:\/\/lagacetadealmeria.com\/index.php?rest_route=\/wp\/v2\/types\/post"}],"author":[{"embeddable":true,"href":"https:\/\/lagacetadealmeria.com\/index.php?rest_route=\/wp\/v2\/users\/12"}],"replies":[{"embeddable":true,"href":"https:\/\/lagacetadealmeria.com\/index.php?rest_route=%2Fwp%2Fv2%2Fcomments&post=75683"}],"version-history":[{"count":1,"href":"https:\/\/lagacetadealmeria.com\/index.php?rest_route=\/wp\/v2\/posts\/75683\/revisions"}],"predecessor-version":[{"id":75686,"href":"https:\/\/lagacetadealmeria.com\/index.php?rest_route=\/wp\/v2\/posts\/75683\/revisions\/75686"}],"wp:featuredmedia":[{"embeddable":true,"href":"https:\/\/lagacetadealmeria.com\/index.php?rest_route=\/wp\/v2\/media\/75685"}],"wp:attachment":[{"href":"https:\/\/lagacetadealmeria.com\/index.php?rest_route=%2Fwp%2Fv2%2Fmedia&parent=75683"}],"wp:term":[{"taxonomy":"category","embeddable":true,"href":"https:\/\/lagacetadealmeria.com\/index.php?rest_route=%2Fwp%2Fv2%2Fcategories&post=75683"},{"taxonomy":"post_tag","embeddable":true,"href":"https:\/\/lagacetadealmeria.com\/index.php?rest_route=%2Fwp%2Fv2%2Ftags&post=75683"}],"curies":[{"name":"wp","href":"https:\/\/api.w.org\/{rel}","templated":true}]}}