{"id":75687,"date":"2026-08-31T22:14:01","date_gmt":"2026-08-31T22:14:01","guid":{"rendered":"https:\/\/lagacetadealmeria.com\/?p=75687"},"modified":"2026-08-31T22:14:03","modified_gmt":"2026-08-31T22:14:03","slug":"la-alcaldesa-agradece-al-hasta-ahora-jefe-de-la-legion-la-estrecha-relacion-mantenida-con-el-ayuntamiento-durante-sus-tres-anos-en-el-cargo","status":"publish","type":"post","link":"https:\/\/lagacetadealmeria.com\/?p=75687","title":{"rendered":"La alcaldesa agradece al hasta ahora jefe de la Legi\u00f3n \u201cla estrecha relaci\u00f3n\u201d mantenida con el Ayuntamiento durante sus tres a\u00f1os en el cargo"},"content":{"rendered":"\n<p class=\"wp-block-paragraph\"><strong>Mar\u00eda del Mar V\u00e1zquez mantiene un \u00faltimo encuentro de trabajo con el general Jos\u00e9 Agust\u00edn Carreras, ascendido a general de Divisi\u00f3n del Cuerpo General del Ej\u00e9rcito de Tierra<\/strong><\/p>\n\n\n\n<p class=\"wp-block-paragraph\">La alcaldesa de Almer\u00eda, Mar\u00eda del Mar V\u00e1zquez, ha agradecido al hasta ahora jefe de la Brigada \u2018Rey Alfonso XIII\u2019 II de La Legi\u00f3n (Brileg), Jos\u00e9 Agust\u00edn Carreras, la \u201cestrecha relaci\u00f3n y el v\u00ednculo indisoluble\u201d que la ciudad y La Legi\u00f3n han mantenido durante los tres a\u00f1os que ha ostentado el cargo, tiempo en el que adem\u00e1s de actos de Jura de Bandera para la sociedad civil o la organizaci\u00f3n de La Des\u00e9rtica, el Ayuntamiento de Almer\u00eda entreg\u00f3, en septiembre de 2025, el Escudo de Oro de la Ciudad a esta fuerza militar al cumplirse el 30\u00aa aniversario desde su llegada a nuestra tierra, distinci\u00f3n que \u00e9l mismo tiene al ser el a\u00f1o pasado orador de la Festividad de los M\u00e1rtires de la Libertad, \u2018Los Coloraos\u2019, en la Feria de Almer\u00eda en honor de la Virgen del Mar.<\/p>\n\n\n\n<p class=\"wp-block-paragraph\">Acompa\u00f1ados por la concejala de Tr\u00e1fico, Seguridad Ciudadana y Emergencias, Mar\u00eda del Mar Garc\u00eda Lorca; por el superintendente jefe de la Polic\u00eda Local de Almer\u00eda, Gregorio Zambudio; y por el suboficial mayor, Pedro Luis Juan Fornier, ambos han mantenido un \u00faltimo encuentro de trabajo en las Casas Consistoriales que ha servido como despedida institucional despu\u00e9s de que Jos\u00e9 Agust\u00edn Carreras haya ascendido a general de Divisi\u00f3n del Cuerpo General del Ej\u00e9rcito de Tierra, alcanzando as\u00ed un nuevo escalaf\u00f3n en su trayectoria militar.<\/p>\n\n\n\n<p class=\"wp-block-paragraph\">Mar\u00eda del Mar V\u00e1zquez ha agradecido al general \u201csu predisposici\u00f3n y colaboraci\u00f3n\u201d con el Ayuntamiento y la ciudad de Almer\u00eda \u201cdurante este tiempo\u201d y le ha deseado \u201cmuchos \u00e9xitos\u201d en esta nueva etapa.<\/p>\n\n\n\n<figure class=\"wp-block-embed is-type-video is-provider-youtube wp-block-embed-youtube wp-embed-aspect-16-9 wp-has-aspect-ratio\"><div class=\"wp-block-embed__wrapper\">\n<iframe title=\"Alcaldesa recibe al general de la Legi\u00f3n\" width=\"640\" height=\"360\" src=\"https:\/\/www.youtube.com\/embed\/IhfxaF8UyVs?feature=oembed\" frameborder=\"0\" allow=\"accelerometer; autoplay; clipboard-write; encrypted-media; gyroscope; picture-in-picture; web-share\" referrerpolicy=\"strict-origin-when-cross-origin\" allowfullscreen><\/iframe>\n<\/div><\/figure>\n\n\n\n<p class=\"wp-block-paragraph\">Carreras Postigo asumi\u00f3 el mando de la Brileg, con cuartel general en la base \u00c1lvarez de Sotomayor de Viator, en octubre de 2023. Desde su llegada, se consolid\u00f3 como una de las autoridades institucionales m\u00e1s relevantes de la provincia de Almer\u00eda, manteniendo una constante presencia en la vida social y civil, as\u00ed como una estrecha vinculaci\u00f3n con las instituciones locales y hermandades.<\/p>\n\n\n\n<figure class=\"wp-block-gallery has-nested-images columns-default is-cropped wp-block-gallery-1 is-layout-flex wp-block-gallery-is-layout-flex\">\n<figure class=\"wp-block-image size-large\"><img fetchpriority=\"high\" decoding=\"async\" width=\"700\" height=\"467\" data-id=\"75689\" src=\"https:\/\/lagacetadealmeria.com\/wp-content\/uploads\/2026\/08\/ALMERIA-DESPEDIDA-INSTITUCIONAL-GENERAL-LEGION-2.jpg\" alt=\"\" class=\"wp-image-75689\" srcset=\"https:\/\/lagacetadealmeria.com\/wp-content\/uploads\/2026\/08\/ALMERIA-DESPEDIDA-INSTITUCIONAL-GENERAL-LEGION-2.jpg 700w, https:\/\/lagacetadealmeria.com\/wp-content\/uploads\/2026\/08\/ALMERIA-DESPEDIDA-INSTITUCIONAL-GENERAL-LEGION-2-300x200.jpg 300w\" sizes=\"(max-width: 700px) 100vw, 700px\" \/><\/figure>\n\n\n\n<figure class=\"wp-block-image size-large\"><img decoding=\"async\" width=\"683\" height=\"1024\" data-id=\"75690\" src=\"https:\/\/lagacetadealmeria.com\/wp-content\/uploads\/2026\/08\/ALMERIA-DESPEDIDA-INSTITUCIONAL-GENERAL-LEGION-4-683x1024.jpg\" alt=\"\" class=\"wp-image-75690\" srcset=\"https:\/\/lagacetadealmeria.com\/wp-content\/uploads\/2026\/08\/ALMERIA-DESPEDIDA-INSTITUCIONAL-GENERAL-LEGION-4-683x1024.jpg 683w, https:\/\/lagacetadealmeria.com\/wp-content\/uploads\/2026\/08\/ALMERIA-DESPEDIDA-INSTITUCIONAL-GENERAL-LEGION-4-200x300.jpg 200w, https:\/\/lagacetadealmeria.com\/wp-content\/uploads\/2026\/08\/ALMERIA-DESPEDIDA-INSTITUCIONAL-GENERAL-LEGION-4.jpg 700w\" sizes=\"(max-width: 683px) 100vw, 683px\" \/><\/figure>\n\n\n\n<figure class=\"wp-block-image size-large\"><img decoding=\"async\" width=\"700\" height=\"467\" data-id=\"75691\" src=\"https:\/\/lagacetadealmeria.com\/wp-content\/uploads\/2026\/08\/ALMERIA-DESPEDIDA-INSTITUCIONAL-GENERAL-LEGION-1.jpg\" alt=\"\" class=\"wp-image-75691\" srcset=\"https:\/\/lagacetadealmeria.com\/wp-content\/uploads\/2026\/08\/ALMERIA-DESPEDIDA-INSTITUCIONAL-GENERAL-LEGION-1.jpg 700w, https:\/\/lagacetadealmeria.com\/wp-content\/uploads\/2026\/08\/ALMERIA-DESPEDIDA-INSTITUCIONAL-GENERAL-LEGION-1-300x200.jpg 300w\" sizes=\"(max-width: 700px) 100vw, 700px\" \/><\/figure>\n\n\n\n<figure class=\"wp-block-image size-large\"><img loading=\"lazy\" decoding=\"async\" width=\"700\" height=\"467\" data-id=\"75692\" src=\"https:\/\/lagacetadealmeria.com\/wp-content\/uploads\/2026\/08\/ALMERIA-DESPEDIDA-INSTITUCIONAL-GENERAL-LEGION-3.jpg\" alt=\"\" class=\"wp-image-75692\" srcset=\"https:\/\/lagacetadealmeria.com\/wp-content\/uploads\/2026\/08\/ALMERIA-DESPEDIDA-INSTITUCIONAL-GENERAL-LEGION-3.jpg 700w, https:\/\/lagacetadealmeria.com\/wp-content\/uploads\/2026\/08\/ALMERIA-DESPEDIDA-INSTITUCIONAL-GENERAL-LEGION-3-300x200.jpg 300w\" sizes=\"(max-width: 700px) 100vw, 700px\" \/><\/figure>\n<\/figure>\n","protected":false},"excerpt":{"rendered":"<p>Mar\u00eda del Mar V\u00e1zquez mantiene un \u00faltimo encuentro de trabajo con el general Jos\u00e9 Agust\u00edn&#8230;<\/p>\n","protected":false},"author":12,"featured_media":75689,"comment_status":"open","ping_status":"open","sticky":false,"template":"","format":"standard","meta":{"advanced_seo_description":"","jetpack_seo_html_title":"","jetpack_seo_noindex":false,"jetpack_seo_schema_type":"","_jetpack_newsletter_access":"","_jetpack_dont_email_post_to_subs":false,"_jetpack_newsletter_tier_id":0,"_jetpack_memberships_contains_paywalled_content":false,"_jetpack_feature_clip_id":0,"_jetpack_memberships_contains_paid_content":false,"footnotes":"","jetpack_post_was_ever_published":false},"categories":[22],"tags":[],"class_list":["post-75687","post","type-post","status-publish","format-standard","has-post-thumbnail","hentry","category-almeria"],"jetpack_sharing_enabled":true,"jetpack-related-posts":[],"amp_enabled":true,"jetpack_featured_media_url":"https:\/\/lagacetadealmeria.com\/wp-content\/uploads\/2026\/08\/ALMERIA-DESPEDIDA-INSTITUCIONAL-GENERAL-LEGION-2.jpg","_links":{"self":[{"href":"https:\/\/lagacetadealmeria.com\/index.php?rest_route=\/wp\/v2\/posts\/75687","targetHints":{"allow":["GET"]}}],"collection":[{"href":"https:\/\/lagacetadealmeria.com\/index.php?rest_route=\/wp\/v2\/posts"}],"about":[{"href":"https:\/\/lagacetadealmeria.com\/index.php?rest_route=\/wp\/v2\/types\/post"}],"author":[{"embeddable":true,"href":"https:\/\/lagacetadealmeria.com\/index.php?rest_route=\/wp\/v2\/users\/12"}],"replies":[{"embeddable":true,"href":"https:\/\/lagacetadealmeria.com\/index.php?rest_route=%2Fwp%2Fv2%2Fcomments&post=75687"}],"version-history":[{"count":1,"href":"https:\/\/lagacetadealmeria.com\/index.php?rest_route=\/wp\/v2\/posts\/75687\/revisions"}],"predecessor-version":[{"id":75693,"href":"https:\/\/lagacetadealmeria.com\/index.php?rest_route=\/wp\/v2\/posts\/75687\/revisions\/75693"}],"wp:featuredmedia":[{"embeddable":true,"href":"https:\/\/lagacetadealmeria.com\/index.php?rest_route=\/wp\/v2\/media\/75689"}],"wp:attachment":[{"href":"https:\/\/lagacetadealmeria.com\/index.php?rest_route=%2Fwp%2Fv2%2Fmedia&parent=75687"}],"wp:term":[{"taxonomy":"category","embeddable":true,"href":"https:\/\/lagacetadealmeria.com\/index.php?rest_route=%2Fwp%2Fv2%2Fcategories&post=75687"},{"taxonomy":"post_tag","embeddable":true,"href":"https:\/\/lagacetadealmeria.com\/index.php?rest_route=%2Fwp%2Fv2%2Ftags&post=75687"}],"curies":[{"name":"wp","href":"https:\/\/api.w.org\/{rel}","templated":true}]}}