{"id":75694,"date":"2026-09-01T10:06:54","date_gmt":"2026-09-01T10:06:54","guid":{"rendered":"https:\/\/lagacetadealmeria.com\/?p=75694"},"modified":"2026-09-01T10:06:56","modified_gmt":"2026-09-01T10:06:56","slug":"la-junta-convoca-los-xiii-premios-andalucia-de-comunicacion-audiovisual-local","status":"publish","type":"post","link":"https:\/\/lagacetadealmeria.com\/?p=75694","title":{"rendered":"La Junta convoca los XIII Premios Andaluc\u00eda de Comunicaci\u00f3n Audiovisual Local"},"content":{"rendered":"\n<p class=\"wp-block-paragraph\">El 14 de septiembre es el \u00faltimo d\u00eda para presentar candidaturas para estos galardones, con seis categor\u00edas y 4.000 euros por cada premio<\/p>\n\n\n\n<p class=\"wp-block-paragraph\">El Bolet\u00edn Oficial de la Junta de Andaluc\u00eda (BOJA) ha publicado la convocatoria de la XIII edici\u00f3n de los Premios Andaluc\u00eda de Comunicaci\u00f3n Audiovisual Local, con cargo al ejercicio 2026, y cuya finalidad es reconocer el buen hacer y la excelencia de los prestadores de servicios de comunicaci\u00f3n audiovisual local en Andaluc\u00eda.<\/p>\n\n\n\n<p class=\"wp-block-paragraph\">As\u00ed, en sus doceediciones anteriores se han reconocido los principales trabajos en el \u00e1mbito de la comunicaci\u00f3n audiovisual local en Andaluc\u00eda, convirti\u00e9ndoseen una distinci\u00f3n de reconocido prestigio en el sector.<\/p>\n\n\n\n<p class=\"wp-block-paragraph\">Concretamente, buscan distinguir los trabajos emitidos en las radios y televisiones locales de Andaluc\u00eda, as\u00ed como la informaci\u00f3n local y de proximidad ofrecida por internet y la trayectoria informativa local y de proximidad.<\/p>\n\n\n\n<p class=\"wp-block-paragraph\">La convocatoria cuenta con las categor\u00edas de Mejor programa o serie de programas de informaci\u00f3n emitidos en Televisi\u00f3n local; Mejor programa o serie de programas de informaci\u00f3n emitidos en Radio local; Mejor programa o series de programas de entretenimiento en Televisi\u00f3n local; Mejor programa o series de programas de entretenimiento en Radio local; Mejor informaci\u00f3n local y de proximidad en formato Web; y a la Trayectoria informativa local y de Proximidad.<\/p>\n\n\n\n<p class=\"wp-block-paragraph\">En cuanto a la dotaci\u00f3n econ\u00f3mica, el premio por cada una de las categor\u00edas asciende a 4.000 euros e incluye la entrega de una estatuilla en un acto que tendr\u00e1 lugar en el \u00faltimo trimestre del a\u00f1o.<\/p>\n\n\n\n<p class=\"wp-block-paragraph\">El plazo de presentaci\u00f3n de las solicitudes ser\u00e1 de 10 d\u00edas h\u00e1biles, desde el 1 al 14 de septiembre, ambos inclusive. Las personas y entidades interesadas en participar en estos premios deber\u00e1n dirigir los trabajos a la Consejer\u00eda de la Presidencia, Sanidad y Emergencias, Direcci\u00f3n General de Comunicaci\u00f3n Social, present\u00e1ndose a trav\u00e9s del Registro Electr\u00f3nico \u00danico de la Administraci\u00f3n de la Junta de Andaluc\u00eda.<\/p>\n\n\n\n<p class=\"wp-block-paragraph\">Para m\u00e1s informaci\u00f3n:<\/p>\n\n\n\n<figure class=\"wp-block-embed\"><div class=\"wp-block-embed__wrapper\">\nhttps:\/\/juntadeandalucia.es\/servicios\/sede\/tramites\/procedimientos\/detalle\/22489.html\n<\/div><\/figure>\n\n\n\n<figure class=\"wp-block-image size-full\"><img fetchpriority=\"high\" decoding=\"async\" width=\"700\" height=\"467\" src=\"https:\/\/lagacetadealmeria.com\/wp-content\/uploads\/2026\/09\/XIII-Premios-Comunicacion-Social.jpg\" alt=\"\" class=\"wp-image-75695\" srcset=\"https:\/\/lagacetadealmeria.com\/wp-content\/uploads\/2026\/09\/XIII-Premios-Comunicacion-Social.jpg 700w, https:\/\/lagacetadealmeria.com\/wp-content\/uploads\/2026\/09\/XIII-Premios-Comunicacion-Social-300x200.jpg 300w\" sizes=\"(max-width: 700px) 100vw, 700px\" \/><\/figure>\n","protected":false},"excerpt":{"rendered":"<p>El 14 de septiembre es el \u00faltimo d\u00eda para presentar candidaturas para estos galardones, con&#8230;<\/p>\n","protected":false},"author":12,"featured_media":75695,"comment_status":"open","ping_status":"open","sticky":false,"template":"","format":"standard","meta":{"advanced_seo_description":"","jetpack_seo_html_title":"","jetpack_seo_noindex":false,"jetpack_seo_schema_type":"","_jetpack_newsletter_access":"","_jetpack_dont_email_post_to_subs":false,"_jetpack_newsletter_tier_id":0,"_jetpack_memberships_contains_paywalled_content":false,"_jetpack_feature_clip_id":0,"_jetpack_memberships_contains_paid_content":false,"footnotes":"","jetpack_post_was_ever_published":false},"categories":[23],"tags":[],"class_list":["post-75694","post","type-post","status-publish","format-standard","has-post-thumbnail","hentry","category-andalucia"],"jetpack_sharing_enabled":true,"jetpack-related-posts":[],"amp_enabled":true,"jetpack_featured_media_url":"https:\/\/lagacetadealmeria.com\/wp-content\/uploads\/2026\/09\/XIII-Premios-Comunicacion-Social.jpg","_links":{"self":[{"href":"https:\/\/lagacetadealmeria.com\/index.php?rest_route=\/wp\/v2\/posts\/75694","targetHints":{"allow":["GET"]}}],"collection":[{"href":"https:\/\/lagacetadealmeria.com\/index.php?rest_route=\/wp\/v2\/posts"}],"about":[{"href":"https:\/\/lagacetadealmeria.com\/index.php?rest_route=\/wp\/v2\/types\/post"}],"author":[{"embeddable":true,"href":"https:\/\/lagacetadealmeria.com\/index.php?rest_route=\/wp\/v2\/users\/12"}],"replies":[{"embeddable":true,"href":"https:\/\/lagacetadealmeria.com\/index.php?rest_route=%2Fwp%2Fv2%2Fcomments&post=75694"}],"version-history":[{"count":1,"href":"https:\/\/lagacetadealmeria.com\/index.php?rest_route=\/wp\/v2\/posts\/75694\/revisions"}],"predecessor-version":[{"id":75696,"href":"https:\/\/lagacetadealmeria.com\/index.php?rest_route=\/wp\/v2\/posts\/75694\/revisions\/75696"}],"wp:featuredmedia":[{"embeddable":true,"href":"https:\/\/lagacetadealmeria.com\/index.php?rest_route=\/wp\/v2\/media\/75695"}],"wp:attachment":[{"href":"https:\/\/lagacetadealmeria.com\/index.php?rest_route=%2Fwp%2Fv2%2Fmedia&parent=75694"}],"wp:term":[{"taxonomy":"category","embeddable":true,"href":"https:\/\/lagacetadealmeria.com\/index.php?rest_route=%2Fwp%2Fv2%2Fcategories&post=75694"},{"taxonomy":"post_tag","embeddable":true,"href":"https:\/\/lagacetadealmeria.com\/index.php?rest_route=%2Fwp%2Fv2%2Ftags&post=75694"}],"curies":[{"name":"wp","href":"https:\/\/api.w.org\/{rel}","templated":true}]}}