{"id":75701,"date":"2026-09-01T10:16:30","date_gmt":"2026-09-01T10:16:30","guid":{"rendered":"https:\/\/lagacetadealmeria.com\/?p=75701"},"modified":"2026-09-01T10:16:32","modified_gmt":"2026-09-01T10:16:32","slug":"cuenta-atras-para-el-zaidin-rock-2026-el-festival-gratuito-mas-antiguo-de-europa-arranca-el-jueves","status":"publish","type":"post","link":"https:\/\/lagacetadealmeria.com\/?p=75701","title":{"rendered":"Cuenta atr\u00e1s para el Zaid\u00edn Rock 2026, el festival gratuito m\u00e1s antiguo de Europa arranca el jueves"},"content":{"rendered":"\n<figure class=\"wp-block-table\"><table class=\"has-fixed-layout\"><tbody><tr><td class=\"has-text-align-center\" data-align=\"center\"><\/td><\/tr><tr><td class=\"has-text-align-center\" data-align=\"center\"><img decoding=\"async\" width=\"580\" src=\"https:\/\/ci3.googleusercontent.com\/meips\/ADKq_NYw92yYtxubB1NTG43UAn_lP9LvIWOLYabYCgGJPNA6GU3wfz--bX0B3IyMwROozObZMI5DZnIVabiUkFxkZhbQUJa9BvsS6ofs3A4FgbmhbZLqoaUMazbho6ht8RXPzcMlJMQHMejuJVmEDTg1JrLCgXKEQe4XMGYqc_MU23yTIqWtZpjGuHoMdGzaAFCWiF7RsXhsmiO7wcVP=s0-d-e1-ft#https:\/\/cdn-apps.acrelia.com\/uploads\/user\/PqFbPGOtiy616bIn9GXSxw\/images\/PROMOCIONES\/ZAIDIN%20ROCK\/CARTEL%20ZAIDIN%20ROCK%202026.jpeg\" alt=\"\"><\/td><\/tr><tr><td class=\"has-text-align-center\" data-align=\"center\"><br>\u00a0\u00a0<\/td><\/tr><tr><td class=\"has-text-align-center\" data-align=\"center\">\u00a0\u00a0\u00a0<strong>Del 3 al 5 de septiembre, el emblem\u00e1tico barrio granadino vibrar\u00e1 con el directo de M\u00e4go de Oz, Rebrote, Seguridad Social, Boikot, Poncho K, Balkan Bomba, Awakate y una potente representaci\u00f3n del talento local.<\/strong>\u00a0<br>La espera ha terminado para los amantes de la m\u00fasica en directo. El\u00a0<strong>Zaid\u00edn Roc<\/strong>k, reconocido como el\u00a0<strong>festival de rock gratuito m\u00e1s antiguo de Europa,<\/strong>\u00a0ultima los preparativos para abrir las puertas de su\u00a0<strong>44\u00aa edici\u00f3n<\/strong>. Los d\u00edas\u00a0<strong>3, 4 y 5 de septiembre<\/strong>, el ya cl\u00e1sico\u00a0<strong>recinto ubicado entre el Estadio Los C\u00e1rmenes y el Palacio de los Deportes\u00a0<\/strong>se convertir\u00e1 en el epicentro musical de Granada, manteniendo su esencia hist\u00f3rica:<strong>\u00a0100% gratuito y para todos los p\u00fablicos.<\/strong><br>Tras el rotundo \u00e9xito de asistencia en su pasada edici\u00f3n, la programaci\u00f3n de este a\u00f1o apuesta por una l\u00ednea de rock-mestizaje con un viraje hacia sonidos m\u00e1s contundentes, fusionando el punk rock, el metal y el rock urbano nacional con propuestas viscerales y festivas. Nombres como\u00a0<strong>M\u00e4go de Oz, Rebrote, Seguridad Social, Boikot, Poncho K, Balkan Bomba y Awakate\u00a0<\/strong>desfilar\u00e1n por el escenario granadino de jueves a s\u00e1bado. Adem\u00e1s el festival mantiene su firme compromiso con la escena granadina, que protagonizar\u00e1 la apertura de cada una de las tres noches de conciertos\u00a0<strong>a partir de las 21.30h.<\/strong><br>El\u00a0<strong>jueves 3 de septiembre\u00a0<\/strong>la cosa comienza fuerte con la apertura de unos explosivos\u00a0<strong>Sarajevo 84\u00a0<\/strong>y el pop rock de\u00a0<strong>La Hija \u00danica<\/strong>. El relevo en el escenario lo tomar\u00e1n la fusi\u00f3n ska rock rap de los murcianos\u00a0<strong>Awakate<\/strong>\u00a0para dar el cierre de la primera noche al punk combativo y veterano de\u00a0<strong>Boikot,\u00a0<\/strong>siempre cargados de un directo arrollador.<br>El\u00a0<strong>viernes 4 de septiembre<\/strong>\u00a0ser\u00e1 una gran noche de contrastes que arrancar\u00e1 con la banda metalera granadina\u00a0<strong>Dark Libra y Paulina del Carmen (ex Las Dianas)<\/strong>. La velada continuar\u00e1 con el rock de autor callejero y po\u00e9tico de\u00a0<strong>Poncho K<\/strong>, el ritmo fren\u00e9tico de la numerosa banda de ska punk rock\u00a0<strong>Balkan Bomba<\/strong>\u00a0y los himnos intergeneracionales de\u00a0<strong>Seguridad Social,\u00a0<\/strong>liderados por el incombustible Jose Manuel Casa\u00f1, que en cada directo demuestran que est\u00e1n muy en forma.<br>Y el \u00faltimo d\u00eda, el\u00a0<strong>s\u00e1bado 5<\/strong>\u00a0la clausura ofrecer\u00e1 los sonidos m\u00e1s alternativos post grunge de<strong>\u00a0The Tragic Company\u00a0<\/strong>y el rock m\u00e1s mel\u00f3dico de\u00a0<strong>Noray<\/strong>, seguidos por la fusi\u00f3n bailable y divertida de unos grandes en la ciudad como son\u00a0<strong>Sonido Vegetal\u00a0<\/strong>que con su gypsy punk conquistan de principio a fin.<br>El broche final llegar\u00e1 con unas de las actuaciones m\u00e1s esperadas, la de\u00a0<strong>Rebrote,<\/strong>\u00a0nuevo y contundente proyecto de Jaime Moreno donde despliega un afilado rock urbano. El cierre del s\u00e1bado noche ser\u00e1 a cargo de unos veteran\u00edsimos\u00a0<strong>M\u00e4go de Oz,\u00a0<\/strong>folk metal, rock, flautas y violines que nunca defraudan con su show \u00e9pico.<br>Con esta potente propuesta, el\u00a0<strong>Zaid\u00edn Rock\u00a0<\/strong>se posiciona una vez m\u00e1s como la cita cultural imprescindible para inaugurar el curso acad\u00e9mico y musical en Granada. Gratuito 100%.<br><br>Organiza:<br>Concert Route AIE &#8211; Producciones TORO &#8211; Asociaci\u00f3n de Vecinos Zaid\u00edn-Vergeles<br>Colaboran: Ayuntamiento de Granada, Granada 2031. Junta de Andaluc\u00eda. Consejer\u00eda de Turismo y Andaluc\u00eda Exterior, Gegsa, Diputaci\u00f3n de Granada, Sabor Granada, Cervezas Alhambra y Fundaci\u00f3n Caja Rural.\u00a0\u00a0\u00a0<\/td><\/tr><tr><td class=\"has-text-align-center\" data-align=\"center\"><a href=\"https:\/\/www.email-index.com\/click.php?L=RHaeLzu3w5iPkPByG3auqQ&amp;J=2CHRtmIFY8HcO7Dp7ky4mw&amp;C=hp6Ya5ylU4KLvC5OFnj1cw&amp;F=HKFRcCbcnmxmc4f43DJP5g\" target=\"_blank\" rel=\"noopener\"><img decoding=\"async\" src=\"https:\/\/ci3.googleusercontent.com\/meips\/ADKq_NauLe9VBWR6Z4NFiNR8wNu49GyeIZaECfqQZMwORKM7ScEvTdboYepxFt4cB7MhCEvj1wqk60AkBATRkLt3BOXEcFyn22RTIAE_0o916-igAV2cMnlSngsTAub3N4Crx9V0eRJikXVbVw2pwkLHQ78mVf7FskBUGhavpHLT4nwTnPnS=s0-d-e1-ft#https:\/\/cdn-apps.acrelia.com\/uploads\/user\/PqFbPGOtiy616bIn9GXSxw\/thumbs\/14905690476a91c4f2750e90.51830283.jpg\"><\/a><\/td><\/tr><tr><td class=\"has-text-align-center\" data-align=\"center\">&nbsp;<\/td><\/tr><\/tbody><\/table><\/figure>\n\n\n\n<figure class=\"wp-block-image aligncenter size-full\"><img fetchpriority=\"high\" decoding=\"async\" width=\"580\" height=\"829\" src=\"https:\/\/lagacetadealmeria.com\/wp-content\/uploads\/2026\/09\/Sonido-cartel.jpg\" alt=\"\" class=\"wp-image-75703\" srcset=\"https:\/\/lagacetadealmeria.com\/wp-content\/uploads\/2026\/09\/Sonido-cartel.jpg 580w, https:\/\/lagacetadealmeria.com\/wp-content\/uploads\/2026\/09\/Sonido-cartel-210x300.jpg 210w\" sizes=\"(max-width: 580px) 100vw, 580px\" \/><\/figure>\n","protected":false},"excerpt":{"rendered":"<p>\u00a0\u00a0 \u00a0\u00a0\u00a0Del 3 al 5 de septiembre, el emblem\u00e1tico barrio granadino vibrar\u00e1 con el directo&#8230;<\/p>\n","protected":false},"author":12,"featured_media":75703,"comment_status":"open","ping_status":"open","sticky":false,"template":"","format":"standard","meta":{"advanced_seo_description":"","jetpack_seo_html_title":"","jetpack_seo_noindex":false,"jetpack_seo_schema_type":"","_jetpack_newsletter_access":"","_jetpack_dont_email_post_to_subs":false,"_jetpack_newsletter_tier_id":0,"_jetpack_memberships_contains_paywalled_content":false,"_jetpack_feature_clip_id":0,"_jetpack_memberships_contains_paid_content":false,"footnotes":"","jetpack_post_was_ever_published":false},"categories":[51],"tags":[],"class_list":["post-75701","post","type-post","status-publish","format-standard","has-post-thumbnail","hentry","category-musica"],"jetpack_sharing_enabled":true,"jetpack-related-posts":[],"amp_enabled":true,"jetpack_featured_media_url":"https:\/\/lagacetadealmeria.com\/wp-content\/uploads\/2026\/09\/Sonido-cartel.jpg","_links":{"self":[{"href":"https:\/\/lagacetadealmeria.com\/index.php?rest_route=\/wp\/v2\/posts\/75701","targetHints":{"allow":["GET"]}}],"collection":[{"href":"https:\/\/lagacetadealmeria.com\/index.php?rest_route=\/wp\/v2\/posts"}],"about":[{"href":"https:\/\/lagacetadealmeria.com\/index.php?rest_route=\/wp\/v2\/types\/post"}],"author":[{"embeddable":true,"href":"https:\/\/lagacetadealmeria.com\/index.php?rest_route=\/wp\/v2\/users\/12"}],"replies":[{"embeddable":true,"href":"https:\/\/lagacetadealmeria.com\/index.php?rest_route=%2Fwp%2Fv2%2Fcomments&post=75701"}],"version-history":[{"count":1,"href":"https:\/\/lagacetadealmeria.com\/index.php?rest_route=\/wp\/v2\/posts\/75701\/revisions"}],"predecessor-version":[{"id":75704,"href":"https:\/\/lagacetadealmeria.com\/index.php?rest_route=\/wp\/v2\/posts\/75701\/revisions\/75704"}],"wp:featuredmedia":[{"embeddable":true,"href":"https:\/\/lagacetadealmeria.com\/index.php?rest_route=\/wp\/v2\/media\/75703"}],"wp:attachment":[{"href":"https:\/\/lagacetadealmeria.com\/index.php?rest_route=%2Fwp%2Fv2%2Fmedia&parent=75701"}],"wp:term":[{"taxonomy":"category","embeddable":true,"href":"https:\/\/lagacetadealmeria.com\/index.php?rest_route=%2Fwp%2Fv2%2Fcategories&post=75701"},{"taxonomy":"post_tag","embeddable":true,"href":"https:\/\/lagacetadealmeria.com\/index.php?rest_route=%2Fwp%2Fv2%2Ftags&post=75701"}],"curies":[{"name":"wp","href":"https:\/\/api.w.org\/{rel}","templated":true}]}}