{"id":75705,"date":"2026-09-01T10:19:57","date_gmt":"2026-09-01T10:19:57","guid":{"rendered":"https:\/\/lagacetadealmeria.com\/?p=75705"},"modified":"2026-09-01T10:19:58","modified_gmt":"2026-09-01T10:19:58","slug":"la-ual-implanta-2-nuevos-titulos-de-la-nueva-programacion-universitaria-en-el-curso-2026-2027","status":"publish","type":"post","link":"https:\/\/lagacetadealmeria.com\/?p=75705","title":{"rendered":"La UAL implanta 2 nuevos t\u00edtulos de la nueva programaci\u00f3n universitaria en el curso 2026\/2027"},"content":{"rendered":"\n<p class=\"wp-block-paragraph\">Refuerza su oferta en ciencias de la salud y nuevas tecnolog\u00edas con el grado de Logopedia y el m\u00e1ster en Inteligencia Institucional<strong><\/strong><\/p>\n\n\n\n<p class=\"wp-block-paragraph\">El Consejo de Gobierno ha autorizado implantar en la Universidad de Almer\u00eda (UAL) para el curso 2026\/2027 dos nuevas titulaciones pertenecientes a la programaci\u00f3n acad\u00e9mica 2025-2028. Con este acuerdo, que ha sido refrendado previamente por el Consejo Andaluz de Universidades (CAU), se culmina toda la tramitaci\u00f3n necesaria para su impartici\u00f3n. Ambas ense\u00f1anzas ya hab\u00edan obtenido el informe favorable de la Agencia para la Calidad Cient\u00edfica y Universitaria de Andaluc\u00eda (ACCUA), adscrita a la Consejer\u00eda de Universidad, Industria, Energ\u00eda e Innovaci\u00f3n.<\/p>\n\n\n\n<p class=\"wp-block-paragraph\">Las dos tienen car\u00e1cter interuniversitario, por lo que la universidad almeriense las desarrollar\u00e1 conjuntamente con otras instituciones acad\u00e9micas p\u00fablicas andaluzas, y se concretan en un grado en Logopedia junto a la Universidad de Sevilla, que ejerce la coordinaci\u00f3n; y en un m\u00e1ster en Inteligencia Institucional: Gesti\u00f3n y Gobernanza de Datos, que lidera la Universidad Internacional de Andaluc\u00eda (UNIA). En esa nueva oferta, la UAL ha decidido, en coordinaci\u00f3n con la Junta, reforzar los estudios vinculados a las ciencias de la salud y a las nuevas tecnolog\u00edas aplicadas al \u00e1mbito institucional.<\/p>\n\n\n\n<p class=\"wp-block-paragraph\">Los dos estudios est\u00e1n contemplados en oferta prevista de 39 nuevos t\u00edtulos para el conjunto del sistema p\u00fablico de educaci\u00f3n superior de Andaluc\u00eda en el a\u00f1o lectivo 2026\/2027. De ellos, 37 pertenecen a la nueva programaci\u00f3n y responden al doble objetivo de atender a los nuevos avances tecnol\u00f3gicos y de reforzar la cualificaci\u00f3n en sectores estrat\u00e9gicos para el desarrollo econ\u00f3mico de la comunidad.<\/p>\n\n\n\n<p class=\"wp-block-paragraph\">Aunque la diversidad de materias y ramas de conocimiento es amplia, existe en esa nueva cartera un peso elevado de la digitalizaci\u00f3n y de tecnolog\u00edas avanzadas como la inteligencia artificial y de datos, aplicadas a los entornos empresariales, a los mercados, al arte y el dise\u00f1o, a la educaci\u00f3n, a las ciencias de la salud y a la industria. El resto de planes de estudios que arranca el pr\u00f3ximo a\u00f1o acad\u00e9mico en el conjunto de las instituciones acad\u00e9micas p\u00fablicas profundizar\u00e1 en la rama sanitaria, en la actividad tur\u00edstica, en el campo de la energ\u00eda, as\u00ed como en las ingenier\u00edas.<\/p>\n\n\n\n<p class=\"wp-block-paragraph\">Tanto en la elecci\u00f3n de las ense\u00f1anzas de la nueva planificaci\u00f3n universitaria que comenzar\u00e1n su andadura en el 2026\/2027, como en las ya implementadas o en las que quedan por desarrollarse, la Consejer\u00eda de Universidad e Industria ha primado criterios relacionados con la optimizaci\u00f3n de los recursos p\u00fablicos, la demanda social, la cohesi\u00f3n territorial, la atenci\u00f3n a zonas en riesgo de despoblaci\u00f3n, la internacionalizaci\u00f3n, el impulso de la ense\u00f1anza interuniversitaria o la apuesta por la formaci\u00f3n dual, que se aplica por primera vez en Andaluc\u00eda buscando favorecer la empleabilidad. &nbsp;<\/p>\n","protected":false},"excerpt":{"rendered":"<p>Refuerza su oferta en ciencias de la salud y nuevas tecnolog\u00edas con el grado de&#8230;<\/p>\n","protected":false},"author":12,"featured_media":73540,"comment_status":"open","ping_status":"open","sticky":false,"template":"","format":"standard","meta":{"advanced_seo_description":"","jetpack_seo_html_title":"","jetpack_seo_noindex":false,"jetpack_seo_schema_type":"","_jetpack_newsletter_access":"","_jetpack_dont_email_post_to_subs":false,"_jetpack_newsletter_tier_id":0,"_jetpack_memberships_contains_paywalled_content":false,"_jetpack_feature_clip_id":0,"_jetpack_memberships_contains_paid_content":false,"footnotes":"","jetpack_post_was_ever_published":false},"categories":[45],"tags":[],"class_list":["post-75705","post","type-post","status-publish","format-standard","has-post-thumbnail","hentry","category-universidad"],"jetpack_sharing_enabled":true,"jetpack-related-posts":[],"amp_enabled":true,"jetpack_featured_media_url":"https:\/\/lagacetadealmeria.com\/wp-content\/uploads\/2026\/07\/1-UAL-31-JULIO-2026-MATRICULACIONES.jpg","_links":{"self":[{"href":"https:\/\/lagacetadealmeria.com\/index.php?rest_route=\/wp\/v2\/posts\/75705","targetHints":{"allow":["GET"]}}],"collection":[{"href":"https:\/\/lagacetadealmeria.com\/index.php?rest_route=\/wp\/v2\/posts"}],"about":[{"href":"https:\/\/lagacetadealmeria.com\/index.php?rest_route=\/wp\/v2\/types\/post"}],"author":[{"embeddable":true,"href":"https:\/\/lagacetadealmeria.com\/index.php?rest_route=\/wp\/v2\/users\/12"}],"replies":[{"embeddable":true,"href":"https:\/\/lagacetadealmeria.com\/index.php?rest_route=%2Fwp%2Fv2%2Fcomments&post=75705"}],"version-history":[{"count":1,"href":"https:\/\/lagacetadealmeria.com\/index.php?rest_route=\/wp\/v2\/posts\/75705\/revisions"}],"predecessor-version":[{"id":75707,"href":"https:\/\/lagacetadealmeria.com\/index.php?rest_route=\/wp\/v2\/posts\/75705\/revisions\/75707"}],"wp:featuredmedia":[{"embeddable":true,"href":"https:\/\/lagacetadealmeria.com\/index.php?rest_route=\/wp\/v2\/media\/73540"}],"wp:attachment":[{"href":"https:\/\/lagacetadealmeria.com\/index.php?rest_route=%2Fwp%2Fv2%2Fmedia&parent=75705"}],"wp:term":[{"taxonomy":"category","embeddable":true,"href":"https:\/\/lagacetadealmeria.com\/index.php?rest_route=%2Fwp%2Fv2%2Fcategories&post=75705"},{"taxonomy":"post_tag","embeddable":true,"href":"https:\/\/lagacetadealmeria.com\/index.php?rest_route=%2Fwp%2Fv2%2Ftags&post=75705"}],"curies":[{"name":"wp","href":"https:\/\/api.w.org\/{rel}","templated":true}]}}