{"id":75708,"date":"2026-09-01T10:28:51","date_gmt":"2026-09-01T10:28:51","guid":{"rendered":"https:\/\/lagacetadealmeria.com\/?p=75708"},"modified":"2026-09-01T10:28:53","modified_gmt":"2026-09-01T10:28:53","slug":"el-psoe-advierte-de-que-la-ampliacion-del-colegio-privado-de-la-vega-de-aca-no-soluciona-la-falta-de-un-instituto-publico-en-el-barrio","status":"publish","type":"post","link":"https:\/\/lagacetadealmeria.com\/?p=75708","title":{"rendered":"El PSOE advierte de que la ampliaci\u00f3n del colegio privado de la Vega de Ac\u00e1 \u00abno soluciona\u00bb la falta de un instituto p\u00fablico en el barrio"},"content":{"rendered":"\n<p class=\"wp-block-paragraph\">Ra\u00fal Enr\u00edquez: \u201cCelebramos la iniciativa privada pero exigimos a la Junta que asuma su responsabilidad\u00a0 porque no todas las familias pueden pagar educaci\u00f3n privada\u201d<\/p>\n\n\n\n<figure class=\"wp-block-audio\"><audio controls src=\"https:\/\/lagacetadealmeria.com\/wp-content\/uploads\/2026\/09\/260901-Audio-Raul-Enriquez-.mp3\"><\/audio><\/figure>\n\n\n\n<p class=\"wp-block-paragraph\">El viceportavoz del Grupo Socialista en el Ayuntamiento de Almer\u00eda, Ra\u00fal Enr\u00edquez, ha valorado el reciente anuncio de un colegio privado del barrio de la Vega de Ac\u00e1 de ampliar su oferta educativa a la ense\u00f1anza secundaria para el presente curso. Enr\u00edquez ha querido dejar claro que, aunque desde el PSOE se alegran de que las iniciativas privadas encuentren su espacio y prosperen en la ciudad, esta novedad empresarial y educativa no puede servir de excusa ni de parche ante las graves carencias que arrastra el barrio en materia de infraestructuras p\u00fablicas.<\/p>\n\n\n\n<p class=\"wp-block-paragraph\">En este sentido, el concejal socialista ha subrayado que \u201cla ampliaci\u00f3n de plazas en un centro privado no es, bajo ning\u00fan concepto, la soluci\u00f3n a la creciente necesidad de contar con un Instituto de Educaci\u00f3n Secundaria p\u00fablico en la Vega de Ac\u00e1, ya que el acceso a una educaci\u00f3n p\u00fablica y de calidad es un derecho que debe garantizarse en condiciones de igualdad y, evidentemente, no todas las familias de la Vega de Ac\u00e1 van a poder pagar un instituto privado para sus hijos e hijas\u201d.<\/p>\n\n\n\n<p class=\"wp-block-paragraph\">A este respecto ha recordadola indignaci\u00f3n y preocupaci\u00f3n entre los residentes de la zona, agrupados en la Plataforma por la Mejora de las Infraestructuras Educativas de la Vega de Ac\u00e1 y la AMPA del barrio. Los colectivos vecinales han mostrado recientemente su profundo descontento tras conocer, en una reuni\u00f3n con la Delegaci\u00f3n Territorial de Desarrollo Educativo de la Junta de Andaluc\u00eda, que el proyecto del nuevo instituto sigue sin fecha y condicionado a que primero se construya el colegio de primaria, un proyecto que adem\u00e1s ha vuelto a sufrir retrasos tras ser devuelto al Ayuntamiento para subsanar incidencias t\u00e9cnicas.<\/p>\n\n\n\n<p class=\"wp-block-paragraph\">Para Enr\u00edquez, esta falta de planificaci\u00f3n y de plazos concretos por parte del Gobierno andaluz del Partido Popular \u201csupone un aut\u00e9ntico jarro de agua fr\u00eda para unas familias que ven c\u00f3mo sus hijos se ven abocados a la masificaci\u00f3n del IES Maestro Padilla, que ya soporta aulas prefabricadas y un aumento constante de alumnado procedente de un barrio en plena expansi\u00f3n demogr\u00e1fica\u201d.<\/p>\n\n\n\n<p class=\"wp-block-paragraph\">Por todo ello, el viceportavoz socialista ha instado a la Junta de Andaluc\u00eda a \u201cque se deje ya de dar vueltas, de poner excusas t\u00e9cnicas y de marear a los vecinos con buenas palabras y promesas sin fecha, exigiendo que asuma su responsabilidad de una vez por todas\u201d.<\/p>\n\n\n\n<p class=\"wp-block-paragraph\">Desde el PSOE de Almer\u00eda reclaman tanto a la Junta como al equipo de Gobierno del Ayuntamiento de Almer\u00eda una coordinaci\u00f3n real y \u00e1gil para desbloquear de forma definitiva las infraestructuras educativas de la Vega de Ac\u00e1, presentando un cronograma con fechas de licitaci\u00f3n y obras que garantice que todos los j\u00f3venes del barrio puedan estudiar en un centro p\u00fablico en su propio entorno, sin que su educaci\u00f3n dependa de la capacidad econ\u00f3mica de sus hogares.<\/p>\n\n\n\n<figure class=\"wp-block-image size-full\"><img fetchpriority=\"high\" decoding=\"async\" width=\"700\" height=\"525\" src=\"https:\/\/lagacetadealmeria.com\/wp-content\/uploads\/2026\/09\/Viceportavoz-del-PSOE-en-el-Ayuntamiento-de-Almeria-Raul-Enriquez.jpg\" alt=\"\" class=\"wp-image-75710\" srcset=\"https:\/\/lagacetadealmeria.com\/wp-content\/uploads\/2026\/09\/Viceportavoz-del-PSOE-en-el-Ayuntamiento-de-Almeria-Raul-Enriquez.jpg 700w, https:\/\/lagacetadealmeria.com\/wp-content\/uploads\/2026\/09\/Viceportavoz-del-PSOE-en-el-Ayuntamiento-de-Almeria-Raul-Enriquez-300x225.jpg 300w\" sizes=\"(max-width: 700px) 100vw, 700px\" \/><\/figure>\n","protected":false},"excerpt":{"rendered":"<p>Ra\u00fal Enr\u00edquez: \u201cCelebramos la iniciativa privada pero exigimos a la Junta que asuma su responsabilidad\u00a0&#8230;<\/p>\n","protected":false},"author":12,"featured_media":75710,"comment_status":"open","ping_status":"open","sticky":false,"template":"","format":"standard","meta":{"advanced_seo_description":"","jetpack_seo_html_title":"","jetpack_seo_noindex":false,"jetpack_seo_schema_type":"","_jetpack_newsletter_access":"","_jetpack_dont_email_post_to_subs":false,"_jetpack_newsletter_tier_id":0,"_jetpack_memberships_contains_paywalled_content":false,"_jetpack_feature_clip_id":0,"_jetpack_memberships_contains_paid_content":false,"footnotes":"","jetpack_post_was_ever_published":false},"categories":[22],"tags":[],"class_list":["post-75708","post","type-post","status-publish","format-standard","has-post-thumbnail","hentry","category-almeria"],"jetpack_sharing_enabled":true,"jetpack-related-posts":[],"amp_enabled":true,"jetpack_featured_media_url":"https:\/\/lagacetadealmeria.com\/wp-content\/uploads\/2026\/09\/Viceportavoz-del-PSOE-en-el-Ayuntamiento-de-Almeria-Raul-Enriquez.jpg","_links":{"self":[{"href":"https:\/\/lagacetadealmeria.com\/index.php?rest_route=\/wp\/v2\/posts\/75708","targetHints":{"allow":["GET"]}}],"collection":[{"href":"https:\/\/lagacetadealmeria.com\/index.php?rest_route=\/wp\/v2\/posts"}],"about":[{"href":"https:\/\/lagacetadealmeria.com\/index.php?rest_route=\/wp\/v2\/types\/post"}],"author":[{"embeddable":true,"href":"https:\/\/lagacetadealmeria.com\/index.php?rest_route=\/wp\/v2\/users\/12"}],"replies":[{"embeddable":true,"href":"https:\/\/lagacetadealmeria.com\/index.php?rest_route=%2Fwp%2Fv2%2Fcomments&post=75708"}],"version-history":[{"count":1,"href":"https:\/\/lagacetadealmeria.com\/index.php?rest_route=\/wp\/v2\/posts\/75708\/revisions"}],"predecessor-version":[{"id":75712,"href":"https:\/\/lagacetadealmeria.com\/index.php?rest_route=\/wp\/v2\/posts\/75708\/revisions\/75712"}],"wp:featuredmedia":[{"embeddable":true,"href":"https:\/\/lagacetadealmeria.com\/index.php?rest_route=\/wp\/v2\/media\/75710"}],"wp:attachment":[{"href":"https:\/\/lagacetadealmeria.com\/index.php?rest_route=%2Fwp%2Fv2%2Fmedia&parent=75708"}],"wp:term":[{"taxonomy":"category","embeddable":true,"href":"https:\/\/lagacetadealmeria.com\/index.php?rest_route=%2Fwp%2Fv2%2Fcategories&post=75708"},{"taxonomy":"post_tag","embeddable":true,"href":"https:\/\/lagacetadealmeria.com\/index.php?rest_route=%2Fwp%2Fv2%2Ftags&post=75708"}],"curies":[{"name":"wp","href":"https:\/\/api.w.org\/{rel}","templated":true}]}}