{"id":75713,"date":"2026-09-01T10:36:42","date_gmt":"2026-09-01T10:36:42","guid":{"rendered":"https:\/\/lagacetadealmeria.com\/?p=75713"},"modified":"2026-09-01T10:36:43","modified_gmt":"2026-09-01T10:36:43","slug":"el-delegado-del-gobierno-se-reune-con-el-general-de-division-jose-agustin-carreras-postigo","status":"publish","type":"post","link":"https:\/\/lagacetadealmeria.com\/?p=75713","title":{"rendered":"El delegado del Gobierno se re\u00fane con el general de Divisi\u00f3n Jos\u00e9 Agust\u00edn Carreras Postigo"},"content":{"rendered":"\n<p class=\"wp-block-paragraph\">El delegado del Gobierno de la Junta de Andaluc\u00eda en Almer\u00eda, Francisco G\u00f3ngora, se ha reunido con el recientemente nombrado general de divisi\u00f3n del Cuerpo General del Ej\u00e9rcito de Tierra, Jos\u00e9 Agust\u00edn Carreras Postigo, que ha cesado en su cargo como general jefe de la Brigada \u00abRey Alfonso XIII\u00bb II de La Legi\u00f3n (Brileg).<\/p>\n\n\n\n<p class=\"wp-block-paragraph\">Durante esta despedida institucional, G\u00f3ngora le ha trasladado al hasta hace poco responsable de la Legi\u00f3n en Almer\u00eda, su agradecimiento por la presencia institucional de la Brigada en la provincia, con participaci\u00f3n en actos institucionales, civiles, militares y religiosos.<\/p>\n\n\n\n<p class=\"wp-block-paragraph\">La trayectoria profesional de Carreras Postigo presenta una estrecha vinculaci\u00f3n con la Legi\u00f3n; una importante experiencia en \u00f3rganos de Estado Mayor, particularmente en \u00e1mbitos relacionados con operaciones, estrategia y seguimiento de las actividades del Ej\u00e9rcito de Tierra; as\u00ed como una considerable experiencia internacional, fruto de su participaci\u00f3n en diferentes operaciones desarrolladas por ls Fuerzas Armadas espa\u00f1olas en el exterior.<\/p>\n\n\n\n<p class=\"wp-block-paragraph\">A ello, se suma su especial relaci\u00f3n con Almer\u00eda, provincia en la que prest\u00f3 servicio en etapas anteriores de su carrera y a la que regres\u00f3 en noviembre de 2023 para asumir el mando de la Brigada de La Legi\u00f3n.<\/p>\n\n\n\n<figure class=\"wp-block-gallery has-nested-images columns-default is-cropped wp-block-gallery-1 is-layout-flex wp-block-gallery-is-layout-flex\">\n<figure class=\"wp-block-image size-large\"><img fetchpriority=\"high\" decoding=\"async\" width=\"584\" height=\"1024\" data-id=\"75717\" src=\"https:\/\/lagacetadealmeria.com\/wp-content\/uploads\/2026\/09\/Visita-el-general-de-Division-Jose-Agustin-Carreras-Postigo-II-1-584x1024.jpg\" alt=\"\" class=\"wp-image-75717\" srcset=\"https:\/\/lagacetadealmeria.com\/wp-content\/uploads\/2026\/09\/Visita-el-general-de-Division-Jose-Agustin-Carreras-Postigo-II-1-584x1024.jpg 584w, https:\/\/lagacetadealmeria.com\/wp-content\/uploads\/2026\/09\/Visita-el-general-de-Division-Jose-Agustin-Carreras-Postigo-II-1-171x300.jpg 171w, https:\/\/lagacetadealmeria.com\/wp-content\/uploads\/2026\/09\/Visita-el-general-de-Division-Jose-Agustin-Carreras-Postigo-II-1-768x1347.jpg 768w, https:\/\/lagacetadealmeria.com\/wp-content\/uploads\/2026\/09\/Visita-el-general-de-Division-Jose-Agustin-Carreras-Postigo-II-1-876x1536.jpg 876w, https:\/\/lagacetadealmeria.com\/wp-content\/uploads\/2026\/09\/Visita-el-general-de-Division-Jose-Agustin-Carreras-Postigo-II-1.jpg 912w\" sizes=\"(max-width: 584px) 100vw, 584px\" \/><\/figure>\n\n\n\n<figure class=\"wp-block-image size-large\"><img decoding=\"async\" width=\"700\" height=\"525\" data-id=\"75716\" src=\"https:\/\/lagacetadealmeria.com\/wp-content\/uploads\/2026\/09\/Visita-el-general-de-Division-Jose-Agustin-Carreras-Postigo-I.jpg\" alt=\"\" class=\"wp-image-75716\" srcset=\"https:\/\/lagacetadealmeria.com\/wp-content\/uploads\/2026\/09\/Visita-el-general-de-Division-Jose-Agustin-Carreras-Postigo-I.jpg 700w, https:\/\/lagacetadealmeria.com\/wp-content\/uploads\/2026\/09\/Visita-el-general-de-Division-Jose-Agustin-Carreras-Postigo-I-300x225.jpg 300w\" sizes=\"(max-width: 700px) 100vw, 700px\" \/><\/figure>\n\n\n\n<figure class=\"wp-block-image size-large\"><img decoding=\"async\" width=\"589\" height=\"1024\" data-id=\"75718\" src=\"https:\/\/lagacetadealmeria.com\/wp-content\/uploads\/2026\/09\/Visita-el-general-de-Division-Jose-Agustin-Carreras-Postigo-III-589x1024.jpg\" alt=\"\" class=\"wp-image-75718\" srcset=\"https:\/\/lagacetadealmeria.com\/wp-content\/uploads\/2026\/09\/Visita-el-general-de-Division-Jose-Agustin-Carreras-Postigo-III-589x1024.jpg 589w, https:\/\/lagacetadealmeria.com\/wp-content\/uploads\/2026\/09\/Visita-el-general-de-Division-Jose-Agustin-Carreras-Postigo-III-173x300.jpg 173w, https:\/\/lagacetadealmeria.com\/wp-content\/uploads\/2026\/09\/Visita-el-general-de-Division-Jose-Agustin-Carreras-Postigo-III.jpg 700w\" sizes=\"(max-width: 589px) 100vw, 589px\" \/><\/figure>\n<\/figure>\n","protected":false},"excerpt":{"rendered":"<p>El delegado del Gobierno de la Junta de Andaluc\u00eda en Almer\u00eda, Francisco G\u00f3ngora, se ha&#8230;<\/p>\n","protected":false},"author":12,"featured_media":75717,"comment_status":"open","ping_status":"open","sticky":false,"template":"","format":"standard","meta":{"advanced_seo_description":"","jetpack_seo_html_title":"","jetpack_seo_noindex":false,"jetpack_seo_schema_type":"","_jetpack_newsletter_access":"","_jetpack_dont_email_post_to_subs":false,"_jetpack_newsletter_tier_id":0,"_jetpack_memberships_contains_paywalled_content":false,"_jetpack_feature_clip_id":0,"_jetpack_memberships_contains_paid_content":false,"footnotes":"","jetpack_post_was_ever_published":false},"categories":[33],"tags":[],"class_list":["post-75713","post","type-post","status-publish","format-standard","has-post-thumbnail","hentry","category-sociedad"],"jetpack_sharing_enabled":true,"jetpack-related-posts":[],"amp_enabled":true,"jetpack_featured_media_url":"https:\/\/lagacetadealmeria.com\/wp-content\/uploads\/2026\/09\/Visita-el-general-de-Division-Jose-Agustin-Carreras-Postigo-II-1.jpg","_links":{"self":[{"href":"https:\/\/lagacetadealmeria.com\/index.php?rest_route=\/wp\/v2\/posts\/75713","targetHints":{"allow":["GET"]}}],"collection":[{"href":"https:\/\/lagacetadealmeria.com\/index.php?rest_route=\/wp\/v2\/posts"}],"about":[{"href":"https:\/\/lagacetadealmeria.com\/index.php?rest_route=\/wp\/v2\/types\/post"}],"author":[{"embeddable":true,"href":"https:\/\/lagacetadealmeria.com\/index.php?rest_route=\/wp\/v2\/users\/12"}],"replies":[{"embeddable":true,"href":"https:\/\/lagacetadealmeria.com\/index.php?rest_route=%2Fwp%2Fv2%2Fcomments&post=75713"}],"version-history":[{"count":1,"href":"https:\/\/lagacetadealmeria.com\/index.php?rest_route=\/wp\/v2\/posts\/75713\/revisions"}],"predecessor-version":[{"id":75719,"href":"https:\/\/lagacetadealmeria.com\/index.php?rest_route=\/wp\/v2\/posts\/75713\/revisions\/75719"}],"wp:featuredmedia":[{"embeddable":true,"href":"https:\/\/lagacetadealmeria.com\/index.php?rest_route=\/wp\/v2\/media\/75717"}],"wp:attachment":[{"href":"https:\/\/lagacetadealmeria.com\/index.php?rest_route=%2Fwp%2Fv2%2Fmedia&parent=75713"}],"wp:term":[{"taxonomy":"category","embeddable":true,"href":"https:\/\/lagacetadealmeria.com\/index.php?rest_route=%2Fwp%2Fv2%2Fcategories&post=75713"},{"taxonomy":"post_tag","embeddable":true,"href":"https:\/\/lagacetadealmeria.com\/index.php?rest_route=%2Fwp%2Fv2%2Ftags&post=75713"}],"curies":[{"name":"wp","href":"https:\/\/api.w.org\/{rel}","templated":true}]}}