{"id":75720,"date":"2026-09-01T10:40:28","date_gmt":"2026-09-01T10:40:28","guid":{"rendered":"https:\/\/lagacetadealmeria.com\/?p=75720"},"modified":"2026-09-01T10:40:30","modified_gmt":"2026-09-01T10:40:30","slug":"junta-y-sector-trabajan-de-la-mano-en-un-documento-remitido-por-agricultura-sobre-el-modelo-de-pac-nacional","status":"publish","type":"post","link":"https:\/\/lagacetadealmeria.com\/?p=75720","title":{"rendered":"Junta y sector trabajan de la mano en un documento remitido por Agricultura sobre el modelo de PAC nacional"},"content":{"rendered":"\n<p class=\"wp-block-paragraph\"><strong>Fern\u00e1ndez-Pacheco anuncia en la Mesa de Interlocuci\u00f3n Agraria que el aforo del olivar 2026\/2027 ser\u00e1 el 29 de septiembre en Ja\u00e9n<\/strong><\/p>\n\n\n\n<p class=\"wp-block-paragraph\">El consejero de Agricultura, Pesca, Agua y Desarrollo Rural, Ram\u00f3n Fern\u00e1ndez-Pacheco, se ha reunido este martes con las organizaciones agrarias profesionales y cooperativas agroalimentarias y, entre otras cuestiones, les ha trasladado un documento remitido por el Ministerio de Agricultura, Pesca y Alimentaci\u00f3n para consensuar una posici\u00f3n un\u00e1nime desde Andaluc\u00eda sobre el modelo de PAC nacional.<\/p>\n\n\n\n<p class=\"wp-block-paragraph\">Fern\u00e1ndez-Pacheco, quien ha presidido la Mesa de Interlocuci\u00f3n Agraria, ha explicado que \u201cahora se inicia el debate sobre el modelo de PAC nacional donde gobierno y comunidades aut\u00f3nomas tienen que llegar a acuerdos sobre el modelo de gobernanza y el papel de la regiones en la elaboraci\u00f3n, gesti\u00f3n y coordinaci\u00f3n del plan de colaboraci\u00f3n nacional y regional\u201d.<\/p>\n\n\n\n<p class=\"wp-block-paragraph\">Ha dicho que, \u201centre otras cuestiones, ser\u00e1 interesante saber la funci\u00f3n que debe cumplir las ayudas a la renta, las ayudas verdes y las intervenciones sectoriales, si las decisiones sobre la PAC se pueden adoptar fuera del Ministerio de Agricultura o si tambi\u00e9n va a pasar lo mismo con cuestiones fundamentales como la incorporaci\u00f3n de j\u00f3venes a la actividad agraria\u201d.<\/p>\n\n\n\n<p class=\"wp-block-paragraph\">Tal y como ha desgranado el consejero, \u201caprovechando la l\u00ednea de colaboraci\u00f3n que se mantiene con el sector, se ha hecho entrega de un cuestionario que se ha enviado desde el Ministerio de Agricultura para que ellos hagan sus aportaciones y desde la Consejer\u00eda podamos defender una posici\u00f3n un\u00e1nime y consensuada en el pr\u00f3ximo Consejo Consultivo de Pol\u00edtica Agraria para Asuntos Comunitarios\u201d.<\/p>\n\n\n\n<p class=\"wp-block-paragraph\">\u201cDesde la Consejer\u00eda se han mantenido tres reuniones t\u00e9cnicas con el sector durante julio y ahora queremos tomar la iniciativa y consensuar en el seno de esta mesa una posici\u00f3n com\u00fan en la que se reflejen los intereses de nuestro campo, las necesidades reales y las l\u00edneas rojas por las que no vamos a pasar\u201d, ha abundado.<\/p>\n\n\n\n<p class=\"wp-block-paragraph\">Hasta la fecha, desde Andaluc\u00eda se ha defendido \u201cuna PAC con un presupuesto fuerte y estable e independiente, manteniendo los dos pilares y donde las regiones formen parte de la estructura de decisiones\u201d. En definitiva, una PAC que permita mantener una agricultura moderna y rentable capaz de garantizar la soberan\u00eda alimentaria y de calidad a todos los europeos.<\/p>\n\n\n\n<p class=\"wp-block-paragraph\">Junto al debate de la PAC a nivel nacional, tambi\u00e9n se han tratado otros temas en el orden del d\u00eda como la situaci\u00f3n del mercado del aceite de oliva o la crisis que atraviesa el sector arrocero por el importante aumento en los costes de producci\u00f3n y el aumento de las importaciones de arroz de pa\u00edses terceros.<\/p>\n\n\n\n<p class=\"wp-block-paragraph\">Asimismo, se ha hecho un seguimiento de las diferentes ayudas puestas en marcha por la Consejer\u00eda de Agricultura, Pesca, Agua y Desarrollo Rural como consecuencia de las fuertes lluvias del pasado noviembre de 2025 y febrero de 2026; as\u00ed como se ha dado cuenta de otras convocatorias de subvenciones. Durante el discurso, el consejero de Agricultura tambi\u00e9n ha anunciado la fecha del aforo del olivar 2026\/2027, que ser\u00e1 el pr\u00f3ximo 29 de septiembre en Ja\u00e9n.<\/p>\n\n\n\n<figure class=\"wp-block-gallery has-nested-images columns-default is-cropped wp-block-gallery-1 is-layout-flex wp-block-gallery-is-layout-flex\">\n<figure class=\"wp-block-image size-large\"><img fetchpriority=\"high\" decoding=\"async\" width=\"700\" height=\"467\" data-id=\"75721\" src=\"https:\/\/lagacetadealmeria.com\/wp-content\/uploads\/2026\/09\/Fernandez-Pacheco-preside-la-Mesa-de-Interlocucion-Agraria-1.jpg\" alt=\"\" class=\"wp-image-75721\" srcset=\"https:\/\/lagacetadealmeria.com\/wp-content\/uploads\/2026\/09\/Fernandez-Pacheco-preside-la-Mesa-de-Interlocucion-Agraria-1.jpg 700w, https:\/\/lagacetadealmeria.com\/wp-content\/uploads\/2026\/09\/Fernandez-Pacheco-preside-la-Mesa-de-Interlocucion-Agraria-1-300x200.jpg 300w\" sizes=\"(max-width: 700px) 100vw, 700px\" \/><\/figure>\n\n\n\n<figure class=\"wp-block-image size-large\"><img decoding=\"async\" width=\"700\" height=\"467\" data-id=\"75723\" src=\"https:\/\/lagacetadealmeria.com\/wp-content\/uploads\/2026\/09\/Fernandez-Pacheco-preside-la-Mesa-de-Interlocucion-Agraria-3.jpg\" alt=\"\" class=\"wp-image-75723\" srcset=\"https:\/\/lagacetadealmeria.com\/wp-content\/uploads\/2026\/09\/Fernandez-Pacheco-preside-la-Mesa-de-Interlocucion-Agraria-3.jpg 700w, https:\/\/lagacetadealmeria.com\/wp-content\/uploads\/2026\/09\/Fernandez-Pacheco-preside-la-Mesa-de-Interlocucion-Agraria-3-300x200.jpg 300w\" sizes=\"(max-width: 700px) 100vw, 700px\" \/><\/figure>\n\n\n\n<figure class=\"wp-block-image size-large\"><img decoding=\"async\" width=\"700\" height=\"467\" data-id=\"75722\" src=\"https:\/\/lagacetadealmeria.com\/wp-content\/uploads\/2026\/09\/Fernandez-Pacheco-preside-la-Mesa-de-Interlocucion-Agraria-2.jpg\" alt=\"\" class=\"wp-image-75722\" srcset=\"https:\/\/lagacetadealmeria.com\/wp-content\/uploads\/2026\/09\/Fernandez-Pacheco-preside-la-Mesa-de-Interlocucion-Agraria-2.jpg 700w, https:\/\/lagacetadealmeria.com\/wp-content\/uploads\/2026\/09\/Fernandez-Pacheco-preside-la-Mesa-de-Interlocucion-Agraria-2-300x200.jpg 300w\" sizes=\"(max-width: 700px) 100vw, 700px\" \/><\/figure>\n<\/figure>\n","protected":false},"excerpt":{"rendered":"<p>Fern\u00e1ndez-Pacheco anuncia en la Mesa de Interlocuci\u00f3n Agraria que el aforo del olivar 2026\/2027 ser\u00e1&#8230;<\/p>\n","protected":false},"author":12,"featured_media":75723,"comment_status":"open","ping_status":"open","sticky":false,"template":"","format":"standard","meta":{"advanced_seo_description":"","jetpack_seo_html_title":"","jetpack_seo_noindex":false,"jetpack_seo_schema_type":"","_jetpack_newsletter_access":"","_jetpack_dont_email_post_to_subs":false,"_jetpack_newsletter_tier_id":0,"_jetpack_memberships_contains_paywalled_content":false,"_jetpack_feature_clip_id":0,"_jetpack_memberships_contains_paid_content":false,"footnotes":"","jetpack_post_was_ever_published":false},"categories":[23],"tags":[],"class_list":["post-75720","post","type-post","status-publish","format-standard","has-post-thumbnail","hentry","category-andalucia"],"jetpack_sharing_enabled":true,"jetpack-related-posts":[],"amp_enabled":true,"jetpack_featured_media_url":"https:\/\/lagacetadealmeria.com\/wp-content\/uploads\/2026\/09\/Fernandez-Pacheco-preside-la-Mesa-de-Interlocucion-Agraria-3.jpg","_links":{"self":[{"href":"https:\/\/lagacetadealmeria.com\/index.php?rest_route=\/wp\/v2\/posts\/75720","targetHints":{"allow":["GET"]}}],"collection":[{"href":"https:\/\/lagacetadealmeria.com\/index.php?rest_route=\/wp\/v2\/posts"}],"about":[{"href":"https:\/\/lagacetadealmeria.com\/index.php?rest_route=\/wp\/v2\/types\/post"}],"author":[{"embeddable":true,"href":"https:\/\/lagacetadealmeria.com\/index.php?rest_route=\/wp\/v2\/users\/12"}],"replies":[{"embeddable":true,"href":"https:\/\/lagacetadealmeria.com\/index.php?rest_route=%2Fwp%2Fv2%2Fcomments&post=75720"}],"version-history":[{"count":1,"href":"https:\/\/lagacetadealmeria.com\/index.php?rest_route=\/wp\/v2\/posts\/75720\/revisions"}],"predecessor-version":[{"id":75725,"href":"https:\/\/lagacetadealmeria.com\/index.php?rest_route=\/wp\/v2\/posts\/75720\/revisions\/75725"}],"wp:featuredmedia":[{"embeddable":true,"href":"https:\/\/lagacetadealmeria.com\/index.php?rest_route=\/wp\/v2\/media\/75723"}],"wp:attachment":[{"href":"https:\/\/lagacetadealmeria.com\/index.php?rest_route=%2Fwp%2Fv2%2Fmedia&parent=75720"}],"wp:term":[{"taxonomy":"category","embeddable":true,"href":"https:\/\/lagacetadealmeria.com\/index.php?rest_route=%2Fwp%2Fv2%2Fcategories&post=75720"},{"taxonomy":"post_tag","embeddable":true,"href":"https:\/\/lagacetadealmeria.com\/index.php?rest_route=%2Fwp%2Fv2%2Ftags&post=75720"}],"curies":[{"name":"wp","href":"https:\/\/api.w.org\/{rel}","templated":true}]}}