{"id":75730,"date":"2026-09-01T10:50:22","date_gmt":"2026-09-01T10:50:22","guid":{"rendered":"https:\/\/lagacetadealmeria.com\/?p=75730"},"modified":"2026-09-01T10:50:23","modified_gmt":"2026-09-01T10:50:23","slug":"verdiblanca-dio-mas-de-270-aparcamientos-gratis-a-personas-con-discapacidad-durante-la-feria","status":"publish","type":"post","link":"https:\/\/lagacetadealmeria.com\/?p=75730","title":{"rendered":"VERDIBLANCA DIO M\u00c1S DE 270 APARCAMIENTOS GRATIS A PERSONAS CON DISCAPACIDAD DURANTE LA FERIA"},"content":{"rendered":"\n<p class=\"wp-block-paragraph\"><strong>La entidad ha duplicado este a\u00f1o las plazas reservadas a veh\u00edculos del colectivo frente al recinto ferial<\/strong><\/p>\n\n\n\n<p class=\"wp-block-paragraph\">El compromiso de Verdiblanca por hacer m\u00e1s f\u00e1cil la vida de las personas con discapacidad se ha materializado tambi\u00e9n este a\u00f1o en el ofrecimiento gratuito de plazas de aparcamiento justo enfrente del recinto ferial. En total han sido m\u00e1s de 270 aparcamientos los que ha concedido sin coste alguno a todos aquellos veh\u00edculos que contaban con la tarjeta oficial que concede la Junta de Andaluc\u00eda.<\/p>\n\n\n\n<p class=\"wp-block-paragraph\">A pesar de que el precio estipulado por el Ayuntamiento de Almer\u00eda era de 4\u20ac en tarifa plana desde las 6 de la tarde a las 7 de la ma\u00f1ana, la Asociaci\u00f3n de Personas con Discapacidad Verdiblanca, concesionaria de este servicio durante los nueve d\u00edas de Feria, ha decidido un a\u00f1o m\u00e1s no cobrar el ticket de aparcamiento a quienes demostraran ser las personas titulares de las tarjetas concedidas.<\/p>\n\n\n\n<p class=\"wp-block-paragraph\">Adem\u00e1s de la treintena de plazas reservadas para personas con movilidad reducida con las que cuenta el parking de 1.381 aparcamientos del Estadio de la Uni\u00f3n Deportiva Almer\u00eda, Verdiblanca ha se\u00f1alizado una veintena m\u00e1s. Estos espacios han estado ubicados junto a las dos salidas, una en la zona Sur, frente al p\u00f3rtico de la Feria, y otra en la Este, igualmente de f\u00e1cil acceso peatonal al recinto. Este parking est\u00e1 asfaltado y sencillo de transitar.<\/p>\n\n\n\n<p class=\"wp-block-paragraph\">\u201c\u00a1No des m\u00e1s vueltas!\u201d, ha sido el mensaje que este a\u00f1o ha repetido incansablemente Verdiblanca a quienes han acudido cada noche al recinto ferial de la ciudad. M\u00e1s de 2.000 plazas de aparcamiento han sido las que ha gestionado la entidad social desde el 21 al 29 del mes de agosto junto a las atracciones de Feria. Su experiencia y operatividad se ha demostrado un a\u00f1o m\u00e1s, colaborando con el Ayuntamiento de Almer\u00eda a la fluidez del tr\u00e1fico y a la comodidad de quienes han visitado el recinto ferial.<\/p>\n\n\n\n<p class=\"wp-block-paragraph\">Una treintena de trabajadores y trabajadoras con diversidad funcional o vulnerables han demostrado nuevamente sus habilidades para conseguir que el acceso en veh\u00edculos propios sea c\u00f3modo y seguro. Este personal operario ha estado al frente tanto para ordenar el aparcamiento de veh\u00edculos en tres parcelas ofertadas por el consistorio capitalino, como en la decena de controles de acceso a las inmediaciones.<\/p>\n\n\n\n<p class=\"wp-block-paragraph\">Las parcelas habilitadas por el Ayuntamiento han sido las del estadio de f\u00fatbol, la de calle Mezquita, con 350 plazas junto a la rotonda del McDonald\u2019s, y en la calle Alga Azul (frente al almac\u00e9n Patatas Salcedo), con 370.<\/p>\n\n\n\n<p class=\"wp-block-paragraph\">Para el presidente de Verdiblanca, Antonio S\u00e1nchez de Amo, \u201ceste servicio es ya un referente en la ciudadan\u00eda, a la que se le ve cada a\u00f1o m\u00e1s concienciada de la labor que hacemos de integraci\u00f3n sociolaboral y cumplimiento de uno de nuestros principales objetivos: proporcionar puestos de trabajo a personas en riesgo de exclusi\u00f3n\u201d.<\/p>\n\n\n\n<figure class=\"wp-block-image size-full\"><img fetchpriority=\"high\" decoding=\"async\" width=\"700\" height=\"525\" src=\"https:\/\/lagacetadealmeria.com\/wp-content\/uploads\/2026\/09\/Foto-aparcamientos-Feria.jpg\" alt=\"\" class=\"wp-image-75731\" srcset=\"https:\/\/lagacetadealmeria.com\/wp-content\/uploads\/2026\/09\/Foto-aparcamientos-Feria.jpg 700w, https:\/\/lagacetadealmeria.com\/wp-content\/uploads\/2026\/09\/Foto-aparcamientos-Feria-300x225.jpg 300w\" sizes=\"(max-width: 700px) 100vw, 700px\" \/><\/figure>\n","protected":false},"excerpt":{"rendered":"<p>La entidad ha duplicado este a\u00f1o las plazas reservadas a veh\u00edculos del colectivo frente al&#8230;<\/p>\n","protected":false},"author":12,"featured_media":75731,"comment_status":"open","ping_status":"open","sticky":false,"template":"","format":"standard","meta":{"advanced_seo_description":"","jetpack_seo_html_title":"","jetpack_seo_noindex":false,"jetpack_seo_schema_type":"","_jetpack_newsletter_access":"","_jetpack_dont_email_post_to_subs":false,"_jetpack_newsletter_tier_id":0,"_jetpack_memberships_contains_paywalled_content":false,"_jetpack_feature_clip_id":0,"_jetpack_memberships_contains_paid_content":false,"footnotes":"","jetpack_post_was_ever_published":false},"categories":[22],"tags":[],"class_list":["post-75730","post","type-post","status-publish","format-standard","has-post-thumbnail","hentry","category-almeria"],"jetpack_sharing_enabled":true,"jetpack-related-posts":[],"amp_enabled":true,"jetpack_featured_media_url":"https:\/\/lagacetadealmeria.com\/wp-content\/uploads\/2026\/09\/Foto-aparcamientos-Feria.jpg","_links":{"self":[{"href":"https:\/\/lagacetadealmeria.com\/index.php?rest_route=\/wp\/v2\/posts\/75730","targetHints":{"allow":["GET"]}}],"collection":[{"href":"https:\/\/lagacetadealmeria.com\/index.php?rest_route=\/wp\/v2\/posts"}],"about":[{"href":"https:\/\/lagacetadealmeria.com\/index.php?rest_route=\/wp\/v2\/types\/post"}],"author":[{"embeddable":true,"href":"https:\/\/lagacetadealmeria.com\/index.php?rest_route=\/wp\/v2\/users\/12"}],"replies":[{"embeddable":true,"href":"https:\/\/lagacetadealmeria.com\/index.php?rest_route=%2Fwp%2Fv2%2Fcomments&post=75730"}],"version-history":[{"count":1,"href":"https:\/\/lagacetadealmeria.com\/index.php?rest_route=\/wp\/v2\/posts\/75730\/revisions"}],"predecessor-version":[{"id":75733,"href":"https:\/\/lagacetadealmeria.com\/index.php?rest_route=\/wp\/v2\/posts\/75730\/revisions\/75733"}],"wp:featuredmedia":[{"embeddable":true,"href":"https:\/\/lagacetadealmeria.com\/index.php?rest_route=\/wp\/v2\/media\/75731"}],"wp:attachment":[{"href":"https:\/\/lagacetadealmeria.com\/index.php?rest_route=%2Fwp%2Fv2%2Fmedia&parent=75730"}],"wp:term":[{"taxonomy":"category","embeddable":true,"href":"https:\/\/lagacetadealmeria.com\/index.php?rest_route=%2Fwp%2Fv2%2Fcategories&post=75730"},{"taxonomy":"post_tag","embeddable":true,"href":"https:\/\/lagacetadealmeria.com\/index.php?rest_route=%2Fwp%2Fv2%2Ftags&post=75730"}],"curies":[{"name":"wp","href":"https:\/\/api.w.org\/{rel}","templated":true}]}}