{"id":75734,"date":"2026-09-01T10:51:58","date_gmt":"2026-09-01T10:51:58","guid":{"rendered":"https:\/\/lagacetadealmeria.com\/?p=75734"},"modified":"2026-09-01T10:51:59","modified_gmt":"2026-09-01T10:51:59","slug":"medidas-especiales-regulacion-del-trafico-debido-al-paso-de-la-vuelta-ciclista-a-espana-por-almeria","status":"publish","type":"post","link":"https:\/\/lagacetadealmeria.com\/?p=75734","title":{"rendered":"Medidas especiales regulaci\u00f3n del tr\u00e1fico debido al paso de la Vuelta Ciclista a Espa\u00f1a por Almer\u00eda"},"content":{"rendered":"\n<p class=\"wp-block-paragraph\">La Jefatura Provincial de Tr\u00e1fico informa que el pr\u00f3ximo jueves d\u00eda 3 de septiembre est\u00e1 prevista la celebraci\u00f3n de la 12\u00aa etapa de la Vuelta Ciclista a Espa\u00f1a en la provincia de Almer\u00eda, con inicio en la localidad de Vera y llegada en el Observatorio del Calar Alto.<\/p>\n\n\n\n<p class=\"wp-block-paragraph\">Por este motivo se adoptar\u00e1n medidas especiales de regulaci\u00f3n del tr\u00e1fico con cortes temporales de circulaci\u00f3n en las carreteras <strong>N-340a<\/strong> (Vera \u2013 Real de Antas), <strong>AL-7105<\/strong> (El Real de Antas \u2013 Rambla Aljibe), <strong>A-1101<\/strong> (Rambla Aljibe &#8211; Zurgena), <strong>AL-7104<\/strong> (Arboleas \u2013 Albox), <strong>A-1204<\/strong> (Albox), <strong>AL-7102<\/strong> (Albox &#8211; Almanzora), <strong>A-1100<\/strong> (Almanzora &#8211; Albanchez), <strong>AL-6106<\/strong> (C\u00f3bdar), <strong>AL-5100<\/strong> (Chercos), <strong>AL-6105<\/strong> (Chercos \u2013 Macael), <strong>A-349<\/strong> (Macael &#8211; Tabernas), <strong>AL-3102<\/strong> (Velefique &#8211; Bacares), <strong>AL-5407<\/strong> (Bacares \u2013 Las Menas de Ser\u00f3n), <strong>A-1178<\/strong> (Las Menas &#8211; La Merendera) y <strong>AL-4404<\/strong> (Calar Alto), durante el paso de la carrera que tiene prevista su salida a las <strong>13:00<\/strong> horas desde la calle Mayor de Vera finalizando sobre las <strong>18:00<\/strong> horas.<\/p>\n\n\n\n<p class=\"wp-block-paragraph\">Al objeto de regular el acceso a la zona de meta, la subida de los aficionados que quieran presenciar la llegada, se canalizar\u00e1 por la carretera <strong>AL-4404<\/strong> (Aulago) desde el enlace 356 de la autov\u00eda A-92 hasta el Observatorio del Calar Alto, quedando la carretera <strong>A-1178<\/strong> reservada para los veh\u00edculos de organizaci\u00f3n y autorizados con corte del tr\u00e1fico entre el Area Recreativa de <em>La Merendera<\/em> y el <em>Collado del Conde<\/em> desde la tarde del d\u00eda anterior.<\/p>\n\n\n\n<p class=\"wp-block-paragraph\">Igualmente, se regular\u00e1 el acceso al <strong>Alto de Velefique<\/strong> en la carretera <strong>AL-3102<\/strong> quedando totalmente prohibido el aparcamiento ocupando parcial o totalmente la calzada.<\/p>\n\n\n\n<p class=\"wp-block-paragraph\">Las medidas descritas tienen como objetivo garantizar la seguridad de los participantes y del resto de usuarios de las carreteras afectadas, evitando el colapso circulatorio durante el desarrollo del evento.<\/p>\n\n\n\n<p class=\"wp-block-paragraph\">Se recomienda a los conductores que tengan previsto desplazarse por las zonas afectadas durante la jornada del evento que planifiquen sus viajes con antelaci\u00f3n y utilicen itinerarios alternativos, respetando las medidas adoptadas y las indicaciones impartidas por el personal encargado de la regulaci\u00f3n del tr\u00e1fico.<\/p>\n\n\n\n<p class=\"wp-block-paragraph\">Para una informaci\u00f3n actualizada puede consultar en el mapa de estado del tr\u00e1fico e incidencias de la DGT: <a href=\"https:\/\/etraffic.dgt.es\/etrafficWEB\/\">https:\/\/etraffic.dgt.es\/etrafficWEB\/<\/a><\/p>\n","protected":false},"excerpt":{"rendered":"<p>La Jefatura Provincial de Tr\u00e1fico informa que el pr\u00f3ximo jueves d\u00eda 3 de septiembre est\u00e1&#8230;<\/p>\n","protected":false},"author":12,"featured_media":7154,"comment_status":"open","ping_status":"open","sticky":false,"template":"","format":"standard","meta":{"advanced_seo_description":"","jetpack_seo_html_title":"","jetpack_seo_noindex":false,"jetpack_seo_schema_type":"","_jetpack_newsletter_access":"","_jetpack_dont_email_post_to_subs":false,"_jetpack_newsletter_tier_id":0,"_jetpack_memberships_contains_paywalled_content":false,"_jetpack_feature_clip_id":0,"_jetpack_memberships_contains_paid_content":false,"footnotes":"","jetpack_post_was_ever_published":false},"categories":[37],"tags":[],"class_list":["post-75734","post","type-post","status-publish","format-standard","has-post-thumbnail","hentry","category-provincia"],"jetpack_sharing_enabled":true,"jetpack-related-posts":[],"amp_enabled":true,"jetpack_featured_media_url":"https:\/\/lagacetadealmeria.com\/wp-content\/uploads\/2025\/01\/Autovia-del-Almanzora.jpg","_links":{"self":[{"href":"https:\/\/lagacetadealmeria.com\/index.php?rest_route=\/wp\/v2\/posts\/75734","targetHints":{"allow":["GET"]}}],"collection":[{"href":"https:\/\/lagacetadealmeria.com\/index.php?rest_route=\/wp\/v2\/posts"}],"about":[{"href":"https:\/\/lagacetadealmeria.com\/index.php?rest_route=\/wp\/v2\/types\/post"}],"author":[{"embeddable":true,"href":"https:\/\/lagacetadealmeria.com\/index.php?rest_route=\/wp\/v2\/users\/12"}],"replies":[{"embeddable":true,"href":"https:\/\/lagacetadealmeria.com\/index.php?rest_route=%2Fwp%2Fv2%2Fcomments&post=75734"}],"version-history":[{"count":1,"href":"https:\/\/lagacetadealmeria.com\/index.php?rest_route=\/wp\/v2\/posts\/75734\/revisions"}],"predecessor-version":[{"id":75736,"href":"https:\/\/lagacetadealmeria.com\/index.php?rest_route=\/wp\/v2\/posts\/75734\/revisions\/75736"}],"wp:featuredmedia":[{"embeddable":true,"href":"https:\/\/lagacetadealmeria.com\/index.php?rest_route=\/wp\/v2\/media\/7154"}],"wp:attachment":[{"href":"https:\/\/lagacetadealmeria.com\/index.php?rest_route=%2Fwp%2Fv2%2Fmedia&parent=75734"}],"wp:term":[{"taxonomy":"category","embeddable":true,"href":"https:\/\/lagacetadealmeria.com\/index.php?rest_route=%2Fwp%2Fv2%2Fcategories&post=75734"},{"taxonomy":"post_tag","embeddable":true,"href":"https:\/\/lagacetadealmeria.com\/index.php?rest_route=%2Fwp%2Fv2%2Ftags&post=75734"}],"curies":[{"name":"wp","href":"https:\/\/api.w.org\/{rel}","templated":true}]}}