{"id":75737,"date":"2026-09-01T11:03:08","date_gmt":"2026-09-01T11:03:08","guid":{"rendered":"https:\/\/lagacetadealmeria.com\/?p=75737"},"modified":"2026-09-01T11:03:10","modified_gmt":"2026-09-01T11:03:10","slug":"la-junta-lleva-11-recitales-de-flamenco-a-almeria-a-traves-del-circuito-andaluz-de-penas","status":"publish","type":"post","link":"https:\/\/lagacetadealmeria.com\/?p=75737","title":{"rendered":"La Junta lleva 11 recitales de flamenco a Almer\u00eda a trav\u00e9s del Circuito Andaluz de Pe\u00f1as"},"content":{"rendered":"\n<p class=\"wp-block-paragraph\">Del Pozo destaca que el ciclo \u201cllevar\u00e1 a estos espacios a un m\u00ednimo<br>de 470 artistas tras consolidar una inversi\u00f3n que buscar reforzar el<br>papel de estas entidades en la promoci\u00f3n del arte jondo\u201d<br>La mayor\u00eda de los recitales se desarrollar\u00e1n de septiembre a<br>noviembre, coincidiendo con la celebraci\u00f3n del D\u00eda del Flamenco<br>La consejera de Cultura, Patrimonio Hist\u00f3rico y Deporte, Patricia del Pozo, ha<br>presentado hoy la nueva programaci\u00f3n del Circuito Andaluz de Pe\u00f1as que en 2026 \u201cva<br>a sumar un total de 225 actuaciones de cante, baile y toque en las ocho provincias<br>andaluzas, con la participaci\u00f3n de un m\u00ednimo de 470 artistas, entre los que se incluyen<br>tanto nuevas voces y j\u00f3venes talentos, como artistas acreedores de una larga y<br>reconocida trayectoria\u201d, en palabras de Del Pozo.<br>El Circuito Andaluz de Pe\u00f1as \u201cpermite llevar el flamenco a todos los rincones de<br>Andaluc\u00eda, reforzando el papel de estas entidades como espacios esenciales para la<br>conservaci\u00f3n, promoci\u00f3n y difusi\u00f3n del arte jondo\u201d, ha valorado Del Pozo, que ha<br>estado acompa\u00f1ada en la presentaci\u00f3n en la sede sevillana del Instituto Andaluz del<br>Flamenco por la viceconsejera de Cultura, Macarena O\u2019Neill, as\u00ed como por la<br>presidenta de la Confederaci\u00f3n Andaluza de Pe\u00f1as Flamencas, Concha Prieto,<br>representantes de pe\u00f1as de las distintas federaciones y diversos agentes del sector.<br>Del Pozo ha destacado que este ciclo se enmarca en la Ley del Flamenco y en su Plan<br>Estrat\u00e9gico, aprobado por el Consejo de Gobierno de la Junta de Andaluc\u00eda el pasado<br>mes de mayo y que identifica a las pe\u00f1as como \u201cagentes fundamentales en la<br>preservaci\u00f3n y difusi\u00f3n del flamenco, reconociendo su fuerte social y cultural en el<br>entorno en el que se enmarcan\u201d.<br>\u201cEn 2026 hemos consolidado la inversi\u00f3n de 250.000\u20ac para este programa de pe\u00f1as,<br>un importe que supone un 20% m\u00e1s que el que se invert\u00eda en estos espacios de<br>encuentro del arte jondo en 2019\u201d, ha informado Del Pozo. En todo caso, seg\u00fan ha<br>manifestado la consejera, esta apuesta se extiende tambi\u00e9n al apoyo a los artistas<br>m\u00e1s j\u00f3venes, toda vez que pe\u00f1as son los escenarios en los que se han celebrado las<br>primeras fases provinciales del Circuito Andaluz de J\u00f3venes Flamencos, una iniciativa<br>que se desarrolla en colaboraci\u00f3n con las federaciones provinciales y el Instituto Andaluz de la Juventud y que tiene como objetivo visibilizar el flamenco, generar<br>oportunidades para la creaci\u00f3n y favorecer la incorporaci\u00f3n de nuevos p\u00fablicos.<br>De este modo, ambas iniciativas -el Circuito Andaluz de Pe\u00f1as Flamencas y el Circuito<br>Andaluz de J\u00f3venes Flamencos-, junto con la convocatoria de ayudas al tejido<br>asociativo, suponen una aportaci\u00f3n conjunta de 330.000 euros destinada<br>espec\u00edficamente a las pe\u00f1as flamencas andaluzas.<br>Convocatoria p\u00fablica y abierta<br>El Circuito ofrece una oportunidad para el desarrollo de las carreras art\u00edsticas y para el<br>relevo generacional. De este modo, para elaborar la programaci\u00f3n se realiz\u00f3 una<br>convocatoria p\u00fablica abierta a todos los artistas interesados en participar.<br>El listado resultante, con cerca de 300 propuestas, ha servido de base a las<br>federaciones provinciales para configurar sus respectivos programas, en los que<br>conviven artistas de reconocida trayectoria con j\u00f3venes que comienzan a abrirse<br>camino en el mundo del flamenco.<br>Esta edici\u00f3n reunir\u00e1 181 actuaciones de cante, 31 de baile y 13 de toque, que se<br>desarrollar\u00e1n en el conjunto de las ocho provincias andaluzas. La programaci\u00f3n se<br>articula sobre una amplia red asociativa integrada actualmente por 329 pe\u00f1as<br>federadas: 14 en Almer\u00eda, 50 en C\u00e1diz, 42 en C\u00f3rdoba, 25 en Granada, 21 en Huelva,<br>45 en Ja\u00e9n, 52 en M\u00e1laga y 80 en Sevilla.<\/p>\n\n\n\n<p class=\"wp-block-paragraph\">En las ocho provincias<br>Ja\u00e9n ha adelantado el comienzo de su programaci\u00f3n con el tradicional ciclo \u2018A la<br>Verde Oliva\u2019, celebrado entre el 6 de junio y el 11 de julio. La segunda fase comenzar\u00e1<br>el 12 de septiembre y se prolongar\u00e1 hasta el 28 de noviembre. En total, la provincia<br>acoger\u00e1 30 actuaciones \u201427 de cante, una de baile y dos de toque\u2014 en otras tantas<br>pe\u00f1as flamencas de 28 localidades: Martos, Linares, Baeza, Segura de la Sierra,<br>Guarrom\u00e1n, Pozo Alc\u00f3n, Arroyo del Ojanco, Porcuna, Bedmar, Torredelcampo, Bail\u00e9n,<br>Mancha Real, Pegalajar, Jimena, And\u00fajar, Torreperogil, J\u00f3dar, Villacarrillo, Villanueva<br>de la Reina, Ba\u00f1os de la Encina, Ja\u00e9n, Sabiote, Beas de Segura, \u00dabeda,<br>Torredonjimeno, Arjonilla, Lopera y Meng\u00edbar.<br>Tambi\u00e9n Sevilla dedicado a los 50 a\u00f1os de la edici\u00f3n de \u2018Persecuci\u00f3n\u2019, disco<br>emblem\u00e1tico del cantaor Juan Pe\u00f1a \u201cEl Lebrijano\u201d, coincidiendo con la efem\u00e9ride de<br>su publicaci\u00f3n, inici\u00f3 su Circuito en junio, con una programaci\u00f3n que se prolongar\u00e1<br>hasta el 30 de octubre. En total, se celebrar\u00e1n 56 actuaciones \u201453 de cante, dos de baile y una de toque\u2014 en otras tantas pe\u00f1as flamencas de 41 localidades: Sevilla,<br>Santiponce, Coria del R\u00edo, El Viso del Alcor, Coripe, Lora del R\u00edo, Aznalc\u00f3llar, Las<br>Cabezas de San Juan, Lebrija, Valencina de la Concepci\u00f3n, Carmona, La Algaba, Isla<br>Mayor, \u00c9cija, Alcal\u00e1 de Guada\u00edra, Pruna, Espartinas, Burguillos, Sanl\u00facar la Mayor,<br>Montellano, Dos Hermanas, Olivares, Gelves, Villanueva del Ariscal, Tomares, Arahal,<br>Mor\u00f3n de la Frontera, Herrera, La Luisiana, Mart\u00edn de la Jara, Villanueva de San Juan,<br>Bormujos, Mairena del Alcor, Albaida del Aljarafe, El Castillo de las Guardas, Los<br>Palacios y Villafranca, Fuentes de Andaluc\u00eda, San Jos\u00e9 de la Rinconada, Mairena del<br>Aljarafe, Guillena y Paradas.<br>En Almer\u00eda, con el homenaje al recientemente fallecido maestro guitarrista Pepe<br>Habichuela, como reconocimiento a su trayectoria y a su enorme aportaci\u00f3n a la<br>guitarra y al flamenco, el circuito comenz\u00f3 el 1 de agosto y concluir\u00e1 el 15 de<br>noviembre. La provincia contar\u00e1 con 11 actuaciones, todas ellas de cante, en otras<br>tantas pe\u00f1as flamencas de nueve localidades: Carboneras, Tabernas, Adra, Pechina,<br>El Ejido, Hu\u00e9rcal de Almer\u00eda, Almer\u00eda, Adra y Viator.<br>La programaci\u00f3n de C\u00e1diz, dedicada este a\u00f1o a Mar\u00eda Vargas Fern\u00e1ndez, se<br>desarrollar\u00e1 entre el 5 de septiembre y el 21 de noviembre. En total, ser\u00e1n 33<br>actuaciones, 22 de cante y 11 de baile, en otras tantas pe\u00f1as flamencas de 22<br>localidades: Chiclana, Jerez, Chipiona, C\u00e1diz, San Fernando, Guadalcac\u00edn, Sanl\u00facar<br>de Barrameda, Arcos de la Frontera, Conil, El Puerto de Santa Mar\u00eda, Ubrique,<br>Barbate, Los Barrios, Vejer, Algeciras, Alcal\u00e1 del Valle, Espera, La L\u00ednea de la<br>Concepci\u00f3n, Jimena de la Frontera, Guadiaro, Puerto Real y Ceuta.<br>En Granada, el Circuito comenzar\u00e1 el 15 de agosto y finalizar\u00e1 el 21 de noviembre. La<br>programaci\u00f3n, dedicada a Antonio Campos Mu\u00f1oz, reunir\u00e1 15 actuaciones, nueve de<br>cante y seis de baile, en otras tantas pe\u00f1as de 15 localidades: Montej\u00edcar, Beas de<br>Granada, Hu\u00e9tor Vega, Peligros, \u00cdllora, Montefr\u00edo, Motril, C\u00fallar Vega, Salobre\u00f1a,<br>Lentej\u00ed, Maracena, Og\u00edjares, Loja, Hu\u00e9tor T\u00e1jar y Granada.<br>Por su parte, M\u00e1laga, homenaje al flamenc\u00f3logo y coleccionista Luis Soler, por su<br>importante labor de investigaci\u00f3n, difusi\u00f3n y conservaci\u00f3n del patrimonio flamenco,<br>desarrollar\u00e1 su programaci\u00f3n entre el 5 de septiembre y el 28 de noviembre, con 35<br>actuaciones: 21 de cante, ocho de baile y seis de toque y otros instrumentos. Los<br>recitales llegar\u00e1n a otras tantas pe\u00f1as de 30 localidades: Alhaur\u00edn de la Torre, Alhaur\u00edn<br>el Grande, Alm\u00e1char, \u00c1lora, Alozaina, Antequera, Arriate, Benalm\u00e1dena, Campanillas,<br>Campillos, C\u00e1rtama, Cartaojal, Casabermeja, Casarabonela, Co\u00edn, Colmenar,<br>C\u00f3mpeta, Cuevas de San Marcos, El Burgo, Guaro, Humilladero, M\u00e1laga, Manilva,<br>Marbella, Mijas Costa, Mijas Pueblo, Nerja, Sierra de Yeguas, Torrox y V\u00e9lez M\u00e1laga. En Huelva, el Circuito se celebrar\u00e1 entre el 5 de septiembre y el 21 de noviembre. La<br>programaci\u00f3n contempla 14 actuaciones, 12 de cante, una de baile y una de toque, en<br>otras tantas pe\u00f1as flamencas de 12 localidades: Almonte, Cala\u00f1as, El Campillo,<br>Huelva, Lepe, Moguer, Paterna del Campo, Paymogo, Punta Umbr\u00eda, Santa B\u00e1rbara<br>de las Casas, Valverde del Camino y Villanueva de las Cruces.<br>Por \u00faltimo, C\u00f3rdoba, dedicado a Antonio Gonz\u00e1lez del Moral, como reconocimiento a<br>su trayectoria y aportaci\u00f3n al flamenco a trav\u00e9s de la fotograf\u00eda y difusi\u00f3n en portales<br>del sector, concentrar\u00e1 su programaci\u00f3n entre el 6 y el 28 de noviembre. El Circuito<br>provincial contar\u00e1 con 30 actuaciones \u201426 de cante, una de baile y tres de toque\u2014 en<br>otras tantas pe\u00f1as de 28 localidades: Adamuz, Aguilar de la Frontera, Albend\u00edn,<br>Baena, B\u00e9lmez, Bujalance, Cabra, Ca\u00f1ete de las Torres, Carcabuey, C\u00f3rdoba, Do\u00f1a<br>Menc\u00eda, El Carpio, Espejo, Fern\u00e1n N\u00fa\u00f1ez, Fuente Palmera, La Carlota, La Guijarrosa,<br>La Rambla, Montemayor, Montilla, Montoro, Moriles, Palma del R\u00edo, Pe\u00f1arroya,<br>Posadas, Pozoblanco, Priego de C\u00f3rdoba y Villaharta.<br>M\u00e1s informaci\u00f3n en <a href=\"https:\/\/www.juntadeandalucia.es\/aaiicc\/flamenco\/content\/circuito-\">https:\/\/www.juntadeandalucia.es\/aaiicc\/flamenco\/content\/circuito-<\/a><br>andaluz-de-pe%C3%B1as<\/p>\n\n\n\n<figure class=\"wp-block-gallery has-nested-images columns-default is-cropped wp-block-gallery-1 is-layout-flex wp-block-gallery-is-layout-flex\">\n<figure class=\"wp-block-image size-large\"><img fetchpriority=\"high\" decoding=\"async\" width=\"700\" height=\"500\" data-id=\"75739\" src=\"https:\/\/lagacetadealmeria.com\/wp-content\/uploads\/2026\/09\/La-Junta-lleva-11-recitales-de-flamenco-a-Almeria-2-1.jpg\" alt=\"\" class=\"wp-image-75739\" srcset=\"https:\/\/lagacetadealmeria.com\/wp-content\/uploads\/2026\/09\/La-Junta-lleva-11-recitales-de-flamenco-a-Almeria-2-1.jpg 700w, https:\/\/lagacetadealmeria.com\/wp-content\/uploads\/2026\/09\/La-Junta-lleva-11-recitales-de-flamenco-a-Almeria-2-1-300x214.jpg 300w\" sizes=\"(max-width: 700px) 100vw, 700px\" \/><\/figure>\n\n\n\n<figure class=\"wp-block-image size-large\"><img decoding=\"async\" width=\"700\" height=\"464\" data-id=\"75740\" src=\"https:\/\/lagacetadealmeria.com\/wp-content\/uploads\/2026\/09\/La-Junta-lleva-11-recitales-de-flamenco-a-Almeria-2.jpg\" alt=\"\" class=\"wp-image-75740\" srcset=\"https:\/\/lagacetadealmeria.com\/wp-content\/uploads\/2026\/09\/La-Junta-lleva-11-recitales-de-flamenco-a-Almeria-2.jpg 700w, https:\/\/lagacetadealmeria.com\/wp-content\/uploads\/2026\/09\/La-Junta-lleva-11-recitales-de-flamenco-a-Almeria-2-300x199.jpg 300w\" sizes=\"(max-width: 700px) 100vw, 700px\" \/><\/figure>\n<\/figure>\n","protected":false},"excerpt":{"rendered":"<p>Del Pozo destaca que el ciclo \u201cllevar\u00e1 a estos espacios a un m\u00ednimode 470 artistas&#8230;<\/p>\n","protected":false},"author":12,"featured_media":75740,"comment_status":"open","ping_status":"open","sticky":false,"template":"","format":"standard","meta":{"advanced_seo_description":"","jetpack_seo_html_title":"","jetpack_seo_noindex":false,"jetpack_seo_schema_type":"","_jetpack_newsletter_access":"","_jetpack_dont_email_post_to_subs":false,"_jetpack_newsletter_tier_id":0,"_jetpack_memberships_contains_paywalled_content":false,"_jetpack_feature_clip_id":0,"_jetpack_memberships_contains_paid_content":false,"footnotes":"","jetpack_post_was_ever_published":false},"categories":[51],"tags":[],"class_list":["post-75737","post","type-post","status-publish","format-standard","has-post-thumbnail","hentry","category-musica"],"jetpack_sharing_enabled":true,"jetpack-related-posts":[],"amp_enabled":true,"jetpack_featured_media_url":"https:\/\/lagacetadealmeria.com\/wp-content\/uploads\/2026\/09\/La-Junta-lleva-11-recitales-de-flamenco-a-Almeria-2.jpg","_links":{"self":[{"href":"https:\/\/lagacetadealmeria.com\/index.php?rest_route=\/wp\/v2\/posts\/75737","targetHints":{"allow":["GET"]}}],"collection":[{"href":"https:\/\/lagacetadealmeria.com\/index.php?rest_route=\/wp\/v2\/posts"}],"about":[{"href":"https:\/\/lagacetadealmeria.com\/index.php?rest_route=\/wp\/v2\/types\/post"}],"author":[{"embeddable":true,"href":"https:\/\/lagacetadealmeria.com\/index.php?rest_route=\/wp\/v2\/users\/12"}],"replies":[{"embeddable":true,"href":"https:\/\/lagacetadealmeria.com\/index.php?rest_route=%2Fwp%2Fv2%2Fcomments&post=75737"}],"version-history":[{"count":1,"href":"https:\/\/lagacetadealmeria.com\/index.php?rest_route=\/wp\/v2\/posts\/75737\/revisions"}],"predecessor-version":[{"id":75741,"href":"https:\/\/lagacetadealmeria.com\/index.php?rest_route=\/wp\/v2\/posts\/75737\/revisions\/75741"}],"wp:featuredmedia":[{"embeddable":true,"href":"https:\/\/lagacetadealmeria.com\/index.php?rest_route=\/wp\/v2\/media\/75740"}],"wp:attachment":[{"href":"https:\/\/lagacetadealmeria.com\/index.php?rest_route=%2Fwp%2Fv2%2Fmedia&parent=75737"}],"wp:term":[{"taxonomy":"category","embeddable":true,"href":"https:\/\/lagacetadealmeria.com\/index.php?rest_route=%2Fwp%2Fv2%2Fcategories&post=75737"},{"taxonomy":"post_tag","embeddable":true,"href":"https:\/\/lagacetadealmeria.com\/index.php?rest_route=%2Fwp%2Fv2%2Ftags&post=75737"}],"curies":[{"name":"wp","href":"https:\/\/api.w.org\/{rel}","templated":true}]}}