{"id":75750,"date":"2026-09-01T11:18:16","date_gmt":"2026-09-01T11:18:16","guid":{"rendered":"https:\/\/lagacetadealmeria.com\/?p=75750"},"modified":"2026-09-01T11:18:18","modified_gmt":"2026-09-01T11:18:18","slug":"almeria-empieza-a-dar-forma-a-la-navidad-26-27-con-la-licitacion-de-sus-principales-contratos","status":"publish","type":"post","link":"https:\/\/lagacetadealmeria.com\/?p=75750","title":{"rendered":"Almer\u00eda empieza a dar forma a la Navidad 26-27 con la licitaci\u00f3n de sus principales contratos"},"content":{"rendered":"\n<p class=\"wp-block-paragraph\"><strong>El Ayuntamiento aprueba el expediente para el alumbrado extraordinario, con una inversi\u00f3n de 1.010.350 euros, un 20% m\u00e1s que el pasado a\u00f1o ampliando este a casi medio centenar de calles y espacios p\u00fablicos<\/strong><\/p>\n\n\n\n<p class=\"wp-block-paragraph\"><strong>Elo\u00edsa Cabrera destaca la planificaci\u00f3n municipal que permite, una vez concluida la Feria, dar continuidad a la organizaci\u00f3n de las grandes celebraciones de la ciudad<\/strong><\/p>\n\n\n\n<p class=\"wp-block-paragraph\"><strong>Al igual que en la Feria, el renovado Paseo de Almer\u00eda ser\u00e1 uno de los grandes protagonistas de la decoraci\u00f3n navide\u00f1a<\/strong><\/p>\n\n\n\n<p class=\"wp-block-paragraph\">Concluida la Feria y Fiestas de Almer\u00eda 2026, el Ayuntamiento contin\u00faa, sin soluci\u00f3n de continuidad, con la planificaci\u00f3n de las grandes celebraciones de la ciudad y pone ya la mirada en la Navidad 2026-2027, con la licitaci\u00f3n de algunos de los principales contratos que dar\u00e1n forma a estas fiestas. El m\u00e1s importante de ellos, por su alcance e inversi\u00f3n, es el correspondiente al alumbrado extraordinario de Navidad, cuyo anuncio de licitaci\u00f3n se encuentra ya publicado con un presupuesto de 1.010.350 euros, alrededor de un 20% m\u00e1s que el pasado a\u00f1o.<\/p>\n\n\n\n<p class=\"wp-block-paragraph\">A propuesta del \u00c1rea de Urbanismo, Vivienda y Fiestas Mayores, la Junta de Gobierno Local ha aprobado el expediente para la contrataci\u00f3n del suministro, en r\u00e9gimen de arrendamiento, instalaci\u00f3n, mantenimiento y desmontaje de la iluminaci\u00f3n extraordinaria. Las empresas interesadas podr\u00e1n presentar sus ofertas hasta el pr\u00f3ximo 15 de septiembre.<\/p>\n\n\n\n<p class=\"wp-block-paragraph\">La concejala Elo\u00edsa Cabrera ha destacado que esta licitaci\u00f3n \u201crefleja la planificaci\u00f3n y el trabajo continuado que hay detr\u00e1s de las grandes celebraciones de la ciudad. Acabamos de cerrar la Feria y, sin soluci\u00f3n de continuidad, seguimos avanzando en la preparaci\u00f3n de la Navidad, anticipando contratos y servicios para que todo pueda estar dispuesto en tiempo y forma\u201d.<\/p>\n\n\n\n<p class=\"wp-block-paragraph\">Cabrera ha incidido igualmente en que \u201cesa anticipaci\u00f3n nos permite no solo garantizar la prestaci\u00f3n de los servicios, sino seguir mejorando y ampliando la presencia de la Navidad en nuestras calles\u201d, destacando especialmente el protagonismo que tendr\u00e1 este a\u00f1o \u201cun Paseo de Almer\u00eda renovado, recuperado para los almerienses y que queremos que se convierta tambi\u00e9n en una de las principales se\u00f1as de identidad de la iluminaci\u00f3n navide\u00f1a de la ciudad\u201d.<\/p>\n\n\n\n<p class=\"wp-block-paragraph\">El contrato comprende el suministro en alquiler de los elementos luminosos, adem\u00e1s de su transporte, instalaci\u00f3n, mantenimiento, puesta en funcionamiento y posterior desmontaje, para un periodo navide\u00f1o que se extender\u00e1 desde finales de noviembre hasta el 6 de enero de 2027.<\/p>\n\n\n\n<p class=\"wp-block-paragraph\"><strong>El nuevo Paseo, protagonista de la Navidad<\/strong><\/p>\n\n\n\n<p class=\"wp-block-paragraph\">La inversi\u00f3n prevista permitir\u00e1 incrementar el n\u00famero de puntos de iluminaci\u00f3n y extender la decoraci\u00f3n navide\u00f1a hasta casi medio centenar de calles y espacios p\u00fablicos, incluyendo cerca de 200 arcos, motivos luminosos, figuras tridimensionales y otros elementos ornamentales.<\/p>\n\n\n\n<p class=\"wp-block-paragraph\">Dentro de este despliegue tendr\u00e1 un protagonismo especial el Paseo de Almer\u00eda, que estrenar\u00e1 su nueva configuraci\u00f3n urbana tambi\u00e9n en Navidad tras la conclusi\u00f3n de las obras de remodelaci\u00f3n. La principal arteria comercial y peatonal del centro se incorpora as\u00ed como uno de los escenarios de referencia de la propuesta ornamental, reforzando su papel como espacio de encuentro y eje de la actividad comercial y hostelera durante estas fechas.<\/p>\n\n\n\n<p class=\"wp-block-paragraph\">La propuesta t\u00e9cnica contempla para el Paseo la iluminaci\u00f3n de 80 \u00e1rboles mediante cordones luminosos, adem\u00e1s de 18 arcos especiales y 15 elementos sobre b\u00e1culos y piedras, configurando una ambientaci\u00f3n espec\u00edfica para este espacio.<\/p>\n\n\n\n<p class=\"wp-block-paragraph\">El objetivo es que la iluminaci\u00f3n extraordinaria acompa\u00f1e la transformaci\u00f3n experimentada por el Paseo y contribuya a potenciar durante la Navidad su nueva imagen y su condici\u00f3n de eje vertebrador del centro de la ciudad, favoreciendo adem\u00e1s la actividad comercial, hostelera y tur\u00edstica.<\/p>\n\n\n\n<p class=\"wp-block-paragraph\"><strong>Dos grandes abetos y decoraci\u00f3n en plazas y espacios p\u00fablicos<\/strong><\/p>\n\n\n\n<p class=\"wp-block-paragraph\">Junto al Paseo, la iluminaci\u00f3n se extender\u00e1 por numerosos puntos del centro y de otros \u00e1mbitos de la ciudad. Entre los elementos de mayor formato destacan dos abetos luminosos de 18 metros de altura, que estar\u00e1n situados en Puerta Purchena y Plaza de las Velas.<\/p>\n\n\n\n<p class=\"wp-block-paragraph\">A ellos se sumar\u00e1n figuras tridimensionales y diferentes motivos de suelo en espacios como Plaza Manuel P\u00e9rez \u2018Tomatito\u2019, Plaza de San Sebasti\u00e1n, Virgen del Mar, Reyes Cat\u00f3licos, Parque de la Estaci\u00f3n, Plaza Marqu\u00e9s de Heredia, Plaza Pierre de Coubertin, Plaza Vieja, Reina Regente o Plaza Circular, adem\u00e1s de decoraci\u00f3n espec\u00edfica en las rotondas de Alcald\u00eda y del Cable Ingl\u00e9s.<\/p>\n\n\n\n<p class=\"wp-block-paragraph\">La propuesta incluye igualmente la decoraci\u00f3n de la circunvalaci\u00f3n del Mercado Central, con elementos vegetales iluminados, as\u00ed como la iluminaci\u00f3n del Mercado Navide\u00f1o y de fachadas de edificios emblem\u00e1ticos como el Ayuntamiento, el Teatro Apolo y el propio Mercado Central.<\/p>\n\n\n\n<p class=\"wp-block-paragraph\">Dentro del conjunto de recursos previstos se mantendr\u00e1 tambi\u00e9n la iluminaci\u00f3n y el espect\u00e1culo de luz y m\u00fasica de la Plaza de la Catedral, integrado un a\u00f1o m\u00e1s en el conjunto de la ambientaci\u00f3n navide\u00f1a de la ciudad.<\/p>\n\n\n\n<p class=\"wp-block-paragraph\">Con este despliegue, el Ayuntamiento persigue no solo engalanar la ciudad durante las fiestas, sino utilizar la iluminaci\u00f3n como un elemento m\u00e1s de dinamizaci\u00f3n del centro, del comercio y de los espacios p\u00fablicos, extendiendo la ambientaci\u00f3n navide\u00f1a por diferentes calles y plazas. Este objetivo de dinamizaci\u00f3n comercial aparece expresamente recogido entre las necesidades que justifican la contrataci\u00f3n.<\/p>\n\n\n\n<p class=\"wp-block-paragraph\"><strong>La Cabalgata de Reyes, tambi\u00e9n en marcha<\/strong><\/p>\n\n\n\n<p class=\"wp-block-paragraph\">La planificaci\u00f3n de la Navidad incluye igualmente otros contratos fundamentales para su desarrollo. Hasta ma\u00f1ana, 2 de septiembre, permanece abierto el plazo para presentar ofertas al suministro, en r\u00e9gimen de arrendamiento, de las carrozas de la Cabalgata de Reyes 2027, con un presupuesto base de licitaci\u00f3n de 97.000 euros.<\/p>\n\n\n\n<p class=\"wp-block-paragraph\">El contrato contempla un total de once carrozas para la Cabalgata del pr\u00f3ximo 5 de enero: ocho de tem\u00e1tica navide\u00f1a, infantil y juvenil y tres correspondientes a los tronos de Melchor, Gaspar y Baltasar.<\/p>\n\n\n\n<p class=\"wp-block-paragraph\">A este expediente se suma el aprobado por la Junta de Gobierno Local, a propuesta del \u00c1rea de Econom\u00eda, Contrataci\u00f3n y Funci\u00f3n P\u00fablica, para el suministro de 13.000 kilogramos de caramelos destinados a la Cabalgata de Reyes, con un presupuesto base de licitaci\u00f3n de 74.360 euros. El pliego establece las condiciones del suministro atendiendo, entre otras cuestiones, a su tipolog\u00eda, ingredientes, sabores, presentaci\u00f3n, n\u00famero de unidades por kilogramo y productos sin gluten.<\/p>\n\n\n\n<p class=\"wp-block-paragraph\"><strong>Planificaci\u00f3n de las pr\u00f3ximas grandes fiestas<\/strong><\/p>\n\n\n\n<p class=\"wp-block-paragraph\">La actividad contractual del Ayuntamiento alcanza tambi\u00e9n algunas de las grandes celebraciones de 2027. Recientemente se ha aprobado el expediente para contratar los servicios de dise\u00f1o, producci\u00f3n y realizaci\u00f3n de los espect\u00e1culos de fuegos artificiales de la Noche de San Juan y de la clausura de la Feria y Fiestas de Almer\u00eda 2027, con un presupuesto base de 38.968,05 euros. El contrato tendr\u00e1 una duraci\u00f3n inicial de un a\u00f1o, con posibilidad de cuatro pr\u00f3rrogas anuales.<\/p>\n\n\n\n<p class=\"wp-block-paragraph\">La contrataci\u00f3n prev\u00e9 dos espect\u00e1culos diferenciados y de bajo impacto sonoro: uno para la Noche de San Juan, centrado especialmente en efectos lum\u00ednicos y crom\u00e1ticos, y otro piromusical para la clausura de la Feria, combinando m\u00fasica y efectos pirot\u00e9cnicos.<\/p>\n\n\n\n<p class=\"wp-block-paragraph\">Para Cabrera, esta sucesi\u00f3n de procedimientos evidencia \u201cun trabajo de organizaci\u00f3n que no se detiene con la finalizaci\u00f3n de cada fiesta, sino que contin\u00faa preparando la siguiente\u201d, con el objetivo de \u201cgarantizar los servicios, anticipar las necesidades y seguir mejorando unas celebraciones que forman parte de la identidad de Almer\u00eda y que tienen tambi\u00e9n una importante repercusi\u00f3n social, comercial y tur\u00edstica\u201d.<\/p>\n\n\n\n<p class=\"wp-block-paragraph\">As\u00ed, cerrada la Feria de Almer\u00eda 2026, la maquinaria municipal se dirige ya hacia la Navidad, avanzando en los contratos que permitir\u00e1n vestir e iluminar la ciudad y preparar algunas de las citas m\u00e1s esperadas del calendario festivo almeriense.<\/p>\n\n\n\n<figure class=\"wp-block-gallery has-nested-images columns-default is-cropped wp-block-gallery-1 is-layout-flex wp-block-gallery-is-layout-flex\">\n<figure class=\"wp-block-image size-large\"><img fetchpriority=\"high\" decoding=\"async\" width=\"700\" height=\"467\" data-id=\"75752\" src=\"https:\/\/lagacetadealmeria.com\/wp-content\/uploads\/2026\/09\/ILUMINACION-NAVIDENA-2025-2026-154.jpg\" alt=\"\" class=\"wp-image-75752\" srcset=\"https:\/\/lagacetadealmeria.com\/wp-content\/uploads\/2026\/09\/ILUMINACION-NAVIDENA-2025-2026-154.jpg 700w, https:\/\/lagacetadealmeria.com\/wp-content\/uploads\/2026\/09\/ILUMINACION-NAVIDENA-2025-2026-154-300x200.jpg 300w\" sizes=\"(max-width: 700px) 100vw, 700px\" \/><\/figure>\n\n\n\n<figure class=\"wp-block-image size-large\"><img decoding=\"async\" width=\"700\" height=\"467\" data-id=\"75753\" src=\"https:\/\/lagacetadealmeria.com\/wp-content\/uploads\/2026\/09\/ILUMINACION-NAVIDENA-2025-2026-132.jpg\" alt=\"\" class=\"wp-image-75753\" srcset=\"https:\/\/lagacetadealmeria.com\/wp-content\/uploads\/2026\/09\/ILUMINACION-NAVIDENA-2025-2026-132.jpg 700w, https:\/\/lagacetadealmeria.com\/wp-content\/uploads\/2026\/09\/ILUMINACION-NAVIDENA-2025-2026-132-300x200.jpg 300w\" sizes=\"(max-width: 700px) 100vw, 700px\" \/><\/figure>\n\n\n\n<figure class=\"wp-block-image size-large\"><img decoding=\"async\" width=\"700\" height=\"467\" data-id=\"75754\" src=\"https:\/\/lagacetadealmeria.com\/wp-content\/uploads\/2026\/09\/ILUMINACION-NAVIDENA-2025-2026-69.jpg\" alt=\"\" class=\"wp-image-75754\" srcset=\"https:\/\/lagacetadealmeria.com\/wp-content\/uploads\/2026\/09\/ILUMINACION-NAVIDENA-2025-2026-69.jpg 700w, https:\/\/lagacetadealmeria.com\/wp-content\/uploads\/2026\/09\/ILUMINACION-NAVIDENA-2025-2026-69-300x200.jpg 300w\" sizes=\"(max-width: 700px) 100vw, 700px\" \/><\/figure>\n<\/figure>\n","protected":false},"excerpt":{"rendered":"<p>El Ayuntamiento aprueba el expediente para el alumbrado extraordinario, con una inversi\u00f3n de 1.010.350 euros,&#8230;<\/p>\n","protected":false},"author":12,"featured_media":75752,"comment_status":"open","ping_status":"open","sticky":false,"template":"","format":"standard","meta":{"advanced_seo_description":"","jetpack_seo_html_title":"","jetpack_seo_noindex":false,"jetpack_seo_schema_type":"","_jetpack_newsletter_access":"","_jetpack_dont_email_post_to_subs":false,"_jetpack_newsletter_tier_id":0,"_jetpack_memberships_contains_paywalled_content":false,"_jetpack_feature_clip_id":0,"_jetpack_memberships_contains_paid_content":false,"footnotes":"","jetpack_post_was_ever_published":false},"categories":[22],"tags":[],"class_list":["post-75750","post","type-post","status-publish","format-standard","has-post-thumbnail","hentry","category-almeria"],"jetpack_sharing_enabled":true,"jetpack-related-posts":[],"amp_enabled":true,"jetpack_featured_media_url":"https:\/\/lagacetadealmeria.com\/wp-content\/uploads\/2026\/09\/ILUMINACION-NAVIDENA-2025-2026-154.jpg","_links":{"self":[{"href":"https:\/\/lagacetadealmeria.com\/index.php?rest_route=\/wp\/v2\/posts\/75750","targetHints":{"allow":["GET"]}}],"collection":[{"href":"https:\/\/lagacetadealmeria.com\/index.php?rest_route=\/wp\/v2\/posts"}],"about":[{"href":"https:\/\/lagacetadealmeria.com\/index.php?rest_route=\/wp\/v2\/types\/post"}],"author":[{"embeddable":true,"href":"https:\/\/lagacetadealmeria.com\/index.php?rest_route=\/wp\/v2\/users\/12"}],"replies":[{"embeddable":true,"href":"https:\/\/lagacetadealmeria.com\/index.php?rest_route=%2Fwp%2Fv2%2Fcomments&post=75750"}],"version-history":[{"count":1,"href":"https:\/\/lagacetadealmeria.com\/index.php?rest_route=\/wp\/v2\/posts\/75750\/revisions"}],"predecessor-version":[{"id":75755,"href":"https:\/\/lagacetadealmeria.com\/index.php?rest_route=\/wp\/v2\/posts\/75750\/revisions\/75755"}],"wp:featuredmedia":[{"embeddable":true,"href":"https:\/\/lagacetadealmeria.com\/index.php?rest_route=\/wp\/v2\/media\/75752"}],"wp:attachment":[{"href":"https:\/\/lagacetadealmeria.com\/index.php?rest_route=%2Fwp%2Fv2%2Fmedia&parent=75750"}],"wp:term":[{"taxonomy":"category","embeddable":true,"href":"https:\/\/lagacetadealmeria.com\/index.php?rest_route=%2Fwp%2Fv2%2Fcategories&post=75750"},{"taxonomy":"post_tag","embeddable":true,"href":"https:\/\/lagacetadealmeria.com\/index.php?rest_route=%2Fwp%2Fv2%2Ftags&post=75750"}],"curies":[{"name":"wp","href":"https:\/\/api.w.org\/{rel}","templated":true}]}}