{"id":75756,"date":"2026-09-01T11:48:53","date_gmt":"2026-09-01T11:48:53","guid":{"rendered":"https:\/\/lagacetadealmeria.com\/?p=75756"},"modified":"2026-09-01T11:48:54","modified_gmt":"2026-09-01T11:48:54","slug":"la-policia-nacional-participa-un-ano-mas-en-el-dispositivo-de-seguridad-de-la-vuelta-con-mas-de-70-agentes","status":"publish","type":"post","link":"https:\/\/lagacetadealmeria.com\/?p=75756","title":{"rendered":"La Polic\u00eda Nacional participa un a\u00f1o m\u00e1s en el dispositivo de seguridad de \u201cLa Vuelta\u201d con m\u00e1s de 70 agentes"},"content":{"rendered":"\n<p class=\"wp-block-paragraph\">El dispositivo de seguridad contar\u00e1 con agentes de las Unidades de<br>Intervenci\u00f3n Policial, Unidades de Participaci\u00f3n Ciudadana,<br>Unidades de Prevenci\u00f3n y Reacci\u00f3n, Grupos Operativos de<br>Respuesta y la Unidad A\u00e9rea de la Polic\u00eda con capacidades dron y<br>antidron, reforzado por m\u00e1s unidades en aquellas ciudades cuya<br>demarcaci\u00f3n territorial sea competencia de la Polic\u00eda Nacional<br>\u25aa Los agentes de las UIP protegen durante \u201cLa Vuelta\u201d todas las<br>instalaciones establecidas por la organizaci\u00f3n, adem\u00e1s del entorno<br>de las l\u00edneas de salida y meta, el control de firmas, la entrega de<br>acreditaciones, el estacionamiento de equipos, el p\u00f3dium o el control<br>de dopaje<br>\u25aa A las 20:00 horas tendr\u00e1 lugar en la Plaza Mayor de Castell\u00f3n el acto<br>de presentaci\u00f3n de las unidades de la Polic\u00eda Nacional que<br>participar\u00e1n en el dispositivo de seguridad de La Vuelta 2026, en el<br>que los medios de comunicaci\u00f3n interesados podr\u00e1n obtener<br>im\u00e1genes y conocer el dispositivo<br>26-agosto-2026.- La ciudad de Castell\u00f3n acoge hoy la presentaci\u00f3n del dispositivo<br>de seguridad que la Polic\u00eda Nacional ha establecido para la 81 edici\u00f3n de \u201cLa<br>Vuelta\u201d. Un dispositivo de seguridad que contar\u00e1 con m\u00e1s de 70 agentes que<br>proteger\u00e1n todas las instalaciones establecidas por la organizaci\u00f3n, el control de<br>firmas, la entrega de acreditaciones, el estacionamiento de equipos, el p\u00f3dium y<br>el control de dopaje.<br>Stands donde se podr\u00e1 conocer de cerca el trabajo policial<br>En la meta de cada etapa, en el \u201cParque Vuelta\u201d, se podr\u00e1 visitar el stand de la<br>Polic\u00eda Nacional en el que agentes de distintas unidades de Seguridad Ciudadana<br>\u2013Gu\u00edas Caninos, Grupos de Atenci\u00f3n al Ciudadano, Unidad de Prevenci\u00f3n y Reacci\u00f3n-, Polic\u00eda Cient\u00edfica o TEDAX-NRBQ mostrar\u00e1n al p\u00fablico parte del trabajo que realizan a diario.<br>Dispositivo en cada etapa<br>La UIP -Unidad de Intervenci\u00f3n Policial- establecer\u00e1 un dispositivo de seguridad<br>en la salida y en la meta de cada etapa con m\u00e1s de 70 agentes que asumir\u00e1n la<br>protecci\u00f3n de todas las instalaciones establecidas por la organizaci\u00f3n, el control<br>de firmas, la entrega de acreditaciones, el estacionamiento de equipos, el p\u00f3dium<br>o el control de dopaje. Durante los primeros centenares de metros de la carrera se<br>desplegar\u00e1 un per\u00edmetro de seguridad as\u00ed como en el \u00faltimo kil\u00f3metro antes de la<br>llegada a la l\u00ednea de meta.<br>La Unidad A\u00e9rea de la Polic\u00eda Nacional tambi\u00e9n establecer\u00e1, de manera conjunta<br>con UIP, dispositivo en las zonas de salida y meta de cada etapa, con RPAS<br>(drones) y sistemas de protecci\u00f3n con tecnolog\u00eda contra UAS (antidrones).<br>En aquellas ciudades que acojan la salida o llegada de una etapa, y cuya<br>demarcaci\u00f3n territorial sea competencia de la Polic\u00eda Nacional, el dispositivo ser\u00e1<br>reforzado por m\u00e1s unidades de Seguridad Ciudadana, Gu\u00edas Caninos, Subsuelo<br>y TEDAX-NRBQ.<\/p>\n\n\n\n<p class=\"has-text-align-center wp-block-paragraph\"><strong><em>Presentaci\u00f3n de la carrera solidaria: \u201cRuta anfibia 091 \u2013 El Ejido\u201d<\/em><\/strong><\/p>\n\n\n\n<p class=\"has-text-align-center wp-block-paragraph\">El acto acudir\u00e1n las siguientes autoridades: La<br>Concejala de Deportes del Ayuntamiento de El Ejido,<br>Mar\u00eda Jos\u00e9 Mart\u00edn Ru\u00edz; la Diputada de Turismo y<br>Patrimonio Hist\u00f3rico de la Diputaci\u00f3n Provincial de<br>Almer\u00eda, Mar\u00eda Jos\u00e9 Herrada Acacio; y el Inspector,<br>Secretario General de la Comisar\u00eda Local de la Polic\u00eda<br>Nacional en El Ejido, C\u00e9sar Mantero G\u00f3mez<br>\uf0a7 Los beneficios de la carrera ir\u00e1n destinados a las tres<br>personas con necesidades m\u00e9dicas no cubiertas por la<br>sanidad p\u00fablica<br>\uf0a7 La carrera, que tendr\u00e1 lugar el s\u00e1bado 5 de septiembre<br>junto al campo de rugby de Almerimar, constar\u00e1 de 4,5<br>kil\u00f3metos entre el mar y la tierra en los que se tendr\u00e1n<br>que superar distintos obst\u00e1culos<\/p>\n\n\n\n<p class=\"has-text-align-center wp-block-paragraph\"><br>D\u00eda: Mi\u00e9rcoles 2 de septiembre de<br>2026<br>Hora: 11:00 h. (los medios que deseen<br>asistir deber\u00e1n presentarse 15<br>minutos antes)<br>Lugar: Ayuntamiento de El Ejido<br>(Calle Cervantes 132 El Ejido)<br><\/p>\n","protected":false},"excerpt":{"rendered":"<p>El dispositivo de seguridad contar\u00e1 con agentes de las Unidades deIntervenci\u00f3n Policial, Unidades de Participaci\u00f3n&#8230;<\/p>\n","protected":false},"author":12,"featured_media":65120,"comment_status":"open","ping_status":"open","sticky":false,"template":"","format":"standard","meta":{"advanced_seo_description":"","jetpack_seo_html_title":"","jetpack_seo_noindex":false,"jetpack_seo_schema_type":"","_jetpack_newsletter_access":"","_jetpack_dont_email_post_to_subs":false,"_jetpack_newsletter_tier_id":0,"_jetpack_memberships_contains_paywalled_content":false,"_jetpack_feature_clip_id":0,"_jetpack_memberships_contains_paid_content":false,"footnotes":"","jetpack_post_was_ever_published":false},"categories":[27],"tags":[],"class_list":["post-75756","post","type-post","status-publish","format-standard","has-post-thumbnail","hentry","category-deportes"],"jetpack_sharing_enabled":true,"jetpack-related-posts":[],"amp_enabled":true,"jetpack_featured_media_url":"https:\/\/lagacetadealmeria.com\/wp-content\/uploads\/2026\/05\/Paq-Bicicleta-Correos.jpg","_links":{"self":[{"href":"https:\/\/lagacetadealmeria.com\/index.php?rest_route=\/wp\/v2\/posts\/75756","targetHints":{"allow":["GET"]}}],"collection":[{"href":"https:\/\/lagacetadealmeria.com\/index.php?rest_route=\/wp\/v2\/posts"}],"about":[{"href":"https:\/\/lagacetadealmeria.com\/index.php?rest_route=\/wp\/v2\/types\/post"}],"author":[{"embeddable":true,"href":"https:\/\/lagacetadealmeria.com\/index.php?rest_route=\/wp\/v2\/users\/12"}],"replies":[{"embeddable":true,"href":"https:\/\/lagacetadealmeria.com\/index.php?rest_route=%2Fwp%2Fv2%2Fcomments&post=75756"}],"version-history":[{"count":1,"href":"https:\/\/lagacetadealmeria.com\/index.php?rest_route=\/wp\/v2\/posts\/75756\/revisions"}],"predecessor-version":[{"id":75758,"href":"https:\/\/lagacetadealmeria.com\/index.php?rest_route=\/wp\/v2\/posts\/75756\/revisions\/75758"}],"wp:featuredmedia":[{"embeddable":true,"href":"https:\/\/lagacetadealmeria.com\/index.php?rest_route=\/wp\/v2\/media\/65120"}],"wp:attachment":[{"href":"https:\/\/lagacetadealmeria.com\/index.php?rest_route=%2Fwp%2Fv2%2Fmedia&parent=75756"}],"wp:term":[{"taxonomy":"category","embeddable":true,"href":"https:\/\/lagacetadealmeria.com\/index.php?rest_route=%2Fwp%2Fv2%2Fcategories&post=75756"},{"taxonomy":"post_tag","embeddable":true,"href":"https:\/\/lagacetadealmeria.com\/index.php?rest_route=%2Fwp%2Fv2%2Ftags&post=75756"}],"curies":[{"name":"wp","href":"https:\/\/api.w.org\/{rel}","templated":true}]}}