{"id":75762,"date":"2026-09-01T21:01:16","date_gmt":"2026-09-01T21:01:16","guid":{"rendered":"https:\/\/lagacetadealmeria.com\/?p=75762"},"modified":"2026-09-01T21:01:18","modified_gmt":"2026-09-01T21:01:18","slug":"momento-trascendental","status":"publish","type":"post","link":"https:\/\/lagacetadealmeria.com\/?p=75762","title":{"rendered":"Momento Trascendental"},"content":{"rendered":"\n<p class=\"has-text-align-center wp-block-paragraph\"><strong><em>Miski Liu Suria<\/em><\/strong><\/p>\n\n\n\n<p class=\"has-text-align-center wp-block-paragraph\">\u201c<em>El pensamiento crea la materia y \u00e9sta toma forma f\u00edsica a trav\u00e9s de la influencia emocional que hay detr\u00e1s.\u201d<\/em>&nbsp;<strong>Leo Lightworker<\/strong>.<\/p>\n\n\n\n<p class=\"has-text-align-center wp-block-paragraph\"><em><strong>Momento Trascendental<\/strong><\/em><\/p>\n\n\n\n<ul class=\"wp-block-list\">\n<li><strong>Monta\u00f1a rusa<\/strong><\/li>\n\n\n\n<li><strong>Encrucijada hist\u00f3rica<\/strong><\/li>\n\n\n\n<li><strong>Cambio desde el interior<\/strong><\/li>\n\n\n\n<li><strong>Liquidaci\u00f3n de la\u00a0<em>M<\/em><em>atrix<\/em><\/strong><\/li>\n\n\n\n<li><strong>La tormenta no es el final<\/strong><\/li>\n\n\n\n<li><strong>Blossom expresa desconcierto<\/strong><\/li>\n\n\n\n<li><strong>Se acelera el ritmo de la creaci\u00f3n<\/strong><\/li>\n\n\n\n<li><strong>La gente se siente en tierra de nadie<\/strong><\/li>\n\n\n\n<li><strong>Las flores est\u00e1n rompiendo el cemento<\/strong><\/li>\n\n\n\n<li><strong>Esperanza frente al colapso del sistema<\/strong><\/li>\n<\/ul>\n\n\n\n<p class=\"wp-block-paragraph\">Si piensas que han sido intensos los \u00faltimos d\u00edas, lo que sucede ahora mismo supera todas las expectativas, seg\u00fan\u00a0<strong>Christian Wallace<\/strong>. Los procesos secretos han entrado en su etapa final. Ya no hay margen de demora: el sistema est\u00e1 bloqueado y listo para su lanzamiento.<\/p>\n\n\n\n<p class=\"wp-block-paragraph\">Los servidores bancarios operan en modo de transici\u00f3n silenciosa y las instituciones clave se mantienen en constante coordinaci\u00f3n para impedir cualquier intento de sabotaje. Los principales medios siguen distrayendo al p\u00fablico con ruido vac\u00edo, intentando desviar la atenci\u00f3n de lo que importa, pero quienes conocen la verdad est\u00e1n mirando m\u00e1s all\u00e1 de la superficie. La transici\u00f3n no s\u00f3lo est\u00e1 en el horizonte, sino que est\u00e1 ocurriendo. La nueva era est\u00e1 a la vuelta de la esquina.<\/p>\n\n\n\n<figure class=\"wp-block-embed is-type-wp-embed is-provider-operation-disclosure-official wp-block-embed-operation-disclosure-official\"><div class=\"wp-block-embed__wrapper\">\n<blockquote class=\"wp-embedded-content\" data-secret=\"vC8Ajjmw2t\"><a href=\"https:\/\/operationdisclosureofficial.com\/2026\/08\/31\/restored-republic-via-a-gcr-as-of-august-31-2026\/\">Restored Republic via a GCR as of August 31, 2026<\/a><\/blockquote><iframe class=\"wp-embedded-content\" sandbox=\"allow-scripts\" security=\"restricted\" style=\"position: absolute; visibility: hidden;\" title=\"\u201cRestored Republic via a GCR as of August 31, 2026\u201d \u2014 Operation Disclosure Official\" src=\"https:\/\/operationdisclosureofficial.com\/2026\/08\/31\/restored-republic-via-a-gcr-as-of-august-31-2026\/embed\/#?secret=Vet5pB9joL#?secret=vC8Ajjmw2t\" data-secret=\"vC8Ajjmw2t\" width=\"600\" height=\"338\" frameborder=\"0\" marginwidth=\"0\" marginheight=\"0\" scrolling=\"no\"><\/iframe>\n<\/div><\/figure>\n\n\n\n<p class=\"wp-block-paragraph\">Nos encontramos en una de esas encrucijadas muy raras de la historia en la que ya se vislumbra el futuro, pero la humanidad sigue siendo libre de reconocerlo, malinterpretarlo, resistirse a \u00e9l o aprovecharlo, seg\u00fan&nbsp;<strong>Rob Cunningham<\/strong>. Est\u00e1 avanzando la arquitectura y est\u00e1 ocurriendo algo mucho m\u00e1s trascendental bajo el ruido pol\u00edtico. Est\u00e1n avanzando las instituciones responsables de proteger cantidades ingentes del valor acumulado de la civilizaci\u00f3n.<\/p>\n\n\n\n<p class=\"wp-block-paragraph\">Observa lo que sucede a continuaci\u00f3n, porque alg\u00fan d\u00eda la gente podr\u00eda mirar hacia atr\u00e1s y preguntarse cu\u00e1ndo la antigua arquitectura financiera comenz\u00f3 a dar paso a la nueva. Somos libres de aceptar la oportunidad o de ignorarla, pero no podremos decir que no lo sab\u00edamos. El futuro no est\u00e1 escrito. Se construye.<\/p>\n\n\n\n<figure class=\"wp-block-embed is-type-rich is-provider-x wp-block-embed-x\"><div class=\"wp-block-embed__wrapper\">\n<div class=\"embed-x\"><blockquote class=\"twitter-tweet\" data-width=\"550\" data-dnt=\"true\"><p lang=\"en\" dir=\"ltr\">A Moment of Consequence<br><br>August 30, 2026. Save this post. Save the date. Save the proclamation. Then hold me accountable.<br><br>I believe we are standing at one of those exceedingly rare intersections in history when the future is already becoming visible &#8211; but humanity remains free\u2026 <a href=\"https:\/\/t.co\/mGB1eMGpSl\">pic.twitter.com\/mGB1eMGpSl<\/a><\/p>&mdash; Rob Cunningham (@KuwlShow) <a href=\"https:\/\/x.com\/KuwlShow\/status\/2094172507884380189?ref_src=twsrc%5Etfw\">August 30, 2026<\/a><\/blockquote><script async src=\"https:\/\/platform.x.com\/widgets.js\" charset=\"utf-8\"><\/script><\/div>\n<\/div><\/figure>\n\n\n\n<figure class=\"wp-block-embed\"><div class=\"wp-block-embed__wrapper\">\nhttps:\/\/robcunningham.substack.com\/p\/a-moment-of-consequence\n<\/div><\/figure>\n\n\n\n<p class=\"wp-block-paragraph\"><strong>DRENAJE<\/strong><\/p>\n\n\n\n<p class=\"wp-block-paragraph\">Liquidaci\u00f3n legal de la&nbsp;<em>matri<\/em><em>x<\/em>&nbsp;insolvente del G-7 mediante el derecho internacional, seg\u00fan&nbsp;<strong>Guardian Daniel<\/strong>. La transformaci\u00f3n mundial y el drenaje coordinado de la&nbsp;<em>matrix<\/em>&nbsp;civil corrupta no opera dentro de un vac\u00edo legal sino sobre el fundamento habitual de la ley internacional. La tormenta no es el final del camino. La tormenta es el momento en el que lo que estaba oculto ya no puede permanecer oculto.<\/p>\n\n\n\n<p class=\"wp-block-paragraph\">Este mecanismo de relojer\u00eda ejecutivo funciona en la sombra con exactitud matem\u00e1tica. Despoja a los controladores de toda autoridad restante mientras que&nbsp;<em>Starlink<\/em>, la&nbsp;<em>Fuerza Espacial<\/em>&nbsp;y el&nbsp;<em>mando cibern\u00e9tico<\/em>&nbsp;expanden el escudo protector orbital sobre la transici\u00f3n f\u00edsica. La duraci\u00f3n del periodo de espera sirve solamente para aislar a cada conducto civil antes de que retroceda el viejo mundo permanentemente y entre en vigor la era dorada de la libertad.<\/p>\n\n\n\n<figure class=\"wp-block-embed is-type-wp-embed is-provider-sunny-039-s-journal wp-block-embed-sunny-039-s-journal\"><div class=\"wp-block-embed__wrapper\">\n<blockquote class=\"wp-embedded-content\" data-secret=\"x1UkZQv6eN\"><a href=\"https:\/\/sunnysjournal.com\/2026\/08\/31\/legally-liquidating-the-insolvent-g7-matrix-via-intl-military-law-guardian-daniel-r\/\">Legally Liquidating the Insolvent G7 Matrix via Int&#8217;l Military Law | Guardian Daniel&nbsp;R<\/a><\/blockquote><iframe class=\"wp-embedded-content\" sandbox=\"allow-scripts\" security=\"restricted\" style=\"position: absolute; visibility: hidden;\" title=\"\u201cLegally Liquidating the Insolvent G7 Matrix via Int\u2019l Military Law | Guardian Daniel\u00a0R\u201d \u2014 Sunny&amp;apos;s Journal\" src=\"https:\/\/sunnysjournal.com\/2026\/08\/31\/legally-liquidating-the-insolvent-g7-matrix-via-intl-military-law-guardian-daniel-r\/embed\/#?secret=Np64BblZHv#?secret=x1UkZQv6eN\" data-secret=\"x1UkZQv6eN\" width=\"600\" height=\"338\" frameborder=\"0\" marginwidth=\"0\" marginheight=\"0\" scrolling=\"no\"><\/iframe>\n<\/div><\/figure>\n\n\n\n<p class=\"wp-block-paragraph\"><strong>CALMA APARENTE<\/strong><\/p>\n\n\n\n<p class=\"wp-block-paragraph\">En el torbellino de la realidad actual, parece que nada sucede mientras miles de engranajes invisibles giran en la sombra. Sin embargo, se tambalea el tablero pol\u00edtico al borde de una revoluci\u00f3n invisible. El caos suele dar lugar a grandes revelaciones. Crece la frustraci\u00f3n ante la afirmaci\u00f3n de que no sucede nada. Evita la desesperaci\u00f3n cultivando la paciencia y la perseverancia para descubrir los movimientos ocultos.<\/p>\n\n\n\n<p class=\"wp-block-paragraph\">Se agita un torbellino de cambios bajo la calma aparente. La integraci\u00f3n del sistema financiero cu\u00e1ntico con los protocolos del reinicio monetario promete liberaci\u00f3n financiera, abundancia y un nuevo paradigma de prosperidad. Cuando el tiempo parece detenido, la paciencia implica una vigilancia constante. El panorama pol\u00edtico habitual se acerca a una transformaci\u00f3n radical a medida que los&nbsp;<strong>vientos de<\/strong><strong>l<\/strong><strong>&nbsp;cambio<\/strong>&nbsp;arrasan con el viejo orden y revelan verdades ocultas.<\/p>\n\n\n\n<p class=\"wp-block-paragraph\"><strong>INFORME DE TRANSICI\u00d3N<\/strong><\/p>\n\n\n\n<p class=\"wp-block-paragraph\">El sistema de transmisi\u00f3n de emergencia (EBS) no es un experimento, sino una anulaci\u00f3n soberana. Cuando se ejecute la orden, se desplomar\u00e1n todas las redes civiles bajo protecci\u00f3n uniformada. No habr\u00e1 negociaci\u00f3n, ni demora, ni censura. La se\u00f1al atravesar\u00e1 todos los canales y se transmitir\u00e1 el mensaje.<\/p>\n\n\n\n<p class=\"wp-block-paragraph\">Mientras duermes, el sistema financiero cu\u00e1ntico concilia econom\u00edas en segundos. Transacciones que nunca ves, reflejadas en nodos cu\u00e1nticos. Claves biom\u00e9tricas ya probadas. Cuentas soberanas desbloqueadas. Fideicomisos redirigidos.<\/p>\n\n\n\n<p class=\"wp-block-paragraph\">El cambio no ser\u00e1 gradual. Ser\u00e1 total. Una vez que comience la transmisi\u00f3n, se sincronice el reinicio financiero y surjan los tribunales, se resquebrajar\u00e1 la realidad en la que antes confiabas. Quienes est\u00e9n preparados actuar\u00e1n con claridad. Quienes no lo est\u00e9n, se ahogar\u00e1n en la incredulidad. La anulaci\u00f3n no llegar\u00e1 alg\u00fan d\u00eda. La anulaci\u00f3n est\u00e1 en marcha ahora.<\/p>\n\n\n\n<p class=\"wp-block-paragraph\"><strong>DESGUACE<\/strong><\/p>\n\n\n\n<p class=\"wp-block-paragraph\">Seg\u00fan&nbsp;<strong>Mr. Pool<\/strong>, se est\u00e1 desmontando la antigua arquitectura bancaria a medida que los libros contables soberanos migran a protocolos cu\u00e1nticos seguros. Los centros de liquidaci\u00f3n internacional est\u00e1n desconectando los nodos&nbsp;<em>swift<\/em>&nbsp;heredados para evitar el descarte de \u00faltimo momento de deuda no respaldada por redes de c\u00e1rteles y tesoros comprometidos.<\/p>\n\n\n\n<p class=\"wp-block-paragraph\">\u00c9sta es la&nbsp;<strong>etapa final del colapso<\/strong>&nbsp;del antiguo paradigma. Ha terminado oficialmente la era de la deuda en papel sin respaldo. Protocolos de recuperaci\u00f3n de activos de m\u00faltiples niveles han tomado el control de fideicomisos ocultos, c\u00e1rteles centralizados y carteras inmobiliarias il\u00edcitas en las principales jurisdicciones extraterritoriales. Auditores forenses y equipos institucionales especializados est\u00e1n asegurando la cadena de trazabilidad del capital oculto.<\/p>\n\n\n\n<p class=\"wp-block-paragraph\">El nuevo marco econ\u00f3mico se sustenta en el respaldo de materias primas, lo que garantiza que cada unidad de valor corresponda a activos tangibles reales en lugar de la creaci\u00f3n ilimitada de deuda. Los bancos comerciales que no cumplan con los nuevos mandatos de transparencia se enfrentan a la congelaci\u00f3n inmediata de su liquidez y a la intervenci\u00f3n de su entidad para garantizar el cumplimiento normativo.<\/p>\n\n\n\n<p class=\"wp-block-paragraph\">Los protocolos mundiales de transmisi\u00f3n de emergencia est\u00e1n preparados para interferir en las frecuencias convencionales con libros de contabilidad financieros sin editar, registros de transferencias bancarias en el extranjero y organigramas desclasificados de propiedad corporativa. Tras d\u00e9cadas de inflaci\u00f3n controlada, la extracci\u00f3n de riqueza est\u00e1 lista para ser verificada p\u00fablicamente.<\/p>\n\n\n\n<figure class=\"wp-block-embed is-type-wp-embed is-provider-operation-disclosure-official wp-block-embed-operation-disclosure-official\"><div class=\"wp-block-embed__wrapper\">\n<blockquote class=\"wp-embedded-content\" data-secret=\"vC8Ajjmw2t\"><a href=\"https:\/\/operationdisclosureofficial.com\/2026\/08\/31\/restored-republic-via-a-gcr-as-of-august-31-2026\/\">Restored Republic via a GCR as of August 31, 2026<\/a><\/blockquote><iframe class=\"wp-embedded-content\" sandbox=\"allow-scripts\" security=\"restricted\" style=\"position: absolute; visibility: hidden;\" title=\"\u201cRestored Republic via a GCR as of August 31, 2026\u201d \u2014 Operation Disclosure Official\" src=\"https:\/\/operationdisclosureofficial.com\/2026\/08\/31\/restored-republic-via-a-gcr-as-of-august-31-2026\/embed\/#?secret=Vet5pB9joL#?secret=vC8Ajjmw2t\" data-secret=\"vC8Ajjmw2t\" width=\"600\" height=\"338\" frameborder=\"0\" marginwidth=\"0\" marginheight=\"0\" scrolling=\"no\"><\/iframe>\n<\/div><\/figure>\n\n\n\n<p class=\"wp-block-paragraph\"><strong>TIEMPOS RID\u00cdCULOS<\/strong><\/p>\n\n\n\n<p class=\"wp-block-paragraph\"><strong>Blossom Goodchild<\/strong>&nbsp;expresa su desconcierto y dice es demasiado rid\u00edculo que todo lo que est\u00e1 sucediendo. Dice que casi nadie de su c\u00edrculo considera que est\u00e9 yendo bien su vida en estos momentos. Menciona una acumulaci\u00f3n de contratiempos y se\u00f1ala que recibe mensajes de personas que preguntan c\u00f3mo visualizar un mundo mejor, mientras lidian con problemas cotidianos como goteras o enfermedades.<\/p>\n\n\n\n<p class=\"wp-block-paragraph\"><strong>Goodchild<\/strong>&nbsp;se pregunta qu\u00e9 sentido tiene la situaci\u00f3n actual, y reconoce que, aunque se habla de elevaci\u00f3n de frecuencia, a ella le resulta dif\u00edcil entender c\u00f3mo funciona en la pr\u00e1ctica. Concluye que la \u00fanica opci\u00f3n viable es re\u00edrse de lo absurdo de los acontecimientos y seguir adelante. Mucha gente se identifica con la fatiga, la sensaci\u00f3n de aislamiento y la necesidad de validaci\u00f3n en este periodo de transici\u00f3n.<\/p>\n\n\n\n<p class=\"wp-block-paragraph\">A su juicio, la fluctuaci\u00f3n de energ\u00eda se parece a una&nbsp;<strong>monta\u00f1a rusa<\/strong>, con periodos de agotamiento, que corresponden a un reajuste interno. Afirma que las dolencias f\u00edsicas no son pruebas, sino liberaci\u00f3n de cargas de vidas pasadas o experiencias necesarias para el crecimiento y para liberar densidades que afectan al colectivo. Se\u00f1ala que se est\u00e1 produciendo un movimiento de liberaci\u00f3n, que la sensaci\u00f3n de estar y no estar aqu\u00ed forma parte del proceso y que&nbsp;<strong>las flores est\u00e1n rompiendo el cemento<\/strong>.<\/p>\n\n\n\n<figure class=\"wp-block-embed is-type-video is-provider-youtube wp-block-embed-youtube wp-embed-aspect-16-9 wp-has-aspect-ratio\"><div class=\"wp-block-embed__wrapper\">\n<iframe title=\"It is all too, too RIDICULOUS!\" width=\"640\" height=\"360\" src=\"https:\/\/www.youtube.com\/embed\/MGWmcbwh5-M?feature=oembed\" frameborder=\"0\" allow=\"accelerometer; autoplay; clipboard-write; encrypted-media; gyroscope; picture-in-picture; web-share\" referrerpolicy=\"strict-origin-when-cross-origin\" allowfullscreen><\/iframe>\n<\/div><\/figure>\n\n\n\n<p class=\"wp-block-paragraph\"><strong>ACELERACI\u00d3N<\/strong><\/p>\n\n\n\n<p class=\"wp-block-paragraph\"><strong>Kerry K<\/strong>&nbsp;afirma que, durante la reciente luna de sangre, llegaron tambi\u00e9n part\u00edculas cargadas procedentes del sol que est\u00e1n interactuando en las capas superiores de la atm\u00f3sfera. Seg\u00fan detalla, el intercambio entre el sol y la Tierra atraviesa el velo, impacta en la atm\u00f3sfera y desciende hasta el campo energ\u00e9tico personal que rodea la piel de cada individuo.<\/p>\n\n\n\n<p class=\"wp-block-paragraph\"><strong>Kerry K<\/strong>&nbsp;indica que la fuerza vital mantiene al ser humano integrado en la arquitectura de la creaci\u00f3n. Se\u00f1ala que existe un ritmo constante en la creaci\u00f3n y que est\u00e1 acelerando su ritmo. El proceso no se vuelve m\u00e1s ca\u00f3tico, sino m\u00e1s consciente y con un prop\u00f3sito m\u00e1s claro: se agudizan los sentidos y aumenta la conciencia.<\/p>\n\n\n\n<p class=\"wp-block-paragraph\">La autora reconoce que parte de cada ser humano puede sentirse abrumada y desear desconectarse, pero que otra parte se entusiasma y quiere participar. Concluye que existe un llamado interno y que los seres humanos nacieron para este momento, en el que se introduce en la atm\u00f3sfera y se ancla en los cuerpos aquello que se encuentra m\u00e1s all\u00e1 del velo.<\/p>\n\n\n\n<figure class=\"wp-block-embed is-type-video is-provider-youtube wp-block-embed-youtube wp-embed-aspect-9-16 wp-has-aspect-ratio\"><div class=\"wp-block-embed__wrapper\">\n<iframe title=\"Something Else Came In During The Blood Moon\" width=\"540\" height=\"960\" src=\"https:\/\/www.youtube.com\/embed\/X9ASw82uzqs?feature=oembed\" frameborder=\"0\" allow=\"accelerometer; autoplay; clipboard-write; encrypted-media; gyroscope; picture-in-picture; web-share\" referrerpolicy=\"strict-origin-when-cross-origin\" allowfullscreen><\/iframe>\n<\/div><\/figure>\n\n\n\n<p class=\"wp-block-paragraph\"><strong>SE\u00d1ALES GAL\u00c1CTICAS<\/strong><\/p>\n\n\n\n<p class=\"wp-block-paragraph\"><strong>Kerry K<\/strong>&nbsp;explica que est\u00e1 evolucionando el campo gal\u00e1ctico que rodea la Tierra y que la humanidad est\u00e1 empezando a recibir se\u00f1ales energ\u00e9ticas. Describe que estas se\u00f1ales llegan a trav\u00e9s de la actividad solar, desplazamientos energ\u00e9ticos, mayor sensibilidad, conocimiento<\/p>\n\n\n\n<p class=\"wp-block-paragraph\">interior y una sensaci\u00f3n de a\u00f1oranza por un mundo que nunca se ha visto.<\/p>\n\n\n\n<p class=\"wp-block-paragraph\">Explica que las erupciones solares y las part\u00edculas ionizadas, junto con la carga energ\u00e9tica del campo gal\u00e1ctico de luz fot\u00f3nica y conciencia, penetran en la atm\u00f3sfera y desciende hasta el campo energ\u00e9tico personal porque los controladores han perdido la capacidad de mitigarlas. El resultado es una filtraci\u00f3n a trav\u00e9s de un velo que se ha vuelto poroso.<\/p>\n\n\n\n<p class=\"wp-block-paragraph\">Este proceso genera desorientaci\u00f3n:&nbsp;<strong>la&nbsp;<\/strong><strong>gente<\/strong><strong>&nbsp;se siente en tierra de nadie<\/strong>, entre un mundo antiguo que ya no les corresponde y uno nuevo que empieza a perfilarse. Aumenta la impaciencia hacia la ilusi\u00f3n, se intensifica la sinton\u00eda con el mundo interior y se recibe una llamada del universo a la puerta interior. La sensibilidad, que antes generaba miedo, se convierte en vocaci\u00f3n.<\/p>\n\n\n\n<p class=\"wp-block-paragraph\"><strong>Kerry K<\/strong>&nbsp;sostiene que los seres humanos no est\u00e1n separados del cosmos, sino integrados en su latido. Las nuevas instrucciones se descargan en el cuerpo y reactivan potenciales de alta frecuencia que estaban latentes en el ADN, descrito como una biblioteca de registros ak\u00e1shicos. El cambio no consiste en rendirse, sino en realinearse con la armon\u00eda, la facilidad y la paz, abandonando la motivaci\u00f3n para permanecer dentro de la ilusi\u00f3n. La conciencia se define como un estado del ser m\u00e1s all\u00e1 del pensamiento mental.<\/p>\n\n\n\n<p class=\"wp-block-paragraph\">Cada ser humano que accede a este campo se convierte en un c\u00f3digo clave del despertar que se propaga al colectivo. El cambio no se produce luchando dentro de los par\u00e1metros de la falsa&nbsp;<em>matri<\/em><em>x<\/em>, sino brillando como un faro. Este proceso genera ondas irreversibles.<\/p>\n\n\n\n<figure class=\"wp-block-embed is-type-video is-provider-youtube wp-block-embed-youtube wp-embed-aspect-16-9 wp-has-aspect-ratio\"><div class=\"wp-block-embed__wrapper\">\n<iframe title=\"The Signal They Thought You\u2019d Never Receive\" width=\"640\" height=\"360\" src=\"https:\/\/www.youtube.com\/embed\/HjI1Kx3gjkQ?feature=oembed\" frameborder=\"0\" allow=\"accelerometer; autoplay; clipboard-write; encrypted-media; gyroscope; picture-in-picture; web-share\" referrerpolicy=\"strict-origin-when-cross-origin\" allowfullscreen><\/iframe>\n<\/div><\/figure>\n\n\n\n<p class=\"wp-block-paragraph\"><strong>CURIOSO<\/strong><\/p>\n\n\n\n<ul class=\"wp-block-list\">\n<li>Los gobiernos occidentales entran en p\u00e1nico ante la incapacidad de controlar, censurar o vigilar la\u00a0<strong>IA de c\u00f3digo abierto<\/strong>\u00a0que se ejecuta localmente.<a href=\"https:\/\/www.brighteon.com\/22b88843-70ab-40ef-bedf-c796cc8714df?utm_source=NaturalNews.com&amp;utm_medium=Email-Newsletter-2026-08-28&amp;utm_campaign=Video-Brighteon.com&amp;utm_content=NN-E-FeaturedV-10-Title\" target=\"_blank\" rel=\"noopener\">https:\/\/www.brighteon.com\/22b88843-70ab-40ef-bedf-c796cc8714df?utm_source=NaturalNews.com&amp;utm_medium=Email-Newsletter-2026-08-28&amp;utm_campaign=Video-Brighteon.com&amp;utm_content=NN-E-FeaturedV-10-Title<\/a><\/li>\n\n\n\n<li>Lanzado el telescopio espacial\u00a0<em>Nancy Grace Roman<\/em>\u00a0de la\u00a0<em>Nasa<\/em>\u00a0a bordo de un cohete\u00a0<em>Falcon Heavy<\/em>\u00a0de\u00a0<em>SpaceX<\/em>. Las im\u00e1genes del\u00a0<em>Roman<\/em>\u00a0ser\u00e1n tan n\u00edtidas como las del\u00a0<em>Hubble<\/em>, pero su campo de visi\u00f3n es cien veces m\u00e1s amplio, capturando en semanas lo que los telescopios m\u00e1s antiguos tardaban d\u00e9cadas en observar.<a href=\"https:\/\/www.spaceweather.com\/\" target=\"_blank\" rel=\"noopener\">https:\/\/www.spaceweather.com\/<\/a><\/li>\n\n\n\n<li>Textos escritos hace miles de a\u00f1os describen a los\u00a0<em><strong>Vimanas<\/strong><\/em>, m\u00e1quinas voladoras que se desplazaban por el cielo e incluso entre mundos. No se mencionaban como sue\u00f1os ni poemas, sino como objetos dise\u00f1ados, con sus partes, materiales y m\u00e9todos de propulsi\u00f3n detallados.<a href=\"https:\/\/encyclopedia.pub\/entry\/56700\" target=\"_blank\" rel=\"noopener\">https:\/\/encyclopedia.pub\/entry\/56700<\/a><\/li>\n\n\n\n<li>Oro interior seg\u00fan el\u00a0<strong>Arc\u00e1ngel Gabriel<\/strong>\u00a0a trav\u00e9s de\u00a0<strong>Lee Degani<\/strong>.- Con\u00e9ctate con el oro. Con\u00e9ctate con el sol que te rodea, con los destellos de sol que has descubierto, y deja que te gu\u00eden por el camino interior, porque ah\u00ed est\u00e1n las respuestas. Piensas en el oro como joyer\u00eda y hay una raz\u00f3n por la que es tan valioso, porque es la energ\u00eda dorada dentro de ti la que se conecta con el sol, la que se conecta con el sol central, la que se conecta con todos nosotros y deseamos que fluya como un r\u00edo.<a href=\"https:\/\/goldenageofgaia.com\/2026\/08\/26\/archangel-gabrielle-gold-within\/\" target=\"_blank\" rel=\"noopener\">https:\/\/goldenageofgaia.com\/2026\/08\/26\/archangel-gabrielle-gold-within\/<\/a><\/li>\n<\/ul>\n\n\n\n<p class=\"wp-block-paragraph\"><strong>ECONOM\u00cdA<\/strong><\/p>\n\n\n\n<ul class=\"wp-block-list\">\n<li>El\u00a0<strong>petr\u00f3leo<\/strong>\u00a0sube por encima de los 90 d\u00f3lares.<a href=\"https:\/\/efe.com\/economia\/2026-08-31\/brent-cotizacion-ataques-ee-uu-iran\/\" target=\"_blank\" rel=\"noopener\">https:\/\/efe.com\/economia\/2026-08-31\/brent-cotizacion-ataques-ee-uu-iran\/<\/a><\/li>\n\n\n\n<li>El precio de la\u00a0<strong>vivienda<\/strong>\u00a0en Espa\u00f1a sube un 15,6% en agosto.<a href=\"https:\/\/www.expansion.com\/inmobiliario\/mercado\/2026\/08\/31\/6a953803e5fdea720a8b4586.html\" target=\"_blank\" rel=\"noopener\">https:\/\/www.expansion.com\/inmobiliario\/mercado\/2026\/08\/31\/6a953803e5fdea720a8b4586.html<\/a><\/li>\n\n\n\n<li>El a\u00f1o en el que los ricos se volvieron locos por el\u00a0<strong>oro<\/strong>.- Se est\u00e1 disparando la demanda de c\u00e1maras acorazadas tras una vertiginosa subida del precio del oro.<a href=\"https:\/\/www.expansion.com\/economia\/financial-times\/2026\/08\/28\/6a9182fd468aebd5668b457b.html\" target=\"_blank\" rel=\"noopener\">https:\/\/www.expansion.com\/economia\/financial-times\/2026\/08\/28\/6a9182fd468aebd5668b457b.html<\/a><\/li>\n<\/ul>\n\n\n\n<p class=\"wp-block-paragraph\"><strong>EUROPA<\/strong><\/p>\n\n\n\n<ul class=\"wp-block-list\">\n<li><strong>Islandia<\/strong>\u00a0rechaza en un referendo unirse a la Uni\u00f3n Europea.<a href=\"https:\/\/efe.com\/mundo\/2026-08-30\/cierran-colegios-electorales-islandia-referendo-ue\/\" target=\"_blank\" rel=\"noopener\">https:\/\/efe.com\/mundo\/2026-08-30\/cierran-colegios-electorales-islandia-referendo-ue\/<\/a><\/li>\n\n\n\n<li>Se dispara el\u00a0<strong>gas<\/strong>\u00a0europeo ante el riesgo de cortes.<a href=\"https:\/\/es.euronews.com\/business\/2026\/08\/31\/los-precios-del-gas-en-europa-superan-los-70-por-los-nuevos-combates-en-oriente-medio\" target=\"_blank\" rel=\"noopener\">https:\/\/es.euronews.com\/business\/2026\/08\/31\/los-precios-del-gas-en-europa-superan-los-70-por-los-nuevos-combates-en-oriente-medio<\/a><\/li>\n\n\n\n<li><strong>Bruselas<\/strong>\u00a0designa a\u00a0<em>ChatGPT, Reddit\u00a0<\/em>y<em>\u00a0Roblox<\/em>\u00a0como plataformas sujetas a fuertes requisitos.<a href=\"https:\/\/efe.com\/ciencia-y-tecnologia\/2026-08-31\/ue-chatgpt-reddit-roblox\/\" target=\"_blank\" rel=\"noopener\">https:\/\/efe.com\/ciencia-y-tecnologia\/2026-08-31\/ue-chatgpt-reddit-roblox\/<\/a><\/li>\n\n\n\n<li>Luz verde de la UE a la producci\u00f3n de alimentos\u00a0<strong>transg\u00e9nicos<\/strong>.<a href=\"https:\/\/www.expansion.com\/economia\/politica\/2026\/08\/31\/6a91db69468aeba15b8b4595.html\" target=\"_blank\" rel=\"noopener\">https:\/\/www.expansion.com\/economia\/politica\/2026\/08\/31\/6a91db69468aeba15b8b4595.html<\/a><\/li>\n\n\n\n<li>Europa pierde a\u00a0<strong>Rusia<\/strong>, choca con\u00a0<strong>China<\/strong>\u00a0y duda de EE.UU.<a href=\"https:\/\/esrt.press\/actualidad\/625100-europa-pierde-rusia-choca-china\" target=\"_blank\" rel=\"noopener\">https:\/\/esrt.press\/actualidad\/625100-europa-pierde-rusia-choca-china<\/a><\/li>\n\n\n\n<li>Cientos de se\u00edsmos confirman que sigue activo el volc\u00e1n del lago\u00a0<em>Laacher<\/em>\u00a0en\u00a0<strong>Alemania<\/strong>.<a href=\"https:\/\/es.euronews.com\/my-europe\/2026\/08\/30\/cientos-seismos-profundos-confirman-sistema-volcanico-lago-laacher-alemania-sigue-activo\" target=\"_blank\" rel=\"noopener\">https:\/\/es.euronews.com\/my-europe\/2026\/08\/30\/cientos-seismos-profundos-confirman-sistema-volcanico-lago-laacher-alemania-sigue-activo<\/a><\/li>\n\n\n\n<li>Socialismo democr\u00e1tico: Un pastel precioso con un sabor amargo.- Promete precios asequibles y equidad. La factura, desde\u00a0<strong>Caracas<\/strong>\u00a0hasta\u00a0<strong>Copenhague<\/strong>, es algo muy distinto.<a href=\"https:\/\/www.zerohedge.com\/political\/democratic-socialism-beautiful-cake-bitter-aftertaste\" target=\"_blank\" rel=\"noopener\">https:\/\/www.zerohedge.com\/political\/democratic-socialism-beautiful-cake-bitter-aftertaste<\/a><\/li>\n<\/ul>\n\n\n\n<p class=\"wp-block-paragraph\"><strong>ESPA\u00d1A<\/strong><\/p>\n\n\n\n<ul class=\"wp-block-list\">\n<li><strong>S\u00e1nchez<\/strong>\u00a0defiende a\u00a0<strong>Marruecos<\/strong>\u00a0y culpa a\u00a0<strong>Rusia<\/strong>\u00a0e\u00a0<strong>Israel<\/strong>.<a href=\"https:\/\/es.euronews.com\/my-europe\/2026\/08\/31\/sanchez-vincula-a-rusia-israel-y-una-internacional-ultraderechista-con-los-bulos-de-ceuta\" target=\"_blank\" rel=\"noopener\">https:\/\/es.euronews.com\/my-europe\/2026\/08\/31\/sanchez-vincula-a-rusia-israel-y-una-internacional-ultraderechista-con-los-bulos-de-ceuta<\/a><\/li>\n\n\n\n<li>Espa\u00f1a dispara su gasto en\u00a0<strong>defensa<\/strong>\u00a0hasta 4.750 millones en 2025.<a href=\"https:\/\/www.europapress.es\/economia\/noticia-espana-dispara-gasto-defensa-4750-millones-2025-casi-mitad-concentrada-15-empresas-20260818121206.html\" target=\"_blank\" rel=\"noopener\">https:\/\/www.europapress.es\/economia\/noticia-espana-dispara-gasto-defensa-4750-millones-2025-casi-mitad-concentrada-15-empresas-20260818121206.html<\/a><\/li>\n<\/ul>\n\n\n\n<p class=\"wp-block-paragraph\"><strong>AM\u00c9RICAS<\/strong><\/p>\n\n\n\n<ul class=\"wp-block-list\">\n<li>Incautan todo un zool\u00f3gico al crimen organizado en\u00a0<strong>M\u00e9xico<\/strong>.<a href=\"https:\/\/noticiaslatam.lat\/20260827\/incautan-todo-un-zoologico-al-crimen-organizado-en-mexico--fotos-1174826734.html\" target=\"_blank\" rel=\"noopener\">https:\/\/noticiaslatam.lat\/20260827\/incautan-todo-un-zoologico-al-crimen-organizado-en-mexico&#8211;fotos-1174826734.html<\/a><\/li>\n\n\n\n<li><strong>El Salvador, Honduras\u00a0<\/strong>y<strong>\u00a0Panam\u00e1<\/strong>\u00a0se suman a la declaraci\u00f3n de emergencia por\u00a0<em>El Ni\u00f1o<\/em>.<a href=\"https:\/\/noticiaslatam.lat\/20260830\/alerta-en-centroamerica-tres-paises-mas-se-suman-a-la-declaratoria-de-emergencia-por-el-nino-1174868948.html\" target=\"_blank\" rel=\"noopener\">https:\/\/noticiaslatam.lat\/20260830\/alerta-en-centroamerica-tres-paises-mas-se-suman-a-la-declaratoria-de-emergencia-por-el-nino-1174868948.html<\/a><\/li>\n\n\n\n<li><strong>Ecuador<\/strong>\u00a0decreta alerta roja ante el fen\u00f3meno de\u00a0<em>El Ni\u00f1o<\/em>.<a href=\"https:\/\/noticiaslatam.lat\/20260830\/gobierno-de-ecuador-decreta-alerta-roja-en-todo-el-pais-ante-el-fenomeno-de-el-nino-1174861879.html\" target=\"_blank\" rel=\"noopener\">https:\/\/noticiaslatam.lat\/20260830\/gobierno-de-ecuador-decreta-alerta-roja-en-todo-el-pais-ante-el-fenomeno-de-el-nino-1174861879.html<\/a><\/li>\n\n\n\n<li><strong>Bolivia<\/strong>\u00a0sufre fuertes lluvias y nevadas.<a href=\"https:\/\/noticiaslatam.lat\/20260825\/no-solo-es-el-combustible-bolivia-padece-fuertes-lluvias-y-nevadas-1174794163.html\" target=\"_blank\" rel=\"noopener\">https:\/\/noticiaslatam.lat\/20260825\/no-solo-es-el-combustible-bolivia-padece-fuertes-lluvias-y-nevadas-1174794163.html<\/a><\/li>\n\n\n\n<li>El presidente de\u00a0<strong>Colombia<\/strong>\u00a0ordena la extradici\u00f3n a EEUU de cinco cabecillas de grupos armados.<a href=\"https:\/\/noticiaslatam.lat\/20260827\/el-presidente-de-colombia-ordena-la-extradicion-de-cinco-cabecillas-de-grupos-armados-a-eeuu-1174817917.html\" target=\"_blank\" rel=\"noopener\">https:\/\/noticiaslatam.lat\/20260827\/el-presidente-de-colombia-ordena-la-extradicion-de-cinco-cabecillas-de-grupos-armados-a-eeuu-1174817917.html<\/a><\/li>\n\n\n\n<li>M\u00e1s de 300\u00a0<strong>m\u00e9dicos<\/strong>\u00a0presentan su renuncia en\u00a0<strong>Paraguay<\/strong>\u00a0en apoyo a la huelga sanitaria.<a href=\"https:\/\/www.notimerica.com\/politica\/noticia-paraguay-mas-300-medicos-presentan-renuncia-paraguay-apoyo-huelga-sanitaria-20260831173424.html\" target=\"_blank\" rel=\"noopener\">https:\/\/www.notimerica.com\/politica\/noticia-paraguay-mas-300-medicos-presentan-renuncia-paraguay-apoyo-huelga-sanitaria-20260831173424.html<\/a><\/li>\n\n\n\n<li>Apenas el 14% de los j\u00f3venes en\u00a0<strong>Argentina<\/strong>\u00a0tiene un empleo formal.<a href=\"https:\/\/noticiaslatam.lat\/20260829\/apenas-el-14-de-los-jovenes-en-argentina-tiene-un-empleo-formal-segun-informe-1174860465.html\" target=\"_blank\" rel=\"noopener\">https:\/\/noticiaslatam.lat\/20260829\/apenas-el-14-de-los-jovenes-en-argentina-tiene-un-empleo-formal-segun-informe-1174860465.html<\/a><\/li>\n<\/ul>\n\n\n\n<p class=\"wp-block-paragraph\">Enlace al v\u00eddeo en espa\u00f1ol:<\/p>\n\n\n\n<figure class=\"wp-block-embed is-type-video is-provider-youtube wp-block-embed-youtube wp-embed-aspect-4-3 wp-has-aspect-ratio\"><div class=\"wp-block-embed__wrapper\">\n<iframe title=\"Momento Trascendental\" width=\"640\" height=\"480\" src=\"https:\/\/www.youtube.com\/embed\/RLNMxoaDMEE?feature=oembed\" frameborder=\"0\" allow=\"accelerometer; autoplay; clipboard-write; encrypted-media; gyroscope; picture-in-picture; web-share\" referrerpolicy=\"strict-origin-when-cross-origin\" allowfullscreen><\/iframe>\n<\/div><\/figure>\n\n\n\n<p class=\"wp-block-paragraph\">                                                                              &#8212;&#8212;&#8212;&#8212;&#8212;&#8212;&#8212;&#8212;&#8212;&#8212;&#8212;&#8212;&#8212;&#8212;&#8212;&#8212;-<\/p>\n\n\n\n<p class=\"wp-block-paragraph\">El cristianismo del siglo IV, que finalmente hab\u00eda salido del anonimato social de las catacumbas, se acomod\u00f3 r\u00e1pidamente a la sociedad pagana por la que ahora se extend\u00eda. El estilo de vida evang\u00e9lico se iba desvirtuando. Como reacci\u00f3n a todo esto, surge un&nbsp;<strong>modo de vida austero y solitario<\/strong>.<\/p>\n\n\n\n<p class=\"wp-block-paragraph\">Un buen n\u00famero de hombres y mujeres acuden a los desiertos de&nbsp;<strong>Egipto, Palestina, Arabia&nbsp;<\/strong>y<strong>&nbsp;Persia<\/strong>&nbsp;para vivir su fe radicalmente. Alej\u00e1ndose de un mundo que los absorbe y los separa de Dios, buscan un lugar tranquilo donde encontrarse a solas con el Absoluto de sus vidas.<\/p>\n\n\n\n<p class=\"wp-block-paragraph\">En sus muchas horas de silencio y meditaci\u00f3n aprendieron una sabidur\u00eda que en modo alguno resulta hoy desfasada. Aquellas circunstancias de su \u00e9poca, similares en algunos aspectos a nuestra vida vertiginosa en las grandes ciudades, contin\u00faan siendo hoy un reclamo para la paz interior, la relativizaci\u00f3n de las mediaciones y el encuentro con el \u00fanico Absoluto.<\/p>\n\n\n\n<p class=\"wp-block-paragraph\">Horas de silencio y meditaci\u00f3n aprendieron una sabidur\u00eda que en modo alguno resulta hoy desfasada. Aquellas circunstancias de su \u00e9poca, similares en algunos aspectos a nuestra vida vertiginosa en las grandes ciudades, siguen siendo hoy un reclamo para la paz interior, la relativizaci\u00f3n de las mediaciones y el encuentro con el \u00fanico Absoluto.<\/p>\n\n\n\n<figure class=\"wp-block-embed aligncenter is-type-rich is-provider-amazon wp-block-embed-amazon\"><div class=\"wp-block-embed__wrapper\">\n<iframe title=\"La sabidur\u00eda del desierto: 87 (MINOR)\" type=\"text\/html\" width=\"640\" height=\"550\" frameborder=\"0\" allowfullscreen allow=\"clipboard-write\" style=\"max-width:100%\" src=\"https:\/\/read.amazon.co.uk\/kp\/card?asin=8422020416\"><\/iframe>\n<\/div><\/figure>\n\n\n\n<p class=\"wp-block-paragraph\"><\/p>\n\n\n\n<p class=\"wp-block-paragraph\"><\/p>\n\n\n\n<p class=\"wp-block-paragraph\"><\/p>\n","protected":false},"excerpt":{"rendered":"<p>Miski Liu Suria \u201cEl pensamiento crea la materia y \u00e9sta toma forma f\u00edsica a trav\u00e9s&#8230;<\/p>\n","protected":false},"author":16,"featured_media":1385,"comment_status":"open","ping_status":"open","sticky":false,"template":"","format":"standard","meta":{"advanced_seo_description":"","jetpack_seo_html_title":"","jetpack_seo_noindex":false,"jetpack_seo_schema_type":"","_jetpack_newsletter_access":"","_jetpack_dont_email_post_to_subs":false,"_jetpack_newsletter_tier_id":0,"_jetpack_memberships_contains_paywalled_content":false,"_jetpack_feature_clip_id":0,"_jetpack_memberships_contains_paid_content":false,"footnotes":"","jetpack_post_was_ever_published":false},"categories":[38],"tags":[],"class_list":["post-75762","post","type-post","status-publish","format-standard","has-post-thumbnail","hentry","category-pedriodismo-alternativo-y-de-misterio"],"jetpack_sharing_enabled":true,"jetpack-related-posts":[],"amp_enabled":true,"jetpack_featured_media_url":"https:\/\/lagacetadealmeria.com\/wp-content\/uploads\/2024\/11\/LIU-SURIA-Guillermo-Herrera-Plaza.jpg","_links":{"self":[{"href":"https:\/\/lagacetadealmeria.com\/index.php?rest_route=\/wp\/v2\/posts\/75762","targetHints":{"allow":["GET"]}}],"collection":[{"href":"https:\/\/lagacetadealmeria.com\/index.php?rest_route=\/wp\/v2\/posts"}],"about":[{"href":"https:\/\/lagacetadealmeria.com\/index.php?rest_route=\/wp\/v2\/types\/post"}],"author":[{"embeddable":true,"href":"https:\/\/lagacetadealmeria.com\/index.php?rest_route=\/wp\/v2\/users\/16"}],"replies":[{"embeddable":true,"href":"https:\/\/lagacetadealmeria.com\/index.php?rest_route=%2Fwp%2Fv2%2Fcomments&post=75762"}],"version-history":[{"count":1,"href":"https:\/\/lagacetadealmeria.com\/index.php?rest_route=\/wp\/v2\/posts\/75762\/revisions"}],"predecessor-version":[{"id":75764,"href":"https:\/\/lagacetadealmeria.com\/index.php?rest_route=\/wp\/v2\/posts\/75762\/revisions\/75764"}],"wp:featuredmedia":[{"embeddable":true,"href":"https:\/\/lagacetadealmeria.com\/index.php?rest_route=\/wp\/v2\/media\/1385"}],"wp:attachment":[{"href":"https:\/\/lagacetadealmeria.com\/index.php?rest_route=%2Fwp%2Fv2%2Fmedia&parent=75762"}],"wp:term":[{"taxonomy":"category","embeddable":true,"href":"https:\/\/lagacetadealmeria.com\/index.php?rest_route=%2Fwp%2Fv2%2Fcategories&post=75762"},{"taxonomy":"post_tag","embeddable":true,"href":"https:\/\/lagacetadealmeria.com\/index.php?rest_route=%2Fwp%2Fv2%2Ftags&post=75762"}],"curies":[{"name":"wp","href":"https:\/\/api.w.org\/{rel}","templated":true}]}}