{"id":75775,"date":"2026-09-01T21:27:18","date_gmt":"2026-09-01T21:27:18","guid":{"rendered":"https:\/\/lagacetadealmeria.com\/?p=75775"},"modified":"2026-09-01T21:27:19","modified_gmt":"2026-09-01T21:27:19","slug":"la-exposicion-leyendas-de-los-mundiales-viaja-por-la-historia-del-futbol-a-traves-de-80-iconos-de-los-diferentes-campeonatos","status":"publish","type":"post","link":"https:\/\/lagacetadealmeria.com\/?p=75775","title":{"rendered":"La exposici\u00f3n \u2018Leyendas de los mundiales\u2019 viaja por la historia del f\u00fatbol a trav\u00e9s de 80 iconos de los diferentes campeonatos"},"content":{"rendered":"\n<p class=\"wp-block-paragraph\"><strong>El concejal Antonio Casimiro ha inaugurado la muestra, que se puede visitar en el Yacimiento Arqueol\u00f3gico Barrio Andalus\u00ed, donde se da especial protagonismo a las dos Estrellas logradas por Espa\u00f1a<\/strong><\/p>\n\n\n\n<figure class=\"wp-block-audio\"><audio controls src=\"https:\/\/lagacetadealmeria.com\/wp-content\/uploads\/2026\/09\/ANTONIO-JESUS-CASIMIRO-CONCEJAL-CIUDAD-ACTIVA-EXPOSICION-LEYENDAS-MUNDIAL.mp3\"><\/audio><\/figure>\n\n\n\n<figure class=\"wp-block-audio\"><audio controls src=\"https:\/\/lagacetadealmeria.com\/wp-content\/uploads\/2026\/09\/PABLO-MARTINEZ-PROMOTOR-EXPOSICION.mp3\"><\/audio><\/figure>\n\n\n\n<p class=\"wp-block-paragraph\">Los almerienses podremos seguir disfrutando de la segunda Estrella lograda por la Selecci\u00f3n Espa\u00f1ola de F\u00fatbol, a la vez que realizar un viaje por la historia de los Mundiales, a trav\u00e9s de la exposici\u00f3n \u2018Leyendas de los Mundiales\u2019, inaugurada ayer, lunes, por el concejal de Ciudad Activa, Movilidad Urbana y Deporte, Antonio Casimiro, y que se podr\u00e1 visitar hasta el 24 de septiembre en el Yacimiento Arqueol\u00f3gico Barrio Andalus\u00ed. Est\u00e1 creada por la asociaci\u00f3n Museo del Deporte, organizada por el \u00c1rea de Ciudad Activa y cuenta con la colaboraci\u00f3n del \u00c1rea de Turismo, Comunicaciones y Promoci\u00f3n de la Ciudad y la Red de Museos Municipales de Almer\u00eda.<\/p>\n\n\n\n<p class=\"wp-block-paragraph\">Son ochenta objetos claves de cada mundial, desde 1966 en Inglaterra, que explican las grandes gestas acontecidas a lo largo de la disputa de los mundiales de f\u00fatbol, con diversos elementos ic\u00f3nicos de sus deportistas protagonistas y una breve explicaci\u00f3n cronol\u00f3gica de sus logros.<\/p>\n\n\n\n<p class=\"wp-block-paragraph\">En esta l\u00ednea, los visitantes ver\u00e1n todos los balones de los mundiales y camisetas de las selecciones ganadoras firmadas por alguno de los jugadores protagonistas, desde el Mundial de 1966 de Inglaterra hasta el \u00faltimo de Estados Unidos, M\u00e9xico y Canad\u00e1 de 2026. Adicionalmente se incluyen los grandes logros de la selecci\u00f3n espa\u00f1ola, incluidas las gestas del mundial logrados en 2010 y el pasado mes de julio, y las Eurocopas de 2008, 2012 y 2024. Balones, botas de f\u00fatbol y camisetas firmadas por las estrellas del bal\u00f3n, fotograf\u00edas y contenidos explicativos para disfrutar en su plenitud del \u2018deporte rey\u2019 y los \u00e9xitos de la Selecci\u00f3n Espa\u00f1ola.<\/p>\n\n\n\n<p class=\"wp-block-paragraph\">Adem\u00e1s, existen tambi\u00e9n audiogu\u00edas accesibles a trav\u00e9s de c\u00f3digo QR con narraciones de algunos grandes periodistas deportivos de diferentes \u00e9pocas como Jos\u00e9 Ram\u00f3n de la Morena, Jos\u00e9 \u00c1ngel de la Casa, Alfredo Mart\u00ednez, Susana Guasch, o Julio Maldonado \u2018Maldini\u2019. La muestra est\u00e1 actualizada e incluye el bal\u00f3n del Mundial de Estados Unidos, M\u00e9xico y Canad\u00e1, as\u00ed como la camiseta oficial de Espa\u00f1a firmada por \u00c1lex Baena.<\/p>\n\n\n\n<p class=\"wp-block-paragraph\">El concejal de Ciudad Activa, Antonio Casimiro, afirma que \u201cestamos encantados de que hoy vea la luz esta exposici\u00f3n. Somos la primera ciudad de Espa\u00f1a que recibe la exposici\u00f3n despu\u00e9s de la segunda Estrella que todos so\u00f1\u00e1bamos, \u00e9xito que ha llevado a ampliar la muestra\u201d. Adem\u00e1s, el concejal ha anunciado la conferencia que impartir\u00e1 Claudio V\u00e1zquez, almeriense de adopci\u00f3n y jefe de los servicios m\u00e9dicos de la Selecci\u00f3n Espa\u00f1ola de F\u00fatbol, en el cuerpo t\u00e9cnico de Luis de la Fuente. El viernes, 11 de septiembre, a las 19 horas, contar\u00e1 su experiencia en los mundiales. &nbsp;&nbsp;&nbsp;&nbsp;<\/p>\n\n\n\n<p class=\"wp-block-paragraph\">Por su parte, Pablo Mart\u00ednez-Arroyo, cofundador de la asociaci\u00f3n Museo del Deporte, explica que \u201cel a\u00f1o pasado expusimos las Leyendas Ol\u00edmpicas y este a\u00f1o venimos a Almer\u00eda con las Leyendas de los Mundiales. Los almerienses podr\u00e1n ver la camiseta oficial de la selecci\u00f3n espa\u00f1ola y de su entrenador, Luis de la Fuente, entre otros objetos que representan la historia de los mundiales\u201d.<\/p>\n\n\n\n<p class=\"wp-block-paragraph\">Entre los objetos m\u00e1s simb\u00f3licos, la bota de Pel\u00e9, la camiseta de Beckenbauer, el recuerdo de Naranjito, la mascota del Mundial de Espa\u00f1a 1982, el bal\u00f3n Azteca 86 de Adidas, que supuso una transformaci\u00f3n en su dise\u00f1o, la camiseta de Luis Enrique en el Mundial de 1994 de Estados Unidos, muy recordado por el codazo no pitado que recibi\u00f3 del contrario, la bota de Zidane, el mariscal del Mundial de Francia de 1998, la Bota de Ronaldo del mundial de Corea y Jap\u00f3n, la camiseta de Griezmann en el Mundial de Rusia, la bota de Leo Messi, en el Mundial que siempre anhel\u00f3 y gan\u00f3 en Qatar, m\u00e1s de actualidad tras anunciar ayer que deja la Selecci\u00f3n de Argentina, y un espacio bien destacado para las gestas de Espa\u00f1a en Mundiales y Eurocopas.<\/p>\n\n\n\n<p class=\"wp-block-paragraph\">La exposici\u00f3n se puede visitar de martes a s\u00e1bado, de 10:00 a 21:00 h horas, y los domingos, de 10:00 a 15:00 h, en el Yacimiento Arqueol\u00f3gico Barrio Andalus\u00ed, cuya directora, Bel\u00e9n Alem\u00e1n, ha asistido a la exposici\u00f3n.<\/p>\n\n\n\n<figure class=\"wp-block-gallery has-nested-images columns-default is-cropped wp-block-gallery-1 is-layout-flex wp-block-gallery-is-layout-flex\">\n<figure class=\"wp-block-image size-large\"><img fetchpriority=\"high\" decoding=\"async\" width=\"700\" height=\"467\" data-id=\"75779\" src=\"https:\/\/lagacetadealmeria.com\/wp-content\/uploads\/2026\/09\/museo-deporte-DSC_4572.jpg\" alt=\"\" class=\"wp-image-75779\" srcset=\"https:\/\/lagacetadealmeria.com\/wp-content\/uploads\/2026\/09\/museo-deporte-DSC_4572.jpg 700w, https:\/\/lagacetadealmeria.com\/wp-content\/uploads\/2026\/09\/museo-deporte-DSC_4572-300x200.jpg 300w\" sizes=\"(max-width: 700px) 100vw, 700px\" \/><\/figure>\n\n\n\n<figure class=\"wp-block-image size-large\"><img decoding=\"async\" width=\"700\" height=\"467\" data-id=\"75780\" src=\"https:\/\/lagacetadealmeria.com\/wp-content\/uploads\/2026\/09\/museo-deporte-DSC_4563.jpg\" alt=\"\" class=\"wp-image-75780\" srcset=\"https:\/\/lagacetadealmeria.com\/wp-content\/uploads\/2026\/09\/museo-deporte-DSC_4563.jpg 700w, https:\/\/lagacetadealmeria.com\/wp-content\/uploads\/2026\/09\/museo-deporte-DSC_4563-300x200.jpg 300w\" sizes=\"(max-width: 700px) 100vw, 700px\" \/><\/figure>\n\n\n\n<figure class=\"wp-block-image size-large\"><img decoding=\"async\" width=\"700\" height=\"467\" data-id=\"75783\" src=\"https:\/\/lagacetadealmeria.com\/wp-content\/uploads\/2026\/09\/museo-deporte-DSC_4557.jpg\" alt=\"\" class=\"wp-image-75783\" srcset=\"https:\/\/lagacetadealmeria.com\/wp-content\/uploads\/2026\/09\/museo-deporte-DSC_4557.jpg 700w, https:\/\/lagacetadealmeria.com\/wp-content\/uploads\/2026\/09\/museo-deporte-DSC_4557-300x200.jpg 300w\" sizes=\"(max-width: 700px) 100vw, 700px\" \/><\/figure>\n\n\n\n<figure class=\"wp-block-image size-large\"><img loading=\"lazy\" decoding=\"async\" width=\"700\" height=\"467\" data-id=\"75781\" src=\"https:\/\/lagacetadealmeria.com\/wp-content\/uploads\/2026\/09\/museo-deporte-DSC_4528-1.jpg\" alt=\"\" class=\"wp-image-75781\" srcset=\"https:\/\/lagacetadealmeria.com\/wp-content\/uploads\/2026\/09\/museo-deporte-DSC_4528-1.jpg 700w, https:\/\/lagacetadealmeria.com\/wp-content\/uploads\/2026\/09\/museo-deporte-DSC_4528-1-300x200.jpg 300w\" sizes=\"(max-width: 700px) 100vw, 700px\" \/><\/figure>\n\n\n\n<figure class=\"wp-block-image size-large\"><img loading=\"lazy\" decoding=\"async\" width=\"700\" height=\"467\" data-id=\"75782\" src=\"https:\/\/lagacetadealmeria.com\/wp-content\/uploads\/2026\/09\/museo-deporte-DSC_4528.jpg\" alt=\"\" class=\"wp-image-75782\" srcset=\"https:\/\/lagacetadealmeria.com\/wp-content\/uploads\/2026\/09\/museo-deporte-DSC_4528.jpg 700w, https:\/\/lagacetadealmeria.com\/wp-content\/uploads\/2026\/09\/museo-deporte-DSC_4528-300x200.jpg 300w\" sizes=\"(max-width: 700px) 100vw, 700px\" \/><\/figure>\n<\/figure>\n\n\n\n<figure class=\"wp-block-embed is-type-video is-provider-youtube wp-block-embed-youtube wp-embed-aspect-16-9 wp-has-aspect-ratio\"><div class=\"wp-block-embed__wrapper\">\n<iframe title=\"Inauguraci\u00f3n de la exposici\u00f3n \u2018Leyendas de los Mundiales\u2019\" width=\"640\" height=\"360\" src=\"https:\/\/www.youtube.com\/embed\/VWR-kD2Ln-A?feature=oembed\" frameborder=\"0\" allow=\"accelerometer; autoplay; clipboard-write; encrypted-media; gyroscope; picture-in-picture; web-share\" referrerpolicy=\"strict-origin-when-cross-origin\" allowfullscreen><\/iframe>\n<\/div><\/figure>\n","protected":false},"excerpt":{"rendered":"<p>El concejal Antonio Casimiro ha inaugurado la muestra, que se puede visitar en el Yacimiento&#8230;<\/p>\n","protected":false},"author":12,"featured_media":75782,"comment_status":"open","ping_status":"open","sticky":false,"template":"","format":"standard","meta":{"advanced_seo_description":"","jetpack_seo_html_title":"","jetpack_seo_noindex":false,"jetpack_seo_schema_type":"","_jetpack_newsletter_access":"","_jetpack_dont_email_post_to_subs":false,"_jetpack_newsletter_tier_id":0,"_jetpack_memberships_contains_paywalled_content":false,"_jetpack_feature_clip_id":0,"_jetpack_memberships_contains_paid_content":false,"footnotes":"","jetpack_post_was_ever_published":false},"categories":[27],"tags":[],"class_list":["post-75775","post","type-post","status-publish","format-standard","has-post-thumbnail","hentry","category-deportes"],"jetpack_sharing_enabled":true,"jetpack-related-posts":[],"amp_enabled":true,"jetpack_featured_media_url":"https:\/\/lagacetadealmeria.com\/wp-content\/uploads\/2026\/09\/museo-deporte-DSC_4528.jpg","_links":{"self":[{"href":"https:\/\/lagacetadealmeria.com\/index.php?rest_route=\/wp\/v2\/posts\/75775","targetHints":{"allow":["GET"]}}],"collection":[{"href":"https:\/\/lagacetadealmeria.com\/index.php?rest_route=\/wp\/v2\/posts"}],"about":[{"href":"https:\/\/lagacetadealmeria.com\/index.php?rest_route=\/wp\/v2\/types\/post"}],"author":[{"embeddable":true,"href":"https:\/\/lagacetadealmeria.com\/index.php?rest_route=\/wp\/v2\/users\/12"}],"replies":[{"embeddable":true,"href":"https:\/\/lagacetadealmeria.com\/index.php?rest_route=%2Fwp%2Fv2%2Fcomments&post=75775"}],"version-history":[{"count":1,"href":"https:\/\/lagacetadealmeria.com\/index.php?rest_route=\/wp\/v2\/posts\/75775\/revisions"}],"predecessor-version":[{"id":75784,"href":"https:\/\/lagacetadealmeria.com\/index.php?rest_route=\/wp\/v2\/posts\/75775\/revisions\/75784"}],"wp:featuredmedia":[{"embeddable":true,"href":"https:\/\/lagacetadealmeria.com\/index.php?rest_route=\/wp\/v2\/media\/75782"}],"wp:attachment":[{"href":"https:\/\/lagacetadealmeria.com\/index.php?rest_route=%2Fwp%2Fv2%2Fmedia&parent=75775"}],"wp:term":[{"taxonomy":"category","embeddable":true,"href":"https:\/\/lagacetadealmeria.com\/index.php?rest_route=%2Fwp%2Fv2%2Fcategories&post=75775"},{"taxonomy":"post_tag","embeddable":true,"href":"https:\/\/lagacetadealmeria.com\/index.php?rest_route=%2Fwp%2Fv2%2Ftags&post=75775"}],"curies":[{"name":"wp","href":"https:\/\/api.w.org\/{rel}","templated":true}]}}