{"id":75785,"date":"2026-09-01T21:30:05","date_gmt":"2026-09-01T21:30:05","guid":{"rendered":"https:\/\/lagacetadealmeria.com\/?p=75785"},"modified":"2026-09-01T21:30:07","modified_gmt":"2026-09-01T21:30:07","slug":"el-95-del-alumnado-de-almeria-del-primer-ciclo-de-infantil-tiene-educacion-gratuita-este-curso","status":"publish","type":"post","link":"https:\/\/lagacetadealmeria.com\/?p=75785","title":{"rendered":"El 95% del alumnado de Almer\u00eda del Primer ciclo de Infantil tiene educaci\u00f3n gratuita este curso"},"content":{"rendered":"\n<p class=\"wp-block-paragraph\">9.534 menores de tres a\u00f1os, 366 m\u00e1s, inician el curso escolar 2026\/27 el 3 de septiembre en las Escuelas Infantiles de la provincia<\/p>\n\n\n\n<p class=\"wp-block-paragraph\">El 95% de los 9.534 ni\u00f1os y ni\u00f1as de Almer\u00eda escolarizados en el inicio del curso 2026\/27 en el primer ciclo de Infantil (0-3) dispone de educaci\u00f3n gratuita, despu\u00e9s de que la Junta de Andaluc\u00eda haya ampliado esta medida al tramo de los alumnos de un a\u00f1o. De este modo, el coste del servicio de atenci\u00f3n socioeducativa para 9.087 alumnos, tanto en las escuelas infantiles de la Junta como en los centros adheridos al programa de ayuda a las familias, lo asume la administraci\u00f3n auton\u00f3mica.<\/p>\n\n\n\n<p class=\"wp-block-paragraph\">Seg\u00fan los datos de matriculaci\u00f3n registrados a d\u00eda hoy, un total de 9.534 menores de tres a\u00f1os inician el pr\u00f3ximo jueves 3 de septiembre el curso escolar 2026\/27 en las escuelas y centros de educaci\u00f3n infantil de Andaluc\u00eda. Esta cifra supone 366 escolares m\u00e1s que en el curso pasado en estas mismas fechas, un crecimiento que corresponde en su mayor\u00eda al tramo de un a\u00f1o. As\u00ed, la distribuci\u00f3n es la siguiente: en cero a\u00f1os son 639 ni\u00f1as y ni\u00f1os, en un a\u00f1o 3.779 y en dos 5.116 escolares. La matriculaci\u00f3n en el primer ciclo de infantil permanece abierta durante todo el curso escolar.<\/p>\n\n\n\n<p class=\"wp-block-paragraph\">El avance hacia la gratuidad se inici\u00f3 el curso pasado en el tramo de 2 a\u00f1os, y se ha ampliado este curso a los escolares de 1 a\u00f1o, con el objetivo de fomentar la escolarizaci\u00f3n temprana, facilitar la conciliaci\u00f3n entre la vida laboral y familiar, especialmente entre las clases medias y trabajadoras, as\u00ed como de apoyo al sector. En el tramo de cero a\u00f1os contin\u00faan las bonificaciones a las familias, de tal forma que alrededor del 30%, 192 ni\u00f1os y ni\u00f1as, tambi\u00e9n disponen de educaci\u00f3n gratuita. La previsi\u00f3n de la Junta de Andaluc\u00eda es que la gratuidad total de la educaci\u00f3n en el tramo de cero a\u00f1os se implemente en el curso 2027\/28, alcanzando as\u00ed al ciclo al completo.<\/p>\n\n\n\n<p class=\"wp-block-paragraph\">La inversi\u00f3n prevista para llevar a cabo la medida de gratuidad en el tramo de 1 a\u00f1o en este curso es de 40 millones de euros. En el conjunto de la etapa, la Consejer\u00eda destina una inversi\u00f3n de 290 millones a ayudas a las familias, para un presupuesto total para toda la etapa de 420 millones, lo que supone un 58% de incremento respecto a 2018.<\/p>\n\n\n\n<p class=\"wp-block-paragraph\"><strong>M\u00e1s de 13.700 plazas<\/strong><\/p>\n\n\n\n<p class=\"wp-block-paragraph\">La Consejer\u00eda de Educaci\u00f3n prev\u00e9 una tendencia al alza en la escolarizaci\u00f3n a lo largo del curso, con la estimaci\u00f3n de superar la cifra de 11.100 ni\u00f1as y ni\u00f1os en la red de escuelas infantiles de la provincia. Para este curso la Junta ha ofertado 13.727 plazas. Andaluc\u00eda cuenta para este ciclo con una red de 238 centros, entre los que se encuentran las escuelas infantiles de titularidad de la Junta de Andaluc\u00eda y los centros p\u00fablicos o privados adheridos al programa de la Junta para el fomento de la escolarizaci\u00f3n en el primer ciclo de Educaci\u00f3n Infantil. Son 4 m\u00e1s respecto al curso anterior.<\/p>\n\n\n\n<p class=\"wp-block-paragraph\">Respecto a la tasa de escolarizaci\u00f3n, la previsi\u00f3n es alcanzar el 60,14% (16 puntos m\u00e1s que en 2018)<strong>,<\/strong> la m\u00e1s alta de la serie hist\u00f3rica y por encima de la media nacional (49,2%). De esta manera, Andaluc\u00eda se sit\u00faa como una de las comunidades con mayor porcentaje de alumnado entre 0 y 3 a\u00f1os escolarizado, superando con creces las recomendaciones de la Uni\u00f3n Europea (33%).<\/p>\n\n\n\n<p class=\"wp-block-paragraph\">El precio por alumno del servicio de atenci\u00f3n socioeducativa es de 240,53 euros, que a partir de enero de 2027 pasar\u00e1 a 250,15 euros, por acuerdo con el sector. A fin de facilitar al m\u00e1ximo la compatibilidad entre la vida laboral y familiar, tanto las escuelas infantiles como los centros de educaci\u00f3n infantil ofrecer\u00e1n sus servicios de lunes a viernes todos los d\u00edas no festivos del a\u00f1o, salvo el mes de agosto, en horario ininterrumpido de 7.30 a 17.00 horas, siendo un m\u00e1ximo de ocho las horas de permanencia en los centros de los escolares. El r\u00e9gimen ordinario de clase comenzar\u00e1 el tercer d\u00eda h\u00e1bil del mes de septiembre y finalizar\u00e1 el pen\u00faltimo d\u00eda h\u00e1bil del mes de julio de cada a\u00f1o. La Educaci\u00f3n Infantil se considera en nuestra Comunidad una etapa de car\u00e1cter educativo y no solo asistencial y de escolarizaci\u00f3n voluntaria.<\/p>\n\n\n\n<figure class=\"wp-block-image size-full\"><img fetchpriority=\"high\" decoding=\"async\" width=\"700\" height=\"467\" src=\"https:\/\/lagacetadealmeria.com\/wp-content\/uploads\/2026\/09\/Primer-ciclo-Infantil-previa-curso-2026_27-Almeria.jpg\" alt=\"\" class=\"wp-image-75786\" srcset=\"https:\/\/lagacetadealmeria.com\/wp-content\/uploads\/2026\/09\/Primer-ciclo-Infantil-previa-curso-2026_27-Almeria.jpg 700w, https:\/\/lagacetadealmeria.com\/wp-content\/uploads\/2026\/09\/Primer-ciclo-Infantil-previa-curso-2026_27-Almeria-300x200.jpg 300w\" sizes=\"(max-width: 700px) 100vw, 700px\" \/><\/figure>\n","protected":false},"excerpt":{"rendered":"<p>9.534 menores de tres a\u00f1os, 366 m\u00e1s, inician el curso escolar 2026\/27 el 3 de&#8230;<\/p>\n","protected":false},"author":12,"featured_media":75786,"comment_status":"open","ping_status":"open","sticky":false,"template":"","format":"standard","meta":{"advanced_seo_description":"","jetpack_seo_html_title":"","jetpack_seo_noindex":false,"jetpack_seo_schema_type":"","_jetpack_newsletter_access":"","_jetpack_dont_email_post_to_subs":false,"_jetpack_newsletter_tier_id":0,"_jetpack_memberships_contains_paywalled_content":false,"_jetpack_feature_clip_id":0,"_jetpack_memberships_contains_paid_content":false,"footnotes":"","jetpack_post_was_ever_published":false},"categories":[44],"tags":[],"class_list":["post-75785","post","type-post","status-publish","format-standard","has-post-thumbnail","hentry","category-educacion"],"jetpack_sharing_enabled":true,"jetpack-related-posts":[],"amp_enabled":true,"jetpack_featured_media_url":"https:\/\/lagacetadealmeria.com\/wp-content\/uploads\/2026\/09\/Primer-ciclo-Infantil-previa-curso-2026_27-Almeria.jpg","_links":{"self":[{"href":"https:\/\/lagacetadealmeria.com\/index.php?rest_route=\/wp\/v2\/posts\/75785","targetHints":{"allow":["GET"]}}],"collection":[{"href":"https:\/\/lagacetadealmeria.com\/index.php?rest_route=\/wp\/v2\/posts"}],"about":[{"href":"https:\/\/lagacetadealmeria.com\/index.php?rest_route=\/wp\/v2\/types\/post"}],"author":[{"embeddable":true,"href":"https:\/\/lagacetadealmeria.com\/index.php?rest_route=\/wp\/v2\/users\/12"}],"replies":[{"embeddable":true,"href":"https:\/\/lagacetadealmeria.com\/index.php?rest_route=%2Fwp%2Fv2%2Fcomments&post=75785"}],"version-history":[{"count":1,"href":"https:\/\/lagacetadealmeria.com\/index.php?rest_route=\/wp\/v2\/posts\/75785\/revisions"}],"predecessor-version":[{"id":75788,"href":"https:\/\/lagacetadealmeria.com\/index.php?rest_route=\/wp\/v2\/posts\/75785\/revisions\/75788"}],"wp:featuredmedia":[{"embeddable":true,"href":"https:\/\/lagacetadealmeria.com\/index.php?rest_route=\/wp\/v2\/media\/75786"}],"wp:attachment":[{"href":"https:\/\/lagacetadealmeria.com\/index.php?rest_route=%2Fwp%2Fv2%2Fmedia&parent=75785"}],"wp:term":[{"taxonomy":"category","embeddable":true,"href":"https:\/\/lagacetadealmeria.com\/index.php?rest_route=%2Fwp%2Fv2%2Fcategories&post=75785"},{"taxonomy":"post_tag","embeddable":true,"href":"https:\/\/lagacetadealmeria.com\/index.php?rest_route=%2Fwp%2Fv2%2Ftags&post=75785"}],"curies":[{"name":"wp","href":"https:\/\/api.w.org\/{rel}","templated":true}]}}