{"id":75800,"date":"2026-09-01T22:03:45","date_gmt":"2026-09-01T22:03:45","guid":{"rendered":"https:\/\/lagacetadealmeria.com\/?p=75800"},"modified":"2026-09-01T22:03:46","modified_gmt":"2026-09-01T22:03:46","slug":"la-mesa-en-defensa-del-ferrocarril-de-almeria-convoca-una-concentracion-el-viernes-4-de-septiembre-a-las-15-30-horas-en-la-estacion-de-huercal-de-almeria","status":"publish","type":"post","link":"https:\/\/lagacetadealmeria.com\/?p=75800","title":{"rendered":"La Mesa en Defensa del Ferrocarril de Almer\u00eda convoca una concentraci\u00f3n el viernes 4 de septiembre a las 15.30 horas en la estaci\u00f3n de Huercal de Almer\u00eda"},"content":{"rendered":"\n<p class=\"wp-block-paragraph\">Almer\u00eda dice adi\u00f3s a una parte de su historia ferroviaria. La Mesa en Defensa del Ferrocarril de Almer\u00eda despedir\u00e1 simb\u00f3licamente al Talgo, un servicio que durante cerca de medio siglo ha conectado la provincia con Madrid y que se ha convertido en uno de los trenes m\u00e1s emblem\u00e1ticos para varias generaciones de almerienses. La desaparici\u00f3n de los servicios Talgo supone, para nuestra plataforma ferroviaria, mucho m\u00e1s que el cambio de un modelo de tren. Representa el final de una etapa marcada por unas conexiones ferroviarias que, pese a sus limitaciones, fueron fundamentales para la movilidad de los ciudadanos y para la comunicaci\u00f3n de Almer\u00eda con el resto del pa\u00eds. Con este adi\u00f3s, nuestra plataforma quiere poner de manifiesto su preocupaci\u00f3n por el futuro ferroviario de la provincia y reclamar unas comunicaciones dignas, r\u00e1pidas y competitivas.<br>Cincuenta a\u00f1os de historia ferroviaria llegan as\u00ed a su final, dejando atr\u00e1s miles de viajes, recuerdos y generaciones de almerienses que hicieron del Talgo una parte inseparable de sus desplazamientos a Madrid. Para La Mesa, despedir al Talgo no significa renunciar a esta segunda circulaci\u00f3n con Madrid. Al contrario, seguimos reivindicando la llegada de nuevos trenes Alvia , ya que, Almer\u00eda necesita seguir contando con un ferrocarril acorde con las necesidades de sus ciudadanos y con la importancia econ\u00f3mica, tur\u00edstica y social de la provincia y eso pasa por mantener al menos las dos conexiones ferroviarias con Madrid.<br>La Mesa despedir\u00e1 al Talgo despu\u00e9s de 50 a\u00f1os de servicio y lo har\u00e1 el pr\u00f3ximo viernes 4 de septiembre a las 15.30 horas en la estaci\u00f3n de Huercal de Almer\u00eda, esperamos contar con el mayor n\u00famero presencia de socios<\/p>\n\n\n\n<figure class=\"wp-block-image size-full\"><img fetchpriority=\"high\" decoding=\"async\" width=\"700\" height=\"933\" src=\"https:\/\/lagacetadealmeria.com\/wp-content\/uploads\/2026\/09\/Cartel-convocatoria-manifestacion-Talgo.jpg\" alt=\"\" class=\"wp-image-75802\" srcset=\"https:\/\/lagacetadealmeria.com\/wp-content\/uploads\/2026\/09\/Cartel-convocatoria-manifestacion-Talgo.jpg 700w, https:\/\/lagacetadealmeria.com\/wp-content\/uploads\/2026\/09\/Cartel-convocatoria-manifestacion-Talgo-225x300.jpg 225w\" sizes=\"(max-width: 700px) 100vw, 700px\" \/><\/figure>\n","protected":false},"excerpt":{"rendered":"<p>Almer\u00eda dice adi\u00f3s a una parte de su historia ferroviaria. La Mesa en Defensa del&#8230;<\/p>\n","protected":false},"author":12,"featured_media":75802,"comment_status":"open","ping_status":"open","sticky":false,"template":"","format":"standard","meta":{"advanced_seo_description":"","jetpack_seo_html_title":"","jetpack_seo_noindex":false,"jetpack_seo_schema_type":"","_jetpack_newsletter_access":"","_jetpack_dont_email_post_to_subs":false,"_jetpack_newsletter_tier_id":0,"_jetpack_memberships_contains_paywalled_content":false,"_jetpack_feature_clip_id":0,"_jetpack_memberships_contains_paid_content":false,"footnotes":"","jetpack_post_was_ever_published":false},"categories":[37],"tags":[],"class_list":["post-75800","post","type-post","status-publish","format-standard","has-post-thumbnail","hentry","category-provincia"],"jetpack_sharing_enabled":true,"jetpack-related-posts":[],"amp_enabled":true,"jetpack_featured_media_url":"https:\/\/lagacetadealmeria.com\/wp-content\/uploads\/2026\/09\/Cartel-convocatoria-manifestacion-Talgo.jpg","_links":{"self":[{"href":"https:\/\/lagacetadealmeria.com\/index.php?rest_route=\/wp\/v2\/posts\/75800","targetHints":{"allow":["GET"]}}],"collection":[{"href":"https:\/\/lagacetadealmeria.com\/index.php?rest_route=\/wp\/v2\/posts"}],"about":[{"href":"https:\/\/lagacetadealmeria.com\/index.php?rest_route=\/wp\/v2\/types\/post"}],"author":[{"embeddable":true,"href":"https:\/\/lagacetadealmeria.com\/index.php?rest_route=\/wp\/v2\/users\/12"}],"replies":[{"embeddable":true,"href":"https:\/\/lagacetadealmeria.com\/index.php?rest_route=%2Fwp%2Fv2%2Fcomments&post=75800"}],"version-history":[{"count":1,"href":"https:\/\/lagacetadealmeria.com\/index.php?rest_route=\/wp\/v2\/posts\/75800\/revisions"}],"predecessor-version":[{"id":75803,"href":"https:\/\/lagacetadealmeria.com\/index.php?rest_route=\/wp\/v2\/posts\/75800\/revisions\/75803"}],"wp:featuredmedia":[{"embeddable":true,"href":"https:\/\/lagacetadealmeria.com\/index.php?rest_route=\/wp\/v2\/media\/75802"}],"wp:attachment":[{"href":"https:\/\/lagacetadealmeria.com\/index.php?rest_route=%2Fwp%2Fv2%2Fmedia&parent=75800"}],"wp:term":[{"taxonomy":"category","embeddable":true,"href":"https:\/\/lagacetadealmeria.com\/index.php?rest_route=%2Fwp%2Fv2%2Fcategories&post=75800"},{"taxonomy":"post_tag","embeddable":true,"href":"https:\/\/lagacetadealmeria.com\/index.php?rest_route=%2Fwp%2Fv2%2Ftags&post=75800"}],"curies":[{"name":"wp","href":"https:\/\/api.w.org\/{rel}","templated":true}]}}