{"id":75804,"date":"2026-09-01T22:07:11","date_gmt":"2026-09-01T22:07:11","guid":{"rendered":"https:\/\/lagacetadealmeria.com\/?p=75804"},"modified":"2026-09-01T22:07:14","modified_gmt":"2026-09-01T22:07:14","slug":"el-pp-de-vicar-ruega-al-psoe-de-vicar-que-se-una-manana-a-la-concentracion-en-apoyo-al-pueblo-de-ceuta","status":"publish","type":"post","link":"https:\/\/lagacetadealmeria.com\/?p=75804","title":{"rendered":"El PP de V\u00edcar ruega al PSOE de V\u00edcar que se una ma\u00f1ana a la concentraci\u00f3n en apoyo al pueblo de Ceuta"},"content":{"rendered":"\n<p class=\"has-text-align-center wp-block-paragraph\"><strong>LOLO ORT\u00cdZ<\/strong><\/p>\n\n\n\n<p class=\"wp-block-paragraph\">Los populares piden al equipo de gobierno socialista que anteponga los intereses de los espa\u00f1oles a las directrices de Ferraz y acompa\u00f1e a los vecinos de V\u00edcar en defensa de Ceuta<\/p>\n\n\n\n<p class=\"wp-block-paragraph\">El Partido Popular de V\u00edcar ruega al Partido Socialista de V\u00edcar, actualmente al frente del Gobierno municipal, que ma\u00f1ana se sume a la concentraci\u00f3n convocada en apoyo y solidaridad con el pueblo de Ceuta.<\/p>\n\n\n\n<p class=\"wp-block-paragraph\">Desde el PP de V\u00edcar consideran que la defensa de Ceuta y el respaldo a sus ciudadanos debe estar por encima de cualquier inter\u00e9s partidista y apelan al PSOE local a que demuestre, con su presencia, que los intereses de los espa\u00f1oles est\u00e1n por encima de las directrices pol\u00edticas de su partido.<\/p>\n\n\n\n<p class=\"wp-block-paragraph\">En este sentido, los populares vicarios reclaman al Partido Socialista de V\u00edcar que no siga las instrucciones que, a juicio del PP, puedan llegar desde Ferraz, y que act\u00fae con autonom\u00eda y responsabilidad ante una cuesti\u00f3n que afecta directamente a la defensa de la unidad, la seguridad y la convivencia de todos los espa\u00f1oles.<\/p>\n\n\n\n<p class=\"wp-block-paragraph\">\u201cMa\u00f1ana no deber\u00eda haber colores pol\u00edticos. Deber\u00edamos estar todos juntos apoyando al pueblo de Ceuta y trasladando un mensaje claro de unidad y solidaridad\u201d, se\u00f1ala el Partido Popular de V\u00edcar.<\/p>\n\n\n\n<p class=\"wp-block-paragraph\">El PP de V\u00edcar recuerda al PSOE local, y especialmente a sus representantes municipales, que su responsabilidad como cargos p\u00fablicos es tambi\u00e9n escuchar y representar a sus vecinos, y les anima a participar en la concentraci\u00f3n con independencia de las consignas que puedan establecerse desde la direcci\u00f3n nacional socialista, encabezada por Pedro S\u00e1nchez y su secretaria general, Mar\u00eda Jes\u00fas Montero.<\/p>\n\n\n\n<p class=\"wp-block-paragraph\">Los populares concluyen haciendo un llamamiento a todos los vecinos de V\u00edcar para que ma\u00f1ana participen en la concentraci\u00f3n y muestren su apoyo al pueblo de Ceuta, defendiendo desde el respeto y la unidad los valores constitucionales y la integridad territorial de Espa\u00f1a.<\/p>\n","protected":false},"excerpt":{"rendered":"<p>LOLO ORT\u00cdZ Los populares piden al equipo de gobierno socialista que anteponga los intereses de&#8230;<\/p>\n","protected":false},"author":12,"featured_media":72864,"comment_status":"open","ping_status":"open","sticky":false,"template":"","format":"standard","meta":{"advanced_seo_description":"","jetpack_seo_html_title":"","jetpack_seo_noindex":false,"jetpack_seo_schema_type":"","_jetpack_newsletter_access":"","_jetpack_dont_email_post_to_subs":false,"_jetpack_newsletter_tier_id":0,"_jetpack_memberships_contains_paywalled_content":false,"_jetpack_feature_clip_id":0,"_jetpack_memberships_contains_paid_content":false,"footnotes":"","jetpack_post_was_ever_published":false},"categories":[37],"tags":[],"class_list":["post-75804","post","type-post","status-publish","format-standard","has-post-thumbnail","hentry","category-provincia"],"jetpack_sharing_enabled":true,"jetpack-related-posts":[],"amp_enabled":true,"jetpack_featured_media_url":"https:\/\/lagacetadealmeria.com\/wp-content\/uploads\/2026\/07\/Vicar-Manzano-es-portavoz-del-PP.jpg","_links":{"self":[{"href":"https:\/\/lagacetadealmeria.com\/index.php?rest_route=\/wp\/v2\/posts\/75804","targetHints":{"allow":["GET"]}}],"collection":[{"href":"https:\/\/lagacetadealmeria.com\/index.php?rest_route=\/wp\/v2\/posts"}],"about":[{"href":"https:\/\/lagacetadealmeria.com\/index.php?rest_route=\/wp\/v2\/types\/post"}],"author":[{"embeddable":true,"href":"https:\/\/lagacetadealmeria.com\/index.php?rest_route=\/wp\/v2\/users\/12"}],"replies":[{"embeddable":true,"href":"https:\/\/lagacetadealmeria.com\/index.php?rest_route=%2Fwp%2Fv2%2Fcomments&post=75804"}],"version-history":[{"count":1,"href":"https:\/\/lagacetadealmeria.com\/index.php?rest_route=\/wp\/v2\/posts\/75804\/revisions"}],"predecessor-version":[{"id":75806,"href":"https:\/\/lagacetadealmeria.com\/index.php?rest_route=\/wp\/v2\/posts\/75804\/revisions\/75806"}],"wp:featuredmedia":[{"embeddable":true,"href":"https:\/\/lagacetadealmeria.com\/index.php?rest_route=\/wp\/v2\/media\/72864"}],"wp:attachment":[{"href":"https:\/\/lagacetadealmeria.com\/index.php?rest_route=%2Fwp%2Fv2%2Fmedia&parent=75804"}],"wp:term":[{"taxonomy":"category","embeddable":true,"href":"https:\/\/lagacetadealmeria.com\/index.php?rest_route=%2Fwp%2Fv2%2Fcategories&post=75804"},{"taxonomy":"post_tag","embeddable":true,"href":"https:\/\/lagacetadealmeria.com\/index.php?rest_route=%2Fwp%2Fv2%2Ftags&post=75804"}],"curies":[{"name":"wp","href":"https:\/\/api.w.org\/{rel}","templated":true}]}}