{"id":75807,"date":"2026-09-01T22:12:28","date_gmt":"2026-09-01T22:12:28","guid":{"rendered":"https:\/\/lagacetadealmeria.com\/?p=75807"},"modified":"2026-09-01T22:12:30","modified_gmt":"2026-09-01T22:12:30","slug":"los-hoteles-de-la-provincia-de-almeria-cierran-agosto-con-un-85-de-ocupacion-y-preven-un-septiembre-en-torno-al-70","status":"publish","type":"post","link":"https:\/\/lagacetadealmeria.com\/?p=75807","title":{"rendered":"Los hoteles de la provincia de Almer\u00eda cierran agosto con un 85% de ocupaci\u00f3n y prev\u00e9n un septiembre en torno al 70%"},"content":{"rendered":"\n<p class=\"wp-block-paragraph\"><em>ASHAL destaca el peso creciente de las reservas de \u00faltima hora y advierte de un menor gasto de los turistas en restauraci\u00f3n y servicios adicionales<\/em><\/p>\n\n\n\n<p class=\"wp-block-paragraph\">Los establecimientos hoteleros de la provincia de Almer\u00eda han cerrado agosto con una ocupaci\u00f3n media del 85%, mientras que las previsiones para septiembre se sit\u00faan actualmente en torno al 70%, seg\u00fan los datos recabados por la Asociaci\u00f3n Provincial de Empresarios de Hosteler\u00eda de Almer\u00eda (ASHAL).<\/p>\n\n\n\n<p class=\"wp-block-paragraph\">En el municipio de Almer\u00eda, incluida su zona costera, la ocupaci\u00f3n durante agosto se ha situado entre el 81% y el 83%. Las reservas confirmadas para septiembre alcanzan por ahora aproximadamente el 49%, aunque desde ASHAL recuerdan que la contrataci\u00f3n de \u00faltima hora se ha convertido en una caracter\u00edstica cada vez m\u00e1s habitual, por lo que esperan que el dato final mejore sensiblemente.<\/p>\n\n\n\n<p class=\"wp-block-paragraph\">En el conjunto de la provincia, incluyendo el Parque Natural de Cabo de Gata-N\u00edjar, las perspectivas para septiembre son m\u00e1s favorables y apuntan a una ocupaci\u00f3n pr\u00f3xima al 70%. La demanda se concentra especialmente en los dos primeros fines de semana del mes, mientras que a partir de entonces disminuye el volumen de reservas anticipadas y ser\u00e1 necesario esperar al comportamiento de las contrataciones de \u00faltima hora.<\/p>\n\n\n\n<p class=\"wp-block-paragraph\">ASHAL se\u00f1ala adem\u00e1s otra tendencia observada durante este verano, especialmente en la capital: junto al retraso en la decisi\u00f3n de reservar alojamiento se aprecia una contenci\u00f3n del gasto en servicios adicionales y restauraci\u00f3n, de manera que unos buenos niveles de ocupaci\u00f3n no se traducen necesariamente en un incremento equivalente de la facturaci\u00f3n del sector.<\/p>\n\n\n\n<p class=\"wp-block-paragraph\">La patronal hostelera conf\u00eda, no obstante, en que septiembre mantenga un comportamiento positivo y permita prolongar la temporada tur\u00edstica m\u00e1s all\u00e1 de los meses centrales del verano.\u201cAlbergamos cierta esperanza en que septiembre sea un buen mes. Tenemos unas perspectivas razonablemente positivas, especialmente en la provincia, pero cada vez resulta m\u00e1s dif\u00edcil hacer previsiones con antelaci\u00f3n porque una parte importante de las reservas se realiza pr\u00e1cticamente en el \u00faltimo momento\u201d, concluyen desde ASHAL.<\/p>\n","protected":false},"excerpt":{"rendered":"<p>ASHAL destaca el peso creciente de las reservas de \u00faltima hora y advierte de un&#8230;<\/p>\n","protected":false},"author":12,"featured_media":10850,"comment_status":"open","ping_status":"open","sticky":false,"template":"","format":"standard","meta":{"advanced_seo_description":"","jetpack_seo_html_title":"","jetpack_seo_noindex":false,"jetpack_seo_schema_type":"","_jetpack_newsletter_access":"","_jetpack_dont_email_post_to_subs":false,"_jetpack_newsletter_tier_id":0,"_jetpack_memberships_contains_paywalled_content":false,"_jetpack_feature_clip_id":0,"_jetpack_memberships_contains_paid_content":false,"footnotes":"","jetpack_post_was_ever_published":false},"categories":[26],"tags":[],"class_list":["post-75807","post","type-post","status-publish","format-standard","has-post-thumbnail","hentry","category-economia"],"jetpack_sharing_enabled":true,"jetpack-related-posts":[],"amp_enabled":true,"jetpack_featured_media_url":"https:\/\/lagacetadealmeria.com\/wp-content\/uploads\/2025\/03\/Hoteles-a-pleno-rendimiento.jpg","_links":{"self":[{"href":"https:\/\/lagacetadealmeria.com\/index.php?rest_route=\/wp\/v2\/posts\/75807","targetHints":{"allow":["GET"]}}],"collection":[{"href":"https:\/\/lagacetadealmeria.com\/index.php?rest_route=\/wp\/v2\/posts"}],"about":[{"href":"https:\/\/lagacetadealmeria.com\/index.php?rest_route=\/wp\/v2\/types\/post"}],"author":[{"embeddable":true,"href":"https:\/\/lagacetadealmeria.com\/index.php?rest_route=\/wp\/v2\/users\/12"}],"replies":[{"embeddable":true,"href":"https:\/\/lagacetadealmeria.com\/index.php?rest_route=%2Fwp%2Fv2%2Fcomments&post=75807"}],"version-history":[{"count":1,"href":"https:\/\/lagacetadealmeria.com\/index.php?rest_route=\/wp\/v2\/posts\/75807\/revisions"}],"predecessor-version":[{"id":75810,"href":"https:\/\/lagacetadealmeria.com\/index.php?rest_route=\/wp\/v2\/posts\/75807\/revisions\/75810"}],"wp:featuredmedia":[{"embeddable":true,"href":"https:\/\/lagacetadealmeria.com\/index.php?rest_route=\/wp\/v2\/media\/10850"}],"wp:attachment":[{"href":"https:\/\/lagacetadealmeria.com\/index.php?rest_route=%2Fwp%2Fv2%2Fmedia&parent=75807"}],"wp:term":[{"taxonomy":"category","embeddable":true,"href":"https:\/\/lagacetadealmeria.com\/index.php?rest_route=%2Fwp%2Fv2%2Fcategories&post=75807"},{"taxonomy":"post_tag","embeddable":true,"href":"https:\/\/lagacetadealmeria.com\/index.php?rest_route=%2Fwp%2Fv2%2Ftags&post=75807"}],"curies":[{"name":"wp","href":"https:\/\/api.w.org\/{rel}","templated":true}]}}