                {"id":75811,"date":"2026-09-02T10:38:55","date_gmt":"2026-09-02T10:38:55","guid":{"rendered":"https:\/\/lagacetadealmeria.com\/?p=75811"},"modified":"2026-09-02T10:38:56","modified_gmt":"2026-09-02T10:38:56","slug":"la-asociacion-de-vecinos-casco-historico-reconoce-en-su-vii-premios-a-quienes-mantienen-su-compromiso-con-el-casco-historico-de-la-ciudad","status":"publish","type":"post","link":"https:\/\/lagacetadealmeria.com\/?p=75811","title":{"rendered":"La Asociaci\u00f3n de Vecinos Casco Hist\u00f3rico reconoce en su VII Premios a quienes mantienen su compromiso con el Casco Hist\u00f3rico de la ciudad"},"content":{"rendered":"\n<p class=\"wp-block-paragraph\">Galardonados Siente la Plaza, Universidad Popular Celia Vi\u00f1as, Las Botas, El Valenciano, V\u00edctor Bastante, la Hermandad de la Virgen del Mar, La Legi\u00f3n y Ram\u00f3n Fern\u00e1ndez Miranda<\/p>\n\n\n\n<p class=\"wp-block-paragraph\">La Asociaci\u00f3n de Vecinos del Casco Hist\u00f3rico de Almer\u00eda celebrar\u00e1 el pr\u00f3ximo 26 de septiembre, a las 20:30 horas, en el Claustro de la Catedral de Almer\u00eda, la VII Edici\u00f3n de los Premios del Casco Hist\u00f3rico, unos galardones con los que la Asociaci\u00f3n reconoce p\u00fablicamente a personas, empresas, establecimientos e instituciones que, desde diferentes \u00e1mbitos de la sociedad almeriense, representan valores de compromiso, participaci\u00f3n, servicio, cultura, tradici\u00f3n y vinculaci\u00f3n con la ciudad.<\/p>\n\n\n\n<p class=\"wp-block-paragraph\">Magdalena Cantero, presidenta de la AVV, afirma que \u201cen esta s\u00e9ptima edici\u00f3n, los Premios del Casco Hist\u00f3rico quieren poner especialmente de relieve la diversidad de personas y entidades que contribuyen a construir ciudad desde el centro neur\u00e1lgico de la ciudad que es su Casco Hist\u00f3rico\u201d. La actividad empresarial, la cultura, la hosteler\u00eda y el comercio tradicional conviven as\u00ed con el compromiso institucional, la implicaci\u00f3n social y los valores personales y profesionales.<\/p>\n\n\n\n<p class=\"wp-block-paragraph\"><a>Los galardonados en esta VII Edici\u00f3n de los Premios del Casco Hist\u00f3rico son:<\/a><\/p>\n\n\n\n<p class=\"wp-block-paragraph\">\u25cf Premio al Compromiso Empresarial: Siente la Plaza<\/p>\n\n\n\n<p class=\"wp-block-paragraph\">\u25cf Premio al Compromiso Cultural: Universidad Popular Celia Vi\u00f1as<\/p>\n\n\n\n<p class=\"wp-block-paragraph\">\u25cf Premio Hostelero Hist\u00f3rico: Las Botas<\/p>\n\n\n\n<p class=\"wp-block-paragraph\">\u25cf Premio Comercio Hist\u00f3rico: El Valenciano<\/p>\n\n\n\n<p class=\"wp-block-paragraph\">\u25cf Joven con Historia: V\u00edctor Bastante Granell<\/p>\n\n\n\n<p class=\"wp-block-paragraph\">\u25cf Premio Instituci\u00f3n: Hermandad de la Virgen del Mar<\/p>\n\n\n\n<p class=\"wp-block-paragraph\">\u25cf Premio a la Implicaci\u00f3n Social: La Legi\u00f3n<\/p>\n\n\n\n<p class=\"wp-block-paragraph\">\u25cf Premio a los Valores: Dr. Ram\u00f3n Fern\u00e1ndez Miranda<\/p>\n\n\n\n<p class=\"wp-block-paragraph\">Magdalena Cantero considera que proteger el Casco Hist\u00f3rico significa \u201cconservar su patrimonio arquitect\u00f3nico y cultural, pero tambi\u00e9n garantizar que contin\u00fae siendo un espacio habitado, vivido y compartido. Un centro hist\u00f3rico necesita vecinos, empresas, comercios, establecimientos hosteleros, instituciones, cultura y actividad social. Necesita, en definitiva, personas comprometidas con su presente y con su futuro\u201d.<\/p>\n\n\n\n<p class=\"wp-block-paragraph\">Con la celebraci\u00f3n de su s\u00e9ptima edici\u00f3n, los Premios del Casco Hist\u00f3rico consolidan su vocaci\u00f3n de reconocer p\u00fablicamente a quienes contribuyen, desde \u00e1mbitos muy diferentes, a hacer de Almer\u00eda una ciudad m\u00e1s din\u00e1mica, cohesionada y humana.<\/p>\n\n\n\n<p class=\"wp-block-paragraph\">Los ocho reconocimientos de esta edici\u00f3n responden precisamente a esa concepci\u00f3n amplia de ciudad: empresa, cultura, hosteler\u00eda, comercio, instituciones, compromiso social y valores constituyen dimensiones diferentes de una misma realidad colectiva.<\/p>\n\n\n\n<p class=\"wp-block-paragraph\">Siente la Plaza, Premio al Compromiso Empresarial<\/p>\n\n\n\n<p class=\"wp-block-paragraph\">La Asociaci\u00f3n de Vecinos reconoce a Siente la Plaza por su compromiso empresarial y por representar una forma de iniciativa econ\u00f3mica vinculada a la dinamizaci\u00f3n de la ciudad y de sus espacios de convivencia.<\/p>\n\n\n\n<p class=\"wp-block-paragraph\">Con este reconocimiento, la Asociaci\u00f3n quiere destacar la importancia de quienes apuestan por desarrollar actividad econ\u00f3mica y generar iniciativas capaces de contribuir a mantener una ciudad viva. La recuperaci\u00f3n y dinamizaci\u00f3n de los centros hist\u00f3ricos no depende \u00fanicamente de la conservaci\u00f3n de sus edificios y monumentos, sino tambi\u00e9n de la existencia de actividad econ\u00f3mica, comercio, hosteler\u00eda, cultura y espacios capaces de atraer y reunir a ciudadanos y visitantes.<\/p>\n\n\n\n<p class=\"wp-block-paragraph\">Universidad Popular Celia Vi\u00f1as, Premio al Compromiso Cultural<\/p>\n\n\n\n<p class=\"wp-block-paragraph\">El Premio al Compromiso Cultural recae en la Universidad Popular Celia Vi\u00f1as, como reconocimiento al papel de la cultura, la formaci\u00f3n y la participaci\u00f3n ciudadana como instrumentos fundamentales para el desarrollo personal y colectivo.<\/p>\n\n\n\n<p class=\"wp-block-paragraph\">La Asociaci\u00f3n de Vecinos del Casco Hist\u00f3rico quiere subrayar mediante este premio que la cultura constituye uno de los pilares esenciales de una sociedad cohesionada. Acercar el conocimiento y las actividades culturales a la ciudadan\u00eda contribuye a crear espacios de encuentro, participaci\u00f3n y aprendizaje a lo largo de la vida.<\/p>\n\n\n\n<p class=\"wp-block-paragraph\">La elecci\u00f3n de una instituci\u00f3n vinculada al nombre de Celia Vi\u00f1as adquiere, adem\u00e1s, una especial significaci\u00f3n en Almer\u00eda por la profunda huella que la escritora y docente dej\u00f3 en la vida cultural de la ciudad.<\/p>\n\n\n\n<p class=\"wp-block-paragraph\">Las Botas, Premio Hostelero Hist\u00f3rico<\/p>\n\n\n\n<p class=\"wp-block-paragraph\">El establecimiento Las Botas recibe el Premio Hostelero Hist\u00f3rico, con el que la Asociaci\u00f3n reconoce la importancia que los establecimientos de hosteler\u00eda han tenido y contin\u00faan teniendo en la vida cotidiana y social de los centros urbanos.<\/p>\n\n\n\n<p class=\"wp-block-paragraph\">La hosteler\u00eda forma parte de la identidad de las ciudades mediterr\u00e1neas y constituye mucho m\u00e1s que una actividad econ\u00f3mica. Bares, restaurantes y establecimientos tradicionales son tambi\u00e9n espacios de sociabilidad, encuentro y convivencia, lugares asociados a la memoria personal y colectiva de generaciones de ciudadanos.<\/p>\n\n\n\n<p class=\"wp-block-paragraph\">Con este galard\u00f3n, la Asociaci\u00f3n quiere reconocer precisamente esa dimensi\u00f3n econ\u00f3mica, pero tambi\u00e9n humana y social, de la hosteler\u00eda almeriense.<\/p>\n\n\n\n<p class=\"wp-block-paragraph\">El Valenciano, Premio Comercio Hist\u00f3rico<\/p>\n\n\n\n<p class=\"wp-block-paragraph\">El Premio Comercio Hist\u00f3rico se concede a El Valenciano, en reconocimiento al valor del comercio tradicional como parte esencial del patrimonio vivo de la ciudad.<\/p>\n\n\n\n<p class=\"wp-block-paragraph\">Los comercios hist\u00f3ricos son depositarios de una memoria que no siempre queda reflejada en los grandes relatos de las ciudades. Sus establecimientos, escaparates, trabajadores y clientes forman parte del paisaje cotidiano y contribuyen decisivamente a mantener la actividad y la identidad de los barrios.<\/p>\n\n\n\n<p class=\"wp-block-paragraph\">La Asociaci\u00f3n de Vecinos quiere reivindicar con este premio la importancia de preservar un modelo de ciudad en el que el comercio de proximidad contin\u00fae ocupando un lugar relevante. Mantener abiertos los comercios significa tambi\u00e9n mantener calles transitadas, relaciones vecinales, actividad econ\u00f3mica y espacios urbanos vivos.<\/p>\n\n\n\n<p class=\"wp-block-paragraph\">Joven con Historia, V\u00edctor Bastante Granell<\/p>\n\n\n\n<p class=\"wp-block-paragraph\">Tras obtener la licenciatura en Derecho por la Universidad de Almer\u00eda y un M\u00e1ster Oficial en Mediaci\u00f3n Familiar y con Menores por la Universidad de Huelva -ambos t\u00edtulos con expediente de sobresaliente-, termin\u00f3 una tesis doctoral con sobresaliente \u201ccum laude\u201d sobre un tema tan actual como el \u201cSobreendeudamiento y la buena fe\u201c. La tesis de Derecho Privado, realizada en la Universidad de Almer\u00eda, fue premiada en 2016 por la Real Academia de Legislaci\u00f3n y Jurisprudencia de Granada, obteniendo, a su vez, el premio extraordinario de doctorado por la UAL. Actualmente es Profesor Titular de Derecho Civil de la Universidad de Almer\u00eda.<\/p>\n\n\n\n<p class=\"wp-block-paragraph\">Un buen ejemplo de una persona joven que ha desarrollado los primeros a\u00f1os de su actividad profesional vinculado al Casco Hist\u00f3rico de la ciudad, actuando como embajador en su d\u00eda a d\u00eda de lo que supone vivir en este barrio milenario.<\/p>\n\n\n\n<p class=\"wp-block-paragraph\">Hermandad de la Virgen del Mar, Premio Instituci\u00f3n<\/p>\n\n\n\n<p class=\"wp-block-paragraph\">La Hermandad de la Virgen del Mar recibe el Premio Instituci\u00f3n por su vinculaci\u00f3n con Almer\u00eda y por representar una tradici\u00f3n estrechamente ligada a la historia y a la identidad de la ciudad.<\/p>\n\n\n\n<p class=\"wp-block-paragraph\">La Virgen del Mar, patrona de Almer\u00eda, constituye uno de los referentes hist\u00f3ricos, religiosos, culturales y afectivos de la sociedad almeriense. Su presencia trasciende generaciones y forma parte de un patrimonio inmaterial que ha acompa\u00f1ado a la ciudad a lo largo del tiempo.<\/p>\n\n\n\n<p class=\"wp-block-paragraph\">Mediante este galard\u00f3n, la Asociaci\u00f3n reconoce la labor de una instituci\u00f3n que contribuye a conservar y transmitir ese legado y a mantener una tradici\u00f3n profundamente arraigada en la memoria colectiva de Almer\u00eda.<\/p>\n\n\n\n<p class=\"wp-block-paragraph\">La Legi\u00f3n, Premio a la Implicaci\u00f3n Social<\/p>\n\n\n\n<p class=\"wp-block-paragraph\">El Premio a la Implicaci\u00f3n Social se concede a La Legi\u00f3n, en reconocimiento a su vinculaci\u00f3n con la sociedad y a su presencia en diferentes \u00e1mbitos de la vida almeriense. La Asociaci\u00f3n quiere destacar mediante esta distinci\u00f3n el valor del compromiso con la comunidad, la disponibilidad para colaborar y la importancia de construir v\u00ednculos entre las instituciones y la sociedad civil.<\/p>\n\n\n\n<p class=\"wp-block-paragraph\">En una provincia como Almer\u00eda, en la que la presencia de La Legi\u00f3n forma parte de su historia contempor\u00e1nea y de su realidad social, este premio pretende expresar el reconocimiento de la Asociaci\u00f3n a esa relaci\u00f3n mantenida con la sociedad almeriense.<\/p>\n\n\n\n<p class=\"wp-block-paragraph\">Dr. Ram\u00f3n Fern\u00e1ndez Miranda, Premio a los Valores<\/p>\n\n\n\n<p class=\"wp-block-paragraph\">Finalmente, el Premio a los Valores se concede al dermat\u00f3logo Dr. Ram\u00f3n Fern\u00e1ndez Miranda. Con esta distinci\u00f3n, la Asociaci\u00f3n de Vecinos del Casco Hist\u00f3rico quiere reconocer una dimensi\u00f3n que considera esencial en cualquier sociedad: el valor de las personas que, junto a su trayectoria profesional, representan principios de humanidad, dedicaci\u00f3n, responsabilidad y compromiso con los dem\u00e1s.<\/p>\n\n\n\n<p class=\"wp-block-paragraph\">El Premio a los Valores pretende recordar que una ciudad no se construye \u00fanicamente mediante infraestructuras, instituciones o actividad econ\u00f3mica. Se construye tambi\u00e9n a trav\u00e9s del comportamiento cotidiano de las personas, de su forma de ejercer una profesi\u00f3n, de relacionarse con los dem\u00e1s y de contribuir al bien com\u00fan.<\/p>\n\n\n\n<p class=\"wp-block-paragraph\">La VII Edici\u00f3n de los Premios del Casco Hist\u00f3rico se celebrar\u00e1 el 26 de septiembre de 2026, a las 20:30 horas, en el Claustro de la Catedral de Almer\u00eda, un enclave especialmente significativo para un acto que pretende poner en valor la historia de la ciudad y, al mismo tiempo, reconocer a quienes contribuyen a construir su presente.<\/p>\n\n\n\n<figure class=\"wp-block-gallery has-nested-images columns-default is-cropped wp-block-gallery-1 is-layout-flex wp-block-gallery-is-layout-flex\">\n<figure class=\"wp-block-image size-large\"><img fetchpriority=\"high\" decoding=\"async\" width=\"447\" height=\"447\" data-id=\"75813\" src=\"https:\/\/lagacetadealmeria.com\/wp-content\/uploads\/2026\/09\/La-Asociacion-de-Vecinos-Casco-Historico-Universidad-Popular-Celia-Vinas.jpg\" alt=\"\" class=\"wp-image-75813\" srcset=\"https:\/\/lagacetadealmeria.com\/wp-content\/uploads\/2026\/09\/La-Asociacion-de-Vecinos-Casco-Historico-Universidad-Popular-Celia-Vinas.jpg 447w, https:\/\/lagacetadealmeria.com\/wp-content\/uploads\/2026\/09\/La-Asociacion-de-Vecinos-Casco-Historico-Universidad-Popular-Celia-Vinas-300x300.jpg 300w, https:\/\/lagacetadealmeria.com\/wp-content\/uploads\/2026\/09\/La-Asociacion-de-Vecinos-Casco-Historico-Universidad-Popular-Celia-Vinas-150x150.jpg 150w\" sizes=\"(max-width: 447px) 100vw, 447px\" \/><\/figure>\n\n\n\n<figure class=\"wp-block-image size-large\"><img decoding=\"async\" width=\"554\" height=\"554\" data-id=\"75817\" src=\"https:\/\/lagacetadealmeria.com\/wp-content\/uploads\/2026\/09\/La-Asociacion-de-Vecinos-Casco-Historico-Las-Botas.jpg\" alt=\"\" class=\"wp-image-75817\" srcset=\"https:\/\/lagacetadealmeria.com\/wp-content\/uploads\/2026\/09\/La-Asociacion-de-Vecinos-Casco-Historico-Las-Botas.jpg 554w, https:\/\/lagacetadealmeria.com\/wp-content\/uploads\/2026\/09\/La-Asociacion-de-Vecinos-Casco-Historico-Las-Botas-300x300.jpg 300w, https:\/\/lagacetadealmeria.com\/wp-content\/uploads\/2026\/09\/La-Asociacion-de-Vecinos-Casco-Historico-Las-Botas-150x150.jpg 150w\" sizes=\"(max-width: 554px) 100vw, 554px\" \/><\/figure>\n\n\n\n<figure class=\"wp-block-image size-large\"><img decoding=\"async\" width=\"700\" height=\"394\" data-id=\"75816\" src=\"https:\/\/lagacetadealmeria.com\/wp-content\/uploads\/2026\/09\/La-Asociacion-de-Vecinos-Casco-Historico-Ramon-Fernandez-Miranda.jpg\" alt=\"\" class=\"wp-image-75816\" srcset=\"https:\/\/lagacetadealmeria.com\/wp-content\/uploads\/2026\/09\/La-Asociacion-de-Vecinos-Casco-Historico-Ramon-Fernandez-Miranda.jpg 700w, https:\/\/lagacetadealmeria.com\/wp-content\/uploads\/2026\/09\/La-Asociacion-de-Vecinos-Casco-Historico-Ramon-Fernandez-Miranda-300x169.jpg 300w\" sizes=\"(max-width: 700px) 100vw, 700px\" \/><\/figure>\n\n\n\n<figure class=\"wp-block-image size-large\"><img loading=\"lazy\" decoding=\"async\" width=\"302\" height=\"450\" data-id=\"75814\" src=\"https:\/\/lagacetadealmeria.com\/wp-content\/uploads\/2026\/09\/La-Asociacion-de-Vecinos-Casco-Historico-Victor-Bastante.jpg\" alt=\"\" class=\"wp-image-75814\" srcset=\"https:\/\/lagacetadealmeria.com\/wp-content\/uploads\/2026\/09\/La-Asociacion-de-Vecinos-Casco-Historico-Victor-Bastante.jpg 302w, https:\/\/lagacetadealmeria.com\/wp-content\/uploads\/2026\/09\/La-Asociacion-de-Vecinos-Casco-Historico-Victor-Bastante-201x300.jpg 201w\" sizes=\"(max-width: 302px) 100vw, 302px\" \/><\/figure>\n\n\n\n<figure class=\"wp-block-image size-large\"><img loading=\"lazy\" decoding=\"async\" width=\"447\" height=\"447\" data-id=\"75815\" src=\"https:\/\/lagacetadealmeria.com\/wp-content\/uploads\/2026\/09\/La-Asociacion-de-Vecinos-Casco-Historico-La-Legion.jpg\" alt=\"\" class=\"wp-image-75815\" srcset=\"https:\/\/lagacetadealmeria.com\/wp-content\/uploads\/2026\/09\/La-Asociacion-de-Vecinos-Casco-Historico-La-Legion.jpg 447w, https:\/\/lagacetadealmeria.com\/wp-content\/uploads\/2026\/09\/La-Asociacion-de-Vecinos-Casco-Historico-La-Legion-300x300.jpg 300w, https:\/\/lagacetadealmeria.com\/wp-content\/uploads\/2026\/09\/La-Asociacion-de-Vecinos-Casco-Historico-La-Legion-150x150.jpg 150w\" sizes=\"(max-width: 447px) 100vw, 447px\" \/><\/figure>\n\n\n\n<figure class=\"wp-block-image size-large\"><img loading=\"lazy\" decoding=\"async\" width=\"468\" height=\"654\" data-id=\"75818\" src=\"https:\/\/lagacetadealmeria.com\/wp-content\/uploads\/2026\/09\/La-Asociacion-de-Vecinos-Casco-Historico-Hermandad-Virgen-del-Mar.jpg\" alt=\"\" class=\"wp-image-75818\" srcset=\"https:\/\/lagacetadealmeria.com\/wp-content\/uploads\/2026\/09\/La-Asociacion-de-Vecinos-Casco-Historico-Hermandad-Virgen-del-Mar.jpg 468w, https:\/\/lagacetadealmeria.com\/wp-content\/uploads\/2026\/09\/La-Asociacion-de-Vecinos-Casco-Historico-Hermandad-Virgen-del-Mar-215x300.jpg 215w\" sizes=\"(max-width: 468px) 100vw, 468px\" \/><\/figure>\n\n\n\n<figure class=\"wp-block-image size-large\"><img loading=\"lazy\" decoding=\"async\" width=\"385\" height=\"519\" data-id=\"75819\" src=\"https:\/\/lagacetadealmeria.com\/wp-content\/uploads\/2026\/09\/La-Asociacion-de-Vecinos-Casco-Historico-El-Valenciano.jpg\" alt=\"\" class=\"wp-image-75819\" srcset=\"https:\/\/lagacetadealmeria.com\/wp-content\/uploads\/2026\/09\/La-Asociacion-de-Vecinos-Casco-Historico-El-Valenciano.jpg 385w, https:\/\/lagacetadealmeria.com\/wp-content\/uploads\/2026\/09\/La-Asociacion-de-Vecinos-Casco-Historico-El-Valenciano-223x300.jpg 223w\" sizes=\"(max-width: 385px) 100vw, 385px\" \/><\/figure>\n<\/figure>\n","protected":false},"excerpt":{"rendered":"<p>Galardonados Siente la Plaza, Universidad Popular Celia Vi\u00f1as, Las Botas, El Valenciano, V\u00edctor Bastante, la&#8230;<\/p>\n","protected":false},"author":12,"featured_media":75818,"comment_status":"open","ping_status":"open","sticky":false,"template":"","format":"standard","meta":{"advanced_seo_description":"","jetpack_seo_html_title":"","jetpack_seo_noindex":false,"jetpack_seo_schema_type":"","_jetpack_newsletter_access":"","_jetpack_dont_email_post_to_subs":false,"_jetpack_newsletter_tier_id":0,"_jetpack_memberships_contains_paywalled_content":false,"_jetpack_feature_clip_id":0,"_jetpack_memberships_contains_paid_content":false,"footnotes":"","jetpack_post_was_ever_published":false},"categories":[22],"tags":[],"class_list":["post-75811","post","type-post","status-publish","format-standard","has-post-thumbnail","hentry","category-almeria"],"jetpack_sharing_enabled":true,"jetpack-related-posts":[],"amp_enabled":true,"jetpack_featured_media_url":"https:\/\/lagacetadealmeria.com\/wp-content\/uploads\/2026\/09\/La-Asociacion-de-Vecinos-Casco-Historico-Hermandad-Virgen-del-Mar.jpg","_links":{"self":[{"href":"https:\/\/lagacetadealmeria.com\/index.php?rest_route=\/wp\/v2\/posts\/75811","targetHints":{"allow":["GET"]}}],"collection":[{"href":"https:\/\/lagacetadealmeria.com\/index.php?rest_route=\/wp\/v2\/posts"}],"about":[{"href":"https:\/\/lagacetadealmeria.com\/index.php?rest_route=\/wp\/v2\/types\/post"}],"author":[{"embeddable":true,"href":"https:\/\/lagacetadealmeria.com\/index.php?rest_route=\/wp\/v2\/users\/12"}],"replies":[{"embeddable":true,"href":"https:\/\/lagacetadealmeria.com\/index.php?rest_route=%2Fwp%2Fv2%2Fcomments&post=75811"}],"version-history":[{"count":1,"href":"https:\/\/lagacetadealmeria.com\/index.php?rest_route=\/wp\/v2\/posts\/75811\/revisions"}],"predecessor-version":[{"id":75820,"href":"https:\/\/lagacetadealmeria.com\/index.php?rest_route=\/wp\/v2\/posts\/75811\/revisions\/75820"}],"wp:featuredmedia":[{"embeddable":true,"href":"https:\/\/lagacetadealmeria.com\/index.php?rest_route=\/wp\/v2\/media\/75818"}],"wp:attachment":[{"href":"https:\/\/lagacetadealmeria.com\/index.php?rest_route=%2Fwp%2Fv2%2Fmedia&parent=75811"}],"wp:term":[{"taxonomy":"category","embeddable":true,"href":"https:\/\/lagacetadealmeria.com\/index.php?rest_route=%2Fwp%2Fv2%2Fcategories&post=75811"},{"taxonomy":"post_tag","embeddable":true,"href":"https:\/\/lagacetadealmeria.com\/index.php?rest_route=%2Fwp%2Fv2%2Ftags&post=75811"}],"curies":[{"name":"wp","href":"https:\/\/api.w.org\/{rel}","templated":true}]}}