                {"id":75821,"date":"2026-09-02T10:43:00","date_gmt":"2026-09-02T10:43:00","guid":{"rendered":"https:\/\/lagacetadealmeria.com\/?p=75821"},"modified":"2026-09-02T10:43:01","modified_gmt":"2026-09-02T10:43:01","slug":"csif-traslada-al-consejero-de-sanidad-antonio-sanz-la-necesidad-urgente-de-mejorar-las-condiciones-laborales-y-retributivas-de-los-profesionales-de-todas-las-categorias-del-sas","status":"publish","type":"post","link":"https:\/\/lagacetadealmeria.com\/?p=75821","title":{"rendered":"CSIF traslada al consejero de Sanidad, Antonio Sanz, la necesidad urgente de mejorar las condiciones laborales y retributivas de los profesionales de todas las categor\u00edas del SAS"},"content":{"rendered":"\n<p class=\"wp-block-paragraph\">El sindicato defiende una negociaci\u00f3n permanente en el \u00e1mbito de la mesa sectorial del sector para resolver las deficiencias de personal y de recursos que afectan al sistema<\/p>\n\n\n\n<figure class=\"wp-block-audio\"><audio controls src=\"https:\/\/lagacetadealmeria.com\/wp-content\/uploads\/2026\/09\/Victorino-Girela-presidente-CSIF-Sanidad-Andalucia.-Reunion-Sanz.mp3\"><\/audio><\/figure>\n\n\n\n<p class=\"wp-block-paragraph\">La Central Sindical Independiente y de Funcionarios (CSIF), primera fuerza sindical multiprofesional en la Mesa Sectorial del Servicio Andaluz de Salud (SAS), ha trasladado al consejero de Presidencia, Sanidad y Emergencias de la Junta de Andaluc\u00eda, Antonio Sanz, la necesidad urgente de mejorar las condiciones laborales y retributivas de los profesionales de todas las categor\u00edas del SAS.<\/p>\n\n\n\n<p class=\"wp-block-paragraph\">En una reuni\u00f3n bilateral mantenida entre ambas partes, la Central Sindical ha reclamado a Sanz una bater\u00eda de medidas dirigidas a resolver las deficiencias tanto de personal como de recursos que afectan actualmente a la sanidad p\u00fablica andaluza con el objetivo de poner freno a las mismas y mejorar el servicio sanitario que se presta a la ciudadan\u00eda.&nbsp;&nbsp;&nbsp;&nbsp;<\/p>\n\n\n\n<p class=\"wp-block-paragraph\">&nbsp;&nbsp;&nbsp; Desde el sector de Sanidad de CSIF recuerdan al consejero la necesidad de reforzar el sistema en muchos \u00e1mbitos, entre los que destaca\u201cla fidelizaci\u00f3n de sus profesionales mediante avances en materia laboral y salarial, una reivindicaci\u00f3n que pasa por eliminar los agravios comparativos que afectan a no pocas categor\u00edas y la equiparaci\u00f3n salarial de las y los trabajadores con sus hom\u00f3logos del resto de comunidades aut\u00f3nomas\u201d.<\/p>\n\n\n\n<p class=\"wp-block-paragraph\">CSIF valora favorablemente la voluntad de di\u00e1logo manifestada por Sanz en el encuentro con el sindicato, as\u00ed como el compromiso alcanzado por parte del m\u00e1ximo responsable de Sanidad del Gobierno andaluz para calendarizar las distintas mesas de negociaci\u00f3n y abordar la problem\u00e1tica de los diferentes colectivos, junto con las garant\u00edas econ\u00f3micas necesarias para hacer efectivos los acuerdos que se alcancen.<\/p>\n\n\n\n<p class=\"wp-block-paragraph\">En este punto, la Central Sindical ha recordado a Sanz la necesaria negociaci\u00f3n en el \u00e1mbito de la mesa sectorial de sanidad para llegar a acuerdos que resuelvan los problemas de los profesionales y que permitan a la ciudadan\u00eda recuperar la confianza en el sistema sanitario p\u00fablico.<\/p>\n\n\n\n<p class=\"wp-block-paragraph\">Al t\u00e9rmino del encuentro, que se produjo ayer martes d\u00eda 1 de septiembre, desde el sector han se\u00f1alado que \u201cCSIF mantendr\u00e1 una actitud de di\u00e1logo y negociaci\u00f3n, al tiempo que ejercer\u00e1 una labor de seguimiento y vigilancia para garantizar que los compromisos adoptados se traduzcan, con la mayor celeridad, en soluciones efectivas a los problemas que afectan a la sanidad y a sus profesionales\u201d.<\/p>\n","protected":false},"excerpt":{"rendered":"<p>El sindicato defiende una negociaci\u00f3n permanente en el \u00e1mbito de la mesa sectorial del sector&#8230;<\/p>\n","protected":false},"author":12,"featured_media":72891,"comment_status":"open","ping_status":"open","sticky":false,"template":"","format":"standard","meta":{"advanced_seo_description":"","jetpack_seo_html_title":"","jetpack_seo_noindex":false,"jetpack_seo_schema_type":"","_jetpack_newsletter_access":"","_jetpack_dont_email_post_to_subs":false,"_jetpack_newsletter_tier_id":0,"_jetpack_memberships_contains_paywalled_content":false,"_jetpack_feature_clip_id":0,"_jetpack_memberships_contains_paid_content":false,"footnotes":"","jetpack_post_was_ever_published":false},"categories":[61],"tags":[],"class_list":["post-75821","post","type-post","status-publish","format-standard","has-post-thumbnail","hentry","category-empresa"],"jetpack_sharing_enabled":true,"jetpack-related-posts":[],"amp_enabled":true,"jetpack_featured_media_url":"https:\/\/lagacetadealmeria.com\/wp-content\/uploads\/2026\/07\/Antonio-Sanz-MIR.jpg","_links":{"self":[{"href":"https:\/\/lagacetadealmeria.com\/index.php?rest_route=\/wp\/v2\/posts\/75821","targetHints":{"allow":["GET"]}}],"collection":[{"href":"https:\/\/lagacetadealmeria.com\/index.php?rest_route=\/wp\/v2\/posts"}],"about":[{"href":"https:\/\/lagacetadealmeria.com\/index.php?rest_route=\/wp\/v2\/types\/post"}],"author":[{"embeddable":true,"href":"https:\/\/lagacetadealmeria.com\/index.php?rest_route=\/wp\/v2\/users\/12"}],"replies":[{"embeddable":true,"href":"https:\/\/lagacetadealmeria.com\/index.php?rest_route=%2Fwp%2Fv2%2Fcomments&post=75821"}],"version-history":[{"count":1,"href":"https:\/\/lagacetadealmeria.com\/index.php?rest_route=\/wp\/v2\/posts\/75821\/revisions"}],"predecessor-version":[{"id":75824,"href":"https:\/\/lagacetadealmeria.com\/index.php?rest_route=\/wp\/v2\/posts\/75821\/revisions\/75824"}],"wp:featuredmedia":[{"embeddable":true,"href":"https:\/\/lagacetadealmeria.com\/index.php?rest_route=\/wp\/v2\/media\/72891"}],"wp:attachment":[{"href":"https:\/\/lagacetadealmeria.com\/index.php?rest_route=%2Fwp%2Fv2%2Fmedia&parent=75821"}],"wp:term":[{"taxonomy":"category","embeddable":true,"href":"https:\/\/lagacetadealmeria.com\/index.php?rest_route=%2Fwp%2Fv2%2Fcategories&post=75821"},{"taxonomy":"post_tag","embeddable":true,"href":"https:\/\/lagacetadealmeria.com\/index.php?rest_route=%2Fwp%2Fv2%2Ftags&post=75821"}],"curies":[{"name":"wp","href":"https:\/\/api.w.org\/{rel}","templated":true}]}}