                {"id":75825,"date":"2026-09-02T10:46:41","date_gmt":"2026-09-02T10:46:41","guid":{"rendered":"https:\/\/lagacetadealmeria.com\/?p=75825"},"modified":"2026-09-02T10:46:42","modified_gmt":"2026-09-02T10:46:42","slug":"el-consorcio-de-transporte-aumenta-los-servicios-a-universidad-para-el-curso-2026-2027","status":"publish","type":"post","link":"https:\/\/lagacetadealmeria.com\/?p=75825","title":{"rendered":"El Consorcio de Transporte aumenta los servicios a Universidad para el curso 2026-2027"},"content":{"rendered":"\n<p class=\"wp-block-paragraph\">Cuatro nuevos servicios conectar\u00e1n la UAL a los municipios del Bajo Andarax, Alhama de Almer\u00eda, Tabernas y Roquetas centro<\/p>\n\n\n\n<p class=\"wp-block-paragraph\">El Consorcio de Transporte Metropolitano del \u00c1rea de Almer\u00eda, dependiente de la Consejer\u00eda de Fomento y Movilidad de la Junta de Andaluc\u00eda, impulsa una importante mejora del servicio de transporte p\u00fablico en el corredor del Bajo Andarax con el objetivo de atender el notable incremento de viajeros registrado en los \u00faltimos a\u00f1os, especialmente en los desplazamientos con destino a la Universidad de Almer\u00eda (UAL).<\/p>\n\n\n\n<p class=\"wp-block-paragraph\">As\u00ed lo dieron a conocer esta ma\u00f1ana la delegada territorial de Fomento, Dolores Mart\u00ednez, y el director gerente del Consorcio, Luis Miguel Carmona, en un encuentro celebrado en la sede consorcial junto a la vicerrectora de estudiantes de la Universidad de Almer\u00eda, Encarna Carmona, y la vicetesorera del Consejo de Estudiantes de la UAL, Sof\u00eda Cuadrado L\u00f3pez.<\/p>\n\n\n\n<p class=\"wp-block-paragraph\">Seg\u00fan explicaba el director gerente, Luis Miguel Carmona, a los actuales servicios de la l\u00ednea M-108 (Pechina \u2013 Hu\u00e9rcal de Almer\u00eda \u2013 Viator \u2013 Universidad de Almer\u00eda) y las l\u00edneas en sentido ida creadas el curso anterior, M-109 (Alhama de Almer\u00eda \u2013 G\u00e1dor \u2013 Benahadux \u2013 Universidad de Almer\u00eda) y M-110 (Tabernas \u2013 Rioja \u2013 Benahadux \u2013 Universidad de Almer\u00eda), a partir del pr\u00f3ximo 14 de septiembre se van a implementar tres nuevos servicios desde la Universidad en las referidas l\u00edneas con lo que se facilitar\u00e1 la vuelta de forma directa a los municipios del Bajo Andarax y Tabernas. Adem\u00e1s, se autoriza una nueva expedici\u00f3n de refuerzo en la M-336, manera semidirecta con paso por la Estaci\u00f3n Intermodal, con direcci\u00f3n a Roquetas centro con salida de la Universidad a las 21:15 horas.<\/p>\n\n\n\n<p class=\"wp-block-paragraph\">Seg\u00fan explic\u00f3 el gerente del Consorcio, durante el curso 2025\/2026 el corredor del Bajo Andarax ha registrado 13883 viajeros durante el curso 25\/26 con uso de tarjeta del 98%. Esta cifra supone un incremento del 133 % respecto al curso 2018\/2019, cuando se contabilizaron 5.946 usuarios (con un 78% de uso de tarjeta).<\/p>\n\n\n\n<p class=\"wp-block-paragraph\">En el conjunto de las l\u00edneas universitarias del \u00e1rea metropolitana, el n\u00famero total de desplazamientos en el curso 2025\/2026 ascendi\u00f3 a 204.438, frente a los 63.219 registrados en 2018\/2019, lo que representa un crecimiento del 223%. El Bajo Andarax concentra el 7,5% del total de usuarios de las l\u00edneas universitarias del \u00e1mbito metropolitano, mientras que el 87% corresponde al Poniente almeriense y el 5,5% al Levante, principalmente desde los n\u00facleos de N\u00edjar.<\/p>\n\n\n\n<p class=\"wp-block-paragraph\">El \u00e1rea del Bajo Andarax cuenta con una poblaci\u00f3n total de 47.251 habitantes. Seg\u00fan datos del INE para 2025, la poblaci\u00f3n joven de entre 17 y 25 a\u00f1os asciende a 4.613 personas, lo que evidencia el potencial de crecimiento de la demanda de transporte p\u00fablico hacia la Universidad de Almer\u00eda.<\/p>\n\n\n\n<p class=\"wp-block-paragraph\">En respuesta a esta evoluci\u00f3n, el Consorcio ha incrementado de forma significativa la oferta de expediciones. En el curso 2025\/2026 se alcanzaron 32 expediciones, que se elevar\u00e1n hasta 36, una vez entren en servicio las l\u00edneas M-109 y M-110, frente a las 12 existentes en el curso 2018\/2019. Este aumento supone pr\u00e1cticamente triplicar el n\u00famero de servicios, con un incremento cercano al 200%., comenta Carmona.<\/p>\n\n\n\n<p class=\"wp-block-paragraph\">La delegada territorial de Fomento destac\u00f3 que estos resultados son fruto de las medidas impulsadas por el Gobierno andaluz, entre ellas la Tarjeta Joven de Transporte de Andaluc\u00eda, en funcionamiento desde enero de 2022. Actualmente existen m\u00e1s de 8.000 tarjetas j\u00f3venes operativas, frente a las 5.670 registradas en 2024, lo que supone un crecimiento del 38 %. Adem\u00e1s, hasta el pr\u00f3ximo 31 de diciembre este t\u00edtulo cuenta con una bonificaci\u00f3n del 50% en las recargas para menores de 30 a\u00f1os y es gratuito para los usuarios nacidos con posterioridad al 1 de enero de 2012. Con estas actuaciones, el Consorcio reafirma su compromiso con una movilidad p\u00fablica eficiente, sostenible y adaptada a las necesidades reales de la ciudadan\u00eda, garantizando una mejor conexi\u00f3n entre los municipios del Bajo Andarax y la Universidad de Almer\u00eda.<\/p>\n\n\n\n<p class=\"wp-block-paragraph\">Por su parte la vicerrectora de estudiantes ha mostrado su satisfacci\u00f3n por los avances y refuerzos implementados en el Bajo Andarax, Roquetas de Mar y Tabernas que siguen la senda del trabajo que se viene realizando en el \u00faltimo a\u00f1o y medio para mejorar las conexiones de la UAL con el mayor n\u00famero de municipios de la provincia.<\/p>\n\n\n\n<figure class=\"wp-block-image size-large\"><img fetchpriority=\"high\" decoding=\"async\" width=\"575\" height=\"1024\" src=\"https:\/\/lagacetadealmeria.com\/wp-content\/uploads\/2026\/09\/Servicio-UAL-Curso-2026-2027-575x1024.jpg\" alt=\"\" class=\"wp-image-75827\" srcset=\"https:\/\/lagacetadealmeria.com\/wp-content\/uploads\/2026\/09\/Servicio-UAL-Curso-2026-2027-575x1024.jpg 575w, https:\/\/lagacetadealmeria.com\/wp-content\/uploads\/2026\/09\/Servicio-UAL-Curso-2026-2027-169x300.jpg 169w, https:\/\/lagacetadealmeria.com\/wp-content\/uploads\/2026\/09\/Servicio-UAL-Curso-2026-2027.jpg 700w\" sizes=\"(max-width: 575px) 100vw, 575px\" \/><\/figure>\n","protected":false},"excerpt":{"rendered":"<p>Cuatro nuevos servicios conectar\u00e1n la UAL a los municipios del Bajo Andarax, Alhama de Almer\u00eda,&#8230;<\/p>\n","protected":false},"author":12,"featured_media":75827,"comment_status":"open","ping_status":"open","sticky":false,"template":"","format":"standard","meta":{"advanced_seo_description":"","jetpack_seo_html_title":"","jetpack_seo_noindex":false,"jetpack_seo_schema_type":"","_jetpack_newsletter_access":"","_jetpack_dont_email_post_to_subs":false,"_jetpack_newsletter_tier_id":0,"_jetpack_memberships_contains_paywalled_content":false,"_jetpack_feature_clip_id":0,"_jetpack_memberships_contains_paid_content":false,"footnotes":"","jetpack_post_was_ever_published":false},"categories":[45],"tags":[],"class_list":["post-75825","post","type-post","status-publish","format-standard","has-post-thumbnail","hentry","category-universidad"],"jetpack_sharing_enabled":true,"jetpack-related-posts":[],"amp_enabled":true,"jetpack_featured_media_url":"https:\/\/lagacetadealmeria.com\/wp-content\/uploads\/2026\/09\/Servicio-UAL-Curso-2026-2027.jpg","_links":{"self":[{"href":"https:\/\/lagacetadealmeria.com\/index.php?rest_route=\/wp\/v2\/posts\/75825","targetHints":{"allow":["GET"]}}],"collection":[{"href":"https:\/\/lagacetadealmeria.com\/index.php?rest_route=\/wp\/v2\/posts"}],"about":[{"href":"https:\/\/lagacetadealmeria.com\/index.php?rest_route=\/wp\/v2\/types\/post"}],"author":[{"embeddable":true,"href":"https:\/\/lagacetadealmeria.com\/index.php?rest_route=\/wp\/v2\/users\/12"}],"replies":[{"embeddable":true,"href":"https:\/\/lagacetadealmeria.com\/index.php?rest_route=%2Fwp%2Fv2%2Fcomments&post=75825"}],"version-history":[{"count":1,"href":"https:\/\/lagacetadealmeria.com\/index.php?rest_route=\/wp\/v2\/posts\/75825\/revisions"}],"predecessor-version":[{"id":75828,"href":"https:\/\/lagacetadealmeria.com\/index.php?rest_route=\/wp\/v2\/posts\/75825\/revisions\/75828"}],"wp:featuredmedia":[{"embeddable":true,"href":"https:\/\/lagacetadealmeria.com\/index.php?rest_route=\/wp\/v2\/media\/75827"}],"wp:attachment":[{"href":"https:\/\/lagacetadealmeria.com\/index.php?rest_route=%2Fwp%2Fv2%2Fmedia&parent=75825"}],"wp:term":[{"taxonomy":"category","embeddable":true,"href":"https:\/\/lagacetadealmeria.com\/index.php?rest_route=%2Fwp%2Fv2%2Fcategories&post=75825"},{"taxonomy":"post_tag","embeddable":true,"href":"https:\/\/lagacetadealmeria.com\/index.php?rest_route=%2Fwp%2Fv2%2Ftags&post=75825"}],"curies":[{"name":"wp","href":"https:\/\/api.w.org\/{rel}","templated":true}]}}