                {"id":75829,"date":"2026-09-02T10:54:20","date_gmt":"2026-09-02T10:54:20","guid":{"rendered":"https:\/\/lagacetadealmeria.com\/?p=75829"},"modified":"2026-09-02T10:54:22","modified_gmt":"2026-09-02T10:54:22","slug":"correos-lleva-a-almeria-toda-la-infraestructura-de-la-vuelta-26-en-la-etapa-12","status":"publish","type":"post","link":"https:\/\/lagacetadealmeria.com\/?p=75829","title":{"rendered":"Correos lleva a Almer\u00eda toda la infraestructura de La Vuelta 26 en la etapa 12"},"content":{"rendered":"\n<ul class=\"wp-block-list\">\n<li><strong>El 3 de septiembre, la etapa 12 de La Vuelta 26 abrir\u00e1 el recorrido andaluz de la carrera con una exigente jornada entre Vera y Calar Alto, uno de los finales de monta\u00f1a m\u00e1s emblem\u00e1ticos del sur peninsular<\/strong><\/li>\n<\/ul>\n\n\n\n<ul class=\"wp-block-list\">\n<li><strong>Por s\u00e9ptimo a\u00f1o consecutivo, la empresa postal y de paqueter\u00eda es el Operador Log\u00edstico Oficial de la prueba ciclista<\/strong><\/li>\n<\/ul>\n\n\n\n<ul class=\"wp-block-list\">\n<li><strong>Un total de 25 cabezas tractoras, 3 camiones con remolque, 5 camiones r\u00edgidos, adem\u00e1s de un cami\u00f3n r\u00edgido gr\u00faa, uno frigor\u00edfico y 18 plataformas de Correos desplaza todo el material que se mueve con La Vuelta 2026<\/strong><\/li>\n<\/ul>\n\n\n\n<ul class=\"wp-block-list\">\n<li><strong>La compa\u00f1\u00eda entrega de nuevo el prestigioso Premio al Mejor Equipo, que condecora en cada jornada a la mejor escuadra de la etapa con el dorsal rojo de Correos<\/strong><\/li>\n<\/ul>\n\n\n\n<p class=\"wp-block-paragraph\">Correos se encarga de toda la infraestructura de La Vuelta 26, que en la etapa 12 recorre la provincia de Almer\u00eda entre Vera y Calar Alto el d\u00eda 3 de septiembre. La jornada inaugurar\u00e1 el bloque andaluz de la carrera con una llegada en uno de los puertos m\u00e1s exigentes de esta edici\u00f3n.<\/p>\n\n\n\n<p class=\"wp-block-paragraph\"><strong>Correos<\/strong> se encarga un a\u00f1o m\u00e1s del <strong>despliegue log\u00edstico de La Vuelta 26<\/strong>, que se disputa hasta <strong>el 13 de septiembre.<\/strong> Tras la alianza firmada el pasado a\u00f1o por el presidente de Correos, Pedro Saura, y el director general de Unipublic, Javier Guill\u00e9n, la compa\u00f1\u00eda postal y de paqueter\u00eda se afianza, hasta al menos 2027,como <strong>Operador Log\u00edstico Oficial de La Vuelta<\/strong>, con la que colabora por s\u00e9ptimo a\u00f1o consecutivo para llevar a cabo este gran desaf\u00edo log\u00edstico. <strong><\/strong><\/p>\n\n\n\n<p class=\"wp-block-paragraph\">Correos desplaza <strong>m\u00e1s de 400 toneladas del material<\/strong>\u00a0necesario para que la prueba pueda disputarse <strong>sin incidencias log\u00edsticas<\/strong> en sus\u00a0<strong>21 etapas<\/strong> y <strong>40 sedes<\/strong>,incluidas las <strong>ubicadas en M\u00f3naco y Andorra.<\/strong>La empresa pone a disposici\u00f3n\u00a0<strong>25 cabezas tractoras, 3 camiones con remolque, 5 camiones r\u00edgidos, un cami\u00f3n r\u00edgido gr\u00faa, uno frigor\u00edfico y 18 plataformas<\/strong>. En total,<strong>35 veh\u00edculos log\u00edsticos<\/strong> a lo largo de\u00a0m\u00e1s de <strong>3.289 kil\u00f3metros\u00a0<\/strong>del recorrido operativo cargados con el material clave necesario para la celebraci\u00f3n de la carrera.<\/p>\n\n\n\n<p class=\"wp-block-paragraph\">A este despliegue log\u00edstico se suman las vallas, se\u00f1alizaciones y todo el material que forma parte de lasdiversas <strong>infraestructuras m\u00f3viles&nbsp;<\/strong>de meta, tales como el p\u00f3dium, la sala de prensa, el control de firmas, las instalaciones para realizar el antidopaje o el cami\u00f3n cocina, entre otras.<\/p>\n\n\n\n<p class=\"wp-block-paragraph\">Correos esde nuevo <strong>colaborador principal de La Vuelta 26 apadrinando la clasificaci\u00f3n por equipos<\/strong>, que premia cada d\u00eda al mejor equipo de cada etapa y, al final de La Vuelta, al mejor equipo de la clasificaci\u00f3n general. Un ranking que se establece sumando los tres mejores tiempos individuales de los corredores de cada equipo, siendo primer clasificado el equipo que sume el menor tiempo.<\/p>\n\n\n\n<p class=\"wp-block-paragraph\">Como en ediciones anteriores, el mejor equipo de cada etapa subir\u00e1 diariamente al p\u00f3dium del control de firmas para recoger su galard\u00f3n antes de tomar la salida. Del mismo modo, el equipo que lidere la clasificaci\u00f3n general de las escuadras lucir\u00e1 cada d\u00eda un&nbsp;<strong>dorsal rojo con el logo de Correos<\/strong>, que distinguir\u00e1 a sus corredores como miembros de la mejor formaci\u00f3n del pelot\u00f3n.<\/p>\n\n\n\n<p class=\"wp-block-paragraph\">La colaboraci\u00f3n de Correos con La Vuelta tambi\u00e9n se hace visible este a\u00f1o en el <strong>Parque Vuelta<\/strong> de cada etapa donde <strong>se ubicar\u00e1 la carpa de Correos<\/strong>, en la que habr\u00e1 <strong>un quiz con preguntas sobre productos y servicios de la compa\u00f1\u00eda, como Correos Market, Correos Fr\u00edo, sostenibilidad o el reto log\u00edstico de Correos en La Vuelta<\/strong>, con el objetivo de acercar a los visitantes la actividad que desarrolla la empresa.<\/p>\n\n\n\n<p class=\"wp-block-paragraph\">Como novedad este a\u00f1o, Correos ha presentado <strong>La Vuelta con Correos 2026<\/strong>, la <strong>primera colecci\u00f3n de criptopostales del mundo<\/strong>, una edici\u00f3n especial que une la emoci\u00f3n del ciclismo, el coleccionismo tradicional y la tecnolog\u00eda digital en un \u00fanico producto. Cada criptopostal incluye una postal f\u00edsica prefranqueada de edici\u00f3n limitada junto a un c\u00f3digo QR que ofrece una experiencia digital exclusiva y un gemelo digital o NFT asociado verificable en blockchain. La colecci\u00f3n ya se puede adquirir a trav\u00e9s de <a href=\"https:\/\/www.market.correos.es\/product\/criptopostal-correos-con-la-vuelta-2026?utm_source=com_ext&amp;utm_medium=text_link&amp;utm_campaign=Corr_Criptopostal_Ago26&amp;utm_term=np&amp;utm_content=vuelta\">Correos Market<\/a> y en la carpa de Correos en Parque Vuelta.&nbsp;<\/p>\n\n\n\n<p class=\"wp-block-paragraph\">Con la ampliaci\u00f3n hasta 2027 del acuerdo de colaboraci\u00f3n con <strong>Unipublic<\/strong>, empresa organizadora de La Vuelta, <strong>Correos refuerza su compromiso y apoyo al deporte espa\u00f1ol<\/strong>, consolidando su presencia en uno de los eventos deportivos m\u00e1s emblem\u00e1ticos del pa\u00eds.<\/p>\n\n\n\n<p class=\"wp-block-paragraph\">(M\u00e1s informaci\u00f3n en el siguiente enlace: <a href=\"https:\/\/www.youtube.com\/watch?v=uMYS4TQM-rk\">https:\/\/www.youtube.com\/watch?v=uMYS4TQM-rk<\/a><\/p>\n\n\n\n<figure class=\"wp-block-image size-full\"><img fetchpriority=\"high\" decoding=\"async\" width=\"700\" height=\"466\" src=\"https:\/\/lagacetadealmeria.com\/wp-content\/uploads\/2026\/09\/La-Vuelta-Correos.jpg\" alt=\"\" class=\"wp-image-75831\" srcset=\"https:\/\/lagacetadealmeria.com\/wp-content\/uploads\/2026\/09\/La-Vuelta-Correos.jpg 700w, https:\/\/lagacetadealmeria.com\/wp-content\/uploads\/2026\/09\/La-Vuelta-Correos-300x200.jpg 300w\" sizes=\"(max-width: 700px) 100vw, 700px\" \/><\/figure>\n\n\n\n<figure class=\"wp-block-embed is-type-video is-provider-youtube wp-block-embed-youtube wp-embed-aspect-16-9 wp-has-aspect-ratio\"><div class=\"wp-block-embed__wrapper\">\n<iframe title=\"La Vuelta 2026 | Correos\" width=\"640\" height=\"360\" src=\"https:\/\/www.youtube.com\/embed\/uMYS4TQM-rk?feature=oembed\" frameborder=\"0\" allow=\"accelerometer; autoplay; clipboard-write; encrypted-media; gyroscope; picture-in-picture; web-share\" referrerpolicy=\"strict-origin-when-cross-origin\" allowfullscreen><\/iframe>\n<\/div><\/figure>\n","protected":false},"excerpt":{"rendered":"<p>Correos se encarga de toda la infraestructura de La Vuelta 26, que en la etapa&#8230;<\/p>\n","protected":false},"author":12,"featured_media":75831,"comment_status":"open","ping_status":"open","sticky":false,"template":"","format":"standard","meta":{"advanced_seo_description":"","jetpack_seo_html_title":"","jetpack_seo_noindex":false,"jetpack_seo_schema_type":"","_jetpack_newsletter_access":"","_jetpack_dont_email_post_to_subs":false,"_jetpack_newsletter_tier_id":0,"_jetpack_memberships_contains_paywalled_content":false,"_jetpack_feature_clip_id":0,"_jetpack_memberships_contains_paid_content":false,"footnotes":"","jetpack_post_was_ever_published":false},"categories":[27],"tags":[],"class_list":["post-75829","post","type-post","status-publish","format-standard","has-post-thumbnail","hentry","category-deportes"],"jetpack_sharing_enabled":true,"jetpack-related-posts":[],"amp_enabled":true,"jetpack_featured_media_url":"https:\/\/lagacetadealmeria.com\/wp-content\/uploads\/2026\/09\/La-Vuelta-Correos.jpg","_links":{"self":[{"href":"https:\/\/lagacetadealmeria.com\/index.php?rest_route=\/wp\/v2\/posts\/75829","targetHints":{"allow":["GET"]}}],"collection":[{"href":"https:\/\/lagacetadealmeria.com\/index.php?rest_route=\/wp\/v2\/posts"}],"about":[{"href":"https:\/\/lagacetadealmeria.com\/index.php?rest_route=\/wp\/v2\/types\/post"}],"author":[{"embeddable":true,"href":"https:\/\/lagacetadealmeria.com\/index.php?rest_route=\/wp\/v2\/users\/12"}],"replies":[{"embeddable":true,"href":"https:\/\/lagacetadealmeria.com\/index.php?rest_route=%2Fwp%2Fv2%2Fcomments&post=75829"}],"version-history":[{"count":1,"href":"https:\/\/lagacetadealmeria.com\/index.php?rest_route=\/wp\/v2\/posts\/75829\/revisions"}],"predecessor-version":[{"id":75832,"href":"https:\/\/lagacetadealmeria.com\/index.php?rest_route=\/wp\/v2\/posts\/75829\/revisions\/75832"}],"wp:featuredmedia":[{"embeddable":true,"href":"https:\/\/lagacetadealmeria.com\/index.php?rest_route=\/wp\/v2\/media\/75831"}],"wp:attachment":[{"href":"https:\/\/lagacetadealmeria.com\/index.php?rest_route=%2Fwp%2Fv2%2Fmedia&parent=75829"}],"wp:term":[{"taxonomy":"category","embeddable":true,"href":"https:\/\/lagacetadealmeria.com\/index.php?rest_route=%2Fwp%2Fv2%2Fcategories&post=75829"},{"taxonomy":"post_tag","embeddable":true,"href":"https:\/\/lagacetadealmeria.com\/index.php?rest_route=%2Fwp%2Fv2%2Ftags&post=75829"}],"curies":[{"name":"wp","href":"https:\/\/api.w.org\/{rel}","templated":true}]}}