                {"id":75833,"date":"2026-09-02T11:07:57","date_gmt":"2026-09-02T11:07:57","guid":{"rendered":"https:\/\/lagacetadealmeria.com\/?p=75833"},"modified":"2026-09-02T11:07:58","modified_gmt":"2026-09-02T11:07:58","slug":"intervalo-y-momento-exposicion-de-juan-morante","status":"publish","type":"post","link":"https:\/\/lagacetadealmeria.com\/?p=75833","title":{"rendered":"INTERVALO Y MOMENTO Exposici\u00f3n de Juan Morante"},"content":{"rendered":"\n<p class=\"wp-block-paragraph\"><strong>Sala MECA. C\/ Navarro Darax 11.<\/strong> <strong>Almer\u00eda<\/strong><\/p>\n\n\n\n<p class=\"wp-block-paragraph\"><strong>Inauguraci\u00f3n: viernes, 4 de septiembre a las 20 h<\/strong><\/p>\n\n\n\n<p class=\"wp-block-paragraph\"><strong>Del 4 de septiembre al 1 de octubre de 2026<\/strong><\/p>\n\n\n\n<p class=\"wp-block-paragraph\"><strong>Hario: De lunes a jueves de 18.30 a 20.30 h<\/strong><\/p>\n\n\n\n<p class=\"wp-block-paragraph\"><strong>www.centromeca.com<\/strong><strong><\/strong><\/p>\n\n\n\n<h1 class=\"wp-block-heading\"><strong>INTERVALO Y MOMENTO<\/strong><\/h1>\n\n\n\n<p class=\"wp-block-paragraph\"><em>Rosa Mar\u00eda Mu\u00f1oz Bustamante, Directora de Programas MECA<\/em><\/p>\n\n\n\n<p class=\"wp-block-paragraph\">Hay una franja donde el color deja de ser mera posibilidad y comienza a comprometerse con una forma. La pintura de Juan Morante habita esa transici\u00f3n: no para representarla, sino para permanecer dentro de su incertidumbre. Las obras reunidas en MECA Mediterr\u00e1neo Centro Art\u00edstico han sido realizadas en 2026. Su contemporaneidad es determinante: no comparecen como episodios de una trayectoria que deba ordenarse retrospectivamente, sino como instancias de una investigaci\u00f3n que contin\u00faa produci\u00e9ndose. Permiten entrar en contacto con un pensamiento pl\u00e1stico mientras est\u00e1 tomando posici\u00f3n.<\/p>\n\n\n\n<p class=\"wp-block-paragraph\">Morante no parte de una imagen que alcanzar ni subordina el trabajo a un programa conceptual cerrado. Forma y color se buscan mutuamente, se corrigen, se desplazan. Una superficie crom\u00e1tica altera la escala de una estructura; una masa negra modifica la intensidad de cuanto la rodea. La decisi\u00f3n no antecede al hacer: se produce dentro de \u00e9l. Esta manera de proceder cuestiona la separaci\u00f3n entre forma y materia. Pensar la forma como un molde aplicado sobre materia pasiva supone olvidar que la realidad ofrece resistencias, modifica el proyecto y participa en su transformaci\u00f3n.<\/p>\n\n\n\n<p class=\"wp-block-paragraph\">Las configuraciones actuales de Morante alcanzan consistencia suficiente para sostenerse, pero no eliminan la tensi\u00f3n de la que proceden. Cada pieza registra una decisi\u00f3n y, simult\u00e1neamente, conserva la presencia latente de otras decisiones posibles. Fernando Barrionuevo, comisario de esta muestra, sit\u00faa el comisariado en esa proximidad con el proceso. La selecci\u00f3n no responde a criterios antol\u00f3gicos. Re\u00fane obras de un mismo presente porque entre ellas se manifiesta una interrogaci\u00f3n com\u00fan. Barrionuevo evita disponerlas como demostraciones de una tesis: su criterio atiende a las diferencias mediante las que una investigaci\u00f3n se desv\u00eda, se contradice y vuelve a comenzar.<\/p>\n\n\n\n<p class=\"wp-block-paragraph\">La actualidad de estas pinturas reside en su resistencia a convertirse en f\u00f3rmula. Comparten recurrencias sin constituir serie cerrada. La repetici\u00f3n introduce alteraci\u00f3n: cada regreso modifica lo que parec\u00eda reconocible. Barrionuevo no neutraliza las divergencias mediante montaje, sino que las convierte en principio activo. Las distancias y discontinuidades impiden que el espacio funcione como contenedor indiferente. El comisariado establece condiciones para que las relaciones act\u00faen.<\/p>\n\n\n\n<p class=\"wp-block-paragraph\">El intervalo surge como la distancia que permite relacionarse sin confundirse. En las pinturas de Morante, esa apertura se percibe en cortes, proximidades e interrupciones que organizan el campo visual. El color participa en la formaci\u00f3n de la estructura, modifica su peso y determina su capacidad. Un contorno no ser\u00eda la misma forma bajo otra relaci\u00f3n crom\u00e1tica. La percepci\u00f3n crom\u00e1tica confirma esta dependencia radical: ning\u00fan color se ofrece como valor absoluto. Ver consiste en experimentar una red de modificaciones rec\u00edprocas. La totalidad no precede a la experiencia; se produce y se deshace durante ella.<\/p>\n\n\n\n<p class=\"wp-block-paragraph\">El momento designa el grado de intensidad en el que determinadas relaciones llegan a sostenerse e hacen visible su equilibrio. La detenci\u00f3n de la pintura no equivale a resultado final, sino a decisi\u00f3n material: reconocer cu\u00e1ndo una relaci\u00f3n ha adquirido consistencia sin eliminar la inestabilidad que la mantiene viva. La formaci\u00f3n de Morante como arquitecto t\u00e9cnico permanece como conciencia incorporada de proporci\u00f3n, peso, tensi\u00f3n y equilibrio. All\u00ed donde la arquitectura debe asegurar estabilidad, la pintura produce incertidumbre. La geometr\u00eda pierde pretensi\u00f3n de pureza: las superficies conservan huella de realizaci\u00f3n, l\u00edneas admiten desviaciones. Entre orden concebido y orden producido aparece diferencia que no debe entenderse como imperfecci\u00f3n.<\/p>\n\n\n\n<p class=\"wp-block-paragraph\">La mirada busca semejanzas e intenta identificaciones, pero el reconocimiento apenas comienza cuando la pintura lo devuelve al plano y a relaci\u00f3n entre superficies. La experiencia se mantiene en zona anterior a clasificaci\u00f3n figuraci\u00f3n\/abstracci\u00f3n. En ese estado de vacilaci\u00f3n, mirar implica formular hip\u00f3tesis, abandonarlas y volver sobre visto desde posici\u00f3n modificada. El intervalo se desplaza hacia distancia entre obras y separaci\u00f3n entre lo que aparece y aquello a\u00fan sin nombre.<\/p>\n\n\n\n<p class=\"wp-block-paragraph\">Intervalo y momento se sostiene en esa doble condici\u00f3n. Fernando Barrionuevo re\u00fane estas obras porque en ellas esa tensi\u00f3n no se ha convertido en estilo, f\u00f3rmula o conclusi\u00f3n. El comisariado propone experiencia donde la forma no se contempla como adquirida definitivamente, sino como aquello que contin\u00faa ocurriendo ante la mirada.<\/p>\n\n\n\n<p class=\"wp-block-paragraph\"><strong>SOBRE EL ARTISTA<\/strong><\/p>\n\n\n\n<p class=\"wp-block-paragraph\">Juan Morante es un artista visual cuya pr\u00e1ctica emerge de una formaci\u00f3n dual en Bellas Artes y Arquitectura T\u00e9cnica. Esta trayectoria acad\u00e9mica \u2014licenciado en Bellas Artes por la Facultad Alonso Cano de Granada, con doctorado y especializaci\u00f3n en grabado, as\u00ed como Arquitecto T\u00e9cnico por la Escuela de Arquitectura T\u00e9cnica de Barcelona\u2014 ha determinado un pensamiento pl\u00e1stico donde la estructura, la proporci\u00f3n y la geometr\u00eda dialogan constantemente con la investigaci\u00f3n pict\u00f3rica. Entre 1998 y 2004 dirigi\u00f3 el Centro de Arte Museo de Almer\u00eda, donde produjo y coordin\u00f3 64 exposiciones que marcaron una proyecci\u00f3n regional e internacional del arte contempor\u00e1neo. Desde entonces, su obra ha transitado por espacios como el Instituto Cervantes de Par\u00eds o Lyon, Chicago, Argelia, Mil\u00e1n y N\u00e1poles, alternando exposiciones individuales de investigaci\u00f3n concentrada con participaciones en proyectos colectivos de envergadura. Su trayectoria se caracteriza por una coherencia en la b\u00fasqueda: el trabajo con la geometr\u00eda, el color y el espacio como elementos que no se aplican seg\u00fan un programa previo, sino que se negocian durante el proceso mismo de hacer. Esta aproximaci\u00f3n ha mantenido su obra en un estado de investigaci\u00f3n activa durante m\u00e1s de veinte a\u00f1os, combinando rigor conceptual con una capacidad de transformaci\u00f3n que evita la f\u00f3rmula o el estilo concluso.Su relaci\u00f3n de m\u00e1s de 19 a\u00f1os con MECA Mediterr\u00e1neo Centro Art\u00edstico ha consolidado a Almer\u00eda como eje de su producci\u00f3n y difusi\u00f3n, desde donde contin\u00faa expandiendo tanto su pr\u00e1ctica pict\u00f3rica como su participaci\u00f3n en iniciativas curatoriales y de investigaci\u00f3n colectiva.<\/p>\n\n\n\n<figure class=\"wp-block-gallery has-nested-images columns-default is-cropped wp-block-gallery-1 is-layout-flex wp-block-gallery-is-layout-flex\">\n<figure class=\"wp-block-image size-large\"><img fetchpriority=\"high\" decoding=\"async\" width=\"700\" height=\"949\" data-id=\"75835\" src=\"https:\/\/lagacetadealmeria.com\/wp-content\/uploads\/2026\/09\/EXPOSICION-INTERVALO-Y-MOMENTO-Juan-Morante-5.jpg\" alt=\"\" class=\"wp-image-75835\" srcset=\"https:\/\/lagacetadealmeria.com\/wp-content\/uploads\/2026\/09\/EXPOSICION-INTERVALO-Y-MOMENTO-Juan-Morante-5.jpg 700w, https:\/\/lagacetadealmeria.com\/wp-content\/uploads\/2026\/09\/EXPOSICION-INTERVALO-Y-MOMENTO-Juan-Morante-5-221x300.jpg 221w\" sizes=\"(max-width: 700px) 100vw, 700px\" \/><\/figure>\n\n\n\n<figure class=\"wp-block-image size-large\"><img decoding=\"async\" width=\"700\" height=\"990\" data-id=\"75837\" src=\"https:\/\/lagacetadealmeria.com\/wp-content\/uploads\/2026\/09\/EXPOSICION-INTERVALO-Y-MOMENTO-Cartel_Email.jpg\" alt=\"\" class=\"wp-image-75837\" srcset=\"https:\/\/lagacetadealmeria.com\/wp-content\/uploads\/2026\/09\/EXPOSICION-INTERVALO-Y-MOMENTO-Cartel_Email.jpg 700w, https:\/\/lagacetadealmeria.com\/wp-content\/uploads\/2026\/09\/EXPOSICION-INTERVALO-Y-MOMENTO-Cartel_Email-212x300.jpg 212w\" sizes=\"(max-width: 700px) 100vw, 700px\" \/><\/figure>\n\n\n\n<figure class=\"wp-block-image size-large\"><img decoding=\"async\" width=\"700\" height=\"966\" data-id=\"75836\" src=\"https:\/\/lagacetadealmeria.com\/wp-content\/uploads\/2026\/09\/EXPOSICION-INTERVALO-Y-MOMENTO-Juan-Morante-1.jpg\" alt=\"\" class=\"wp-image-75836\" srcset=\"https:\/\/lagacetadealmeria.com\/wp-content\/uploads\/2026\/09\/EXPOSICION-INTERVALO-Y-MOMENTO-Juan-Morante-1.jpg 700w, https:\/\/lagacetadealmeria.com\/wp-content\/uploads\/2026\/09\/EXPOSICION-INTERVALO-Y-MOMENTO-Juan-Morante-1-217x300.jpg 217w\" sizes=\"(max-width: 700px) 100vw, 700px\" \/><\/figure>\n\n\n\n<figure class=\"wp-block-image size-large\"><img loading=\"lazy\" decoding=\"async\" width=\"700\" height=\"712\" data-id=\"75839\" src=\"https:\/\/lagacetadealmeria.com\/wp-content\/uploads\/2026\/09\/EXPOSICION-INTERVALO-Y-MOMENTO-Juan-Morante-4.jpg\" alt=\"\" class=\"wp-image-75839\" srcset=\"https:\/\/lagacetadealmeria.com\/wp-content\/uploads\/2026\/09\/EXPOSICION-INTERVALO-Y-MOMENTO-Juan-Morante-4.jpg 700w, https:\/\/lagacetadealmeria.com\/wp-content\/uploads\/2026\/09\/EXPOSICION-INTERVALO-Y-MOMENTO-Juan-Morante-4-295x300.jpg 295w\" sizes=\"(max-width: 700px) 100vw, 700px\" \/><\/figure>\n\n\n\n<figure class=\"wp-block-image size-large\"><img loading=\"lazy\" decoding=\"async\" width=\"700\" height=\"345\" data-id=\"75840\" src=\"https:\/\/lagacetadealmeria.com\/wp-content\/uploads\/2026\/09\/EXPOSICION-INTERVALO-Y-MOMENTO-Juan-Morante-3.jpg\" alt=\"\" class=\"wp-image-75840\" srcset=\"https:\/\/lagacetadealmeria.com\/wp-content\/uploads\/2026\/09\/EXPOSICION-INTERVALO-Y-MOMENTO-Juan-Morante-3.jpg 700w, https:\/\/lagacetadealmeria.com\/wp-content\/uploads\/2026\/09\/EXPOSICION-INTERVALO-Y-MOMENTO-Juan-Morante-3-300x148.jpg 300w\" sizes=\"(max-width: 700px) 100vw, 700px\" \/><\/figure>\n\n\n\n<figure class=\"wp-block-image size-large\"><img loading=\"lazy\" decoding=\"async\" width=\"700\" height=\"951\" data-id=\"75838\" src=\"https:\/\/lagacetadealmeria.com\/wp-content\/uploads\/2026\/09\/EXPOSICION-INTERVALO-Y-MOMENTO-Juan-Morante-2.jpg\" alt=\"\" class=\"wp-image-75838\" srcset=\"https:\/\/lagacetadealmeria.com\/wp-content\/uploads\/2026\/09\/EXPOSICION-INTERVALO-Y-MOMENTO-Juan-Morante-2.jpg 700w, https:\/\/lagacetadealmeria.com\/wp-content\/uploads\/2026\/09\/EXPOSICION-INTERVALO-Y-MOMENTO-Juan-Morante-2-221x300.jpg 221w\" sizes=\"(max-width: 700px) 100vw, 700px\" \/><\/figure>\n<\/figure>\n","protected":false},"excerpt":{"rendered":"<p>Sala MECA. C\/ Navarro Darax 11. Almer\u00eda Inauguraci\u00f3n: viernes, 4 de septiembre a las 20&#8230;<\/p>\n","protected":false},"author":12,"featured_media":75841,"comment_status":"open","ping_status":"open","sticky":false,"template":"","format":"standard","meta":{"advanced_seo_description":"","jetpack_seo_html_title":"","jetpack_seo_noindex":false,"jetpack_seo_schema_type":"","_jetpack_newsletter_access":"","_jetpack_dont_email_post_to_subs":false,"_jetpack_newsletter_tier_id":0,"_jetpack_memberships_contains_paywalled_content":false,"_jetpack_feature_clip_id":0,"_jetpack_memberships_contains_paid_content":false,"footnotes":"","jetpack_post_was_ever_published":false},"categories":[34],"tags":[],"class_list":["post-75833","post","type-post","status-publish","format-standard","has-post-thumbnail","hentry","category-arte"],"jetpack_sharing_enabled":true,"jetpack-related-posts":[],"amp_enabled":true,"jetpack_featured_media_url":"https:\/\/lagacetadealmeria.com\/wp-content\/uploads\/2026\/09\/Juan-Morante-pintor.jpg","_links":{"self":[{"href":"https:\/\/lagacetadealmeria.com\/index.php?rest_route=\/wp\/v2\/posts\/75833","targetHints":{"allow":["GET"]}}],"collection":[{"href":"https:\/\/lagacetadealmeria.com\/index.php?rest_route=\/wp\/v2\/posts"}],"about":[{"href":"https:\/\/lagacetadealmeria.com\/index.php?rest_route=\/wp\/v2\/types\/post"}],"author":[{"embeddable":true,"href":"https:\/\/lagacetadealmeria.com\/index.php?rest_route=\/wp\/v2\/users\/12"}],"replies":[{"embeddable":true,"href":"https:\/\/lagacetadealmeria.com\/index.php?rest_route=%2Fwp%2Fv2%2Fcomments&post=75833"}],"version-history":[{"count":1,"href":"https:\/\/lagacetadealmeria.com\/index.php?rest_route=\/wp\/v2\/posts\/75833\/revisions"}],"predecessor-version":[{"id":75842,"href":"https:\/\/lagacetadealmeria.com\/index.php?rest_route=\/wp\/v2\/posts\/75833\/revisions\/75842"}],"wp:featuredmedia":[{"embeddable":true,"href":"https:\/\/lagacetadealmeria.com\/index.php?rest_route=\/wp\/v2\/media\/75841"}],"wp:attachment":[{"href":"https:\/\/lagacetadealmeria.com\/index.php?rest_route=%2Fwp%2Fv2%2Fmedia&parent=75833"}],"wp:term":[{"taxonomy":"category","embeddable":true,"href":"https:\/\/lagacetadealmeria.com\/index.php?rest_route=%2Fwp%2Fv2%2Fcategories&post=75833"},{"taxonomy":"post_tag","embeddable":true,"href":"https:\/\/lagacetadealmeria.com\/index.php?rest_route=%2Fwp%2Fv2%2Ftags&post=75833"}],"curies":[{"name":"wp","href":"https:\/\/api.w.org\/{rel}","templated":true}]}}