                {"id":75848,"date":"2026-09-02T11:14:37","date_gmt":"2026-09-02T11:14:37","guid":{"rendered":"https:\/\/lagacetadealmeria.com\/?p=75848"},"modified":"2026-09-02T11:14:38","modified_gmt":"2026-09-02T11:14:38","slug":"un-sello-personalizado-de-correos-conmemora-el-150-aniversario-del-nacimiento-de-manuel-de-falla","status":"publish","type":"post","link":"https:\/\/lagacetadealmeria.com\/?p=75848","title":{"rendered":"Un sello personalizado de Correos conmemora el 150 aniversario del nacimiento de Manuel de Falla"},"content":{"rendered":"\n<figure class=\"wp-block-image aligncenter is-resized\"><img decoding=\"async\" src=\"https:\/\/mail.google.com\/mail\/u\/0?ui=2&amp;ik=2028921889&amp;attid=0.0.7&amp;permmsgid=msg-f:1875216759993575506&amp;th=1a061bb53846a852&amp;view=fimg&amp;fur=ip&amp;permmsgid=msg-f:1875216759993575506&amp;sz=s0-l75-ft&amp;attbid=ANGjdJ8IU-z_EVE9yv8huMRnble5bWaMKHvle_27mZqzYLT0rsuouINK7_DyzNiAUFSKODwYILVIqQjWII7yw0yY-DQtUu780fbtgBvzTo9jsxPGzWw4e1iSxmei3Qc&amp;disp=emb&amp;zw\" alt=\"\" style=\"aspect-ratio:0.7695652173913043;width:177px;height:auto\"\/><\/figure>\n\n\n\n<ul class=\"wp-block-list\">\n<li><strong>La Sociedad Filat\u00e9lica Gaditana ha adquirido pliegos del producto\u00a0<\/strong><a href=\"https:\/\/www.correos.es\/es\/es\/particulares\/filatelia\/sellos-personalizados?utm_source=com_ext&amp;utm_medium=text_link&amp;utm_campaign=Corr_Filatelia&amp;utm_term=np&amp;utm_content=personalizados\" target=\"_blank\" rel=\"noopener\"><strong>TUSELLO<\/strong><\/a>\u00a0<strong>en la oficina principal de Correos de C\u00e1diz para sumarse a la celebraci\u00f3n de esta efem\u00e9ride<\/strong><\/li>\n<\/ul>\n\n\n\n<p class=\"wp-block-paragraph\">\u00a0La Sociedad Filat\u00e9lica Gaditana ha adquirido un\u00a0<a href=\"https:\/\/www.correos.es\/es\/es\/particulares\/filatelia\/sellos-personalizados?utm_source=com_ext&amp;utm_medium=text_link&amp;utm_campaign=Corr_Filatelia&amp;utm_term=np&amp;utm_content=personalizados\" target=\"_blank\" rel=\"noopener\">sello personalizado<\/a>\u00a0de Correos para conmemorar el 150 aniversario del nacimiento del compositor gaditano Manuel de Falla, una de las figuras m\u00e1s destacadas y universales de la m\u00fasica espa\u00f1ola.<\/p>\n\n\n\n<p class=\"wp-block-paragraph\">La iniciativa permitir\u00e1 difundir esta efem\u00e9ride a trav\u00e9s de la red postal, contribuyendo a acercar la figura y el legado del insigne m\u00fasico gaditano a destinatarios de todo el pa\u00eds mediante un soporte tan singular como el sello. Esta acci\u00f3n se suma a las actividades organizadas con motivo del A\u00f1o Falla 2026, que conmemora el 150 aniversario del nacimiento y el 80 aniversario del fallecimiento de este gaditano universal.<\/p>\n\n\n\n<p class=\"wp-block-paragraph\">La emisi\u00f3n se ha realizado a trav\u00e9s de&nbsp;<a href=\"https:\/\/www.correos.es\/es\/es\/particulares\/filatelia\/sellos-personalizados?utm_source=com_ext&amp;utm_medium=text_link&amp;utm_campaign=Corr_Filatelia&amp;utm_term=np&amp;utm_content=personalizados\" target=\"_blank\" rel=\"noopener\">TUSELLO<\/a>, el producto de Correos que permite transformar im\u00e1genes y dise\u00f1os propios en sellos con todos los elementos identificativos y las garant\u00edas del franqueo postal.<\/p>\n\n\n\n<p class=\"wp-block-paragraph\">Los sellos son autoadhesivos y, en este caso, v\u00e1lidos para el franqueo de env\u00edos nacionales de hasta 20 gramos correspondientes a la tarifa ordinaria.<\/p>\n\n\n\n<p class=\"wp-block-paragraph\">La presentaci\u00f3n oficial del sello se ha celebrado en el Sal\u00f3n de Plenos del Ayuntamiento de C\u00e1diz, con la participaci\u00f3n de Francisco Vel\u00e1zquez Barroso, presidente de la Sociedad Filat\u00e9lica Gaditana; Juan Antonio Casas Pajares, dise\u00f1ador del sello y vicepresidente de la entidad; y Antonio Flor Borrego, profesor de M\u00fasica, cantautor y bi\u00f3grafo de Manuel de Falla, autor del libro&nbsp;<em>Ruta de Falla<\/em>.<\/p>\n\n\n\n<p class=\"wp-block-paragraph\">El acto estuvo presidido por&nbsp;la teniente de alcalde de C\u00e1diz,&nbsp;Maite Gonz\u00e1lez, y cont\u00f3 con la asistencia del delegado territorial de Cultura, Patrimonio Hist\u00f3rico y Deporte de la Junta de Andaluc\u00eda en C\u00e1diz, Mill\u00e1n Alegre, as\u00ed como de la subdelegada del Gobierno en C\u00e1diz, Blanca del Pilar Flores.<\/p>\n\n\n\n<p class=\"wp-block-paragraph\">A lo largo de su historia, los productos filat\u00e9licos de Correos han servido para conmemorar acontecimientos relacionados con la cultura, el arte, la historia y las tradiciones populares, convirti\u00e9ndose en un veh\u00edculo de difusi\u00f3n de celebraciones, entidades y personalidades de especial relevancia para la sociedad.<\/p>\n\n\n\n<p class=\"wp-block-paragraph\">A trav\u00e9s de&nbsp;<a href=\"https:\/\/www.correos.es\/es\/es\/particulares\/filatelia\/sellos-personalizados?utm_source=com_ext&amp;utm_medium=text_link&amp;utm_campaign=Corr_Filatelia&amp;utm_term=np&amp;utm_content=personalizados\" target=\"_blank\" rel=\"noopener\">TUSELLO<\/a>, cualquier persona, empresa, asociaci\u00f3n o instituci\u00f3n puede incorporar sus propias im\u00e1genes o dise\u00f1os a sellos oficiales de Correos, manteniendo todas las garant\u00edas y elementos identificativos del franqueo postal.<\/p>\n\n\n\n<p class=\"wp-block-paragraph\">La solicitud puede realizarse en cualquier oficina de Correos o a trav\u00e9s de su&nbsp;<a href=\"https:\/\/mioficina.correos.es\/es\/es\/login?utm_source=com_ext&amp;utm_medium=text_link&amp;utm_campaign=Corr_Filatelia&amp;utm_term=np&amp;utm_content=mioficina\" target=\"_blank\" rel=\"noopener\">Oficina Virtual<\/a>..<\/p>\n\n\n\n<p class=\"wp-block-paragraph\">Este producto est\u00e1 disponible en diferentes formatos, entre ellos pliegos de 15 sellos panor\u00e1micos, 20 sellos con vi\u00f1eta o 25 sellos cl\u00e1sicos, impresos sobre papel fluorescente en formato DIN A4.<\/p>\n\n\n\n<figure class=\"wp-block-image aligncenter size-full\"><img fetchpriority=\"high\" decoding=\"async\" width=\"406\" height=\"528\" src=\"https:\/\/lagacetadealmeria.com\/wp-content\/uploads\/2026\/09\/Sello-Manuel-de-Falla.jpg\" alt=\"\" class=\"wp-image-75849\" srcset=\"https:\/\/lagacetadealmeria.com\/wp-content\/uploads\/2026\/09\/Sello-Manuel-de-Falla.jpg 406w, https:\/\/lagacetadealmeria.com\/wp-content\/uploads\/2026\/09\/Sello-Manuel-de-Falla-231x300.jpg 231w\" sizes=\"(max-width: 406px) 100vw, 406px\" \/><\/figure>\n","protected":false},"excerpt":{"rendered":"<p>\u00a0La Sociedad Filat\u00e9lica Gaditana ha adquirido un\u00a0sello personalizado\u00a0de Correos para conmemorar el 150 aniversario del&#8230;<\/p>\n","protected":false},"author":12,"featured_media":75849,"comment_status":"open","ping_status":"open","sticky":false,"template":"","format":"standard","meta":{"advanced_seo_description":"","jetpack_seo_html_title":"","jetpack_seo_noindex":false,"jetpack_seo_schema_type":"","_jetpack_newsletter_access":"","_jetpack_dont_email_post_to_subs":false,"_jetpack_newsletter_tier_id":0,"_jetpack_memberships_contains_paywalled_content":false,"_jetpack_feature_clip_id":0,"_jetpack_memberships_contains_paid_content":false,"footnotes":"","jetpack_post_was_ever_published":false},"categories":[62],"tags":[],"class_list":["post-75848","post","type-post","status-publish","format-standard","has-post-thumbnail","hentry","category-historia"],"jetpack_sharing_enabled":true,"jetpack-related-posts":[],"amp_enabled":true,"jetpack_featured_media_url":"https:\/\/lagacetadealmeria.com\/wp-content\/uploads\/2026\/09\/Sello-Manuel-de-Falla.jpg","_links":{"self":[{"href":"https:\/\/lagacetadealmeria.com\/index.php?rest_route=\/wp\/v2\/posts\/75848","targetHints":{"allow":["GET"]}}],"collection":[{"href":"https:\/\/lagacetadealmeria.com\/index.php?rest_route=\/wp\/v2\/posts"}],"about":[{"href":"https:\/\/lagacetadealmeria.com\/index.php?rest_route=\/wp\/v2\/types\/post"}],"author":[{"embeddable":true,"href":"https:\/\/lagacetadealmeria.com\/index.php?rest_route=\/wp\/v2\/users\/12"}],"replies":[{"embeddable":true,"href":"https:\/\/lagacetadealmeria.com\/index.php?rest_route=%2Fwp%2Fv2%2Fcomments&post=75848"}],"version-history":[{"count":1,"href":"https:\/\/lagacetadealmeria.com\/index.php?rest_route=\/wp\/v2\/posts\/75848\/revisions"}],"predecessor-version":[{"id":75851,"href":"https:\/\/lagacetadealmeria.com\/index.php?rest_route=\/wp\/v2\/posts\/75848\/revisions\/75851"}],"wp:featuredmedia":[{"embeddable":true,"href":"https:\/\/lagacetadealmeria.com\/index.php?rest_route=\/wp\/v2\/media\/75849"}],"wp:attachment":[{"href":"https:\/\/lagacetadealmeria.com\/index.php?rest_route=%2Fwp%2Fv2%2Fmedia&parent=75848"}],"wp:term":[{"taxonomy":"category","embeddable":true,"href":"https:\/\/lagacetadealmeria.com\/index.php?rest_route=%2Fwp%2Fv2%2Fcategories&post=75848"},{"taxonomy":"post_tag","embeddable":true,"href":"https:\/\/lagacetadealmeria.com\/index.php?rest_route=%2Fwp%2Fv2%2Ftags&post=75848"}],"curies":[{"name":"wp","href":"https:\/\/api.w.org\/{rel}","templated":true}]}}