                {"id":75852,"date":"2026-09-02T11:19:09","date_gmt":"2026-09-02T11:19:09","guid":{"rendered":"https:\/\/lagacetadealmeria.com\/?p=75852"},"modified":"2026-09-02T11:19:11","modified_gmt":"2026-09-02T11:19:11","slug":"manana-arranca-neorama-en-granada-con-el-concierto-exclusivo-de-la-jm-world-orchestra-junto-al-coro-de-la-opera-de-granada-en-el-generalife-la-orquesta-de-talento-joven-mas-antigua-del-mundo","status":"publish","type":"post","link":"https:\/\/lagacetadealmeria.com\/?p=75852","title":{"rendered":"Ma\u00f1ana arranca Neorama en Granada con el concierto exclusivo de la JM World Orchestra junto al Coro de la \u00d3pera de Granada en el Generalife, la orquesta de talento joven m\u00e1s antigua del mundo"},"content":{"rendered":"\n<figure class=\"wp-block-table\"><table class=\"has-fixed-layout\"><tbody><tr><td><\/td><\/tr><tr><td>                              <img decoding=\"async\" width=\"580\" src=\"https:\/\/ci3.googleusercontent.com\/meips\/ADKq_NbAZeQobZ9UNd2TFu9zYtJ-yU7FUCmhZUtS4mGoZbOo5Cb962OYqB93_J3fOGqi0KBBjh4w-b61xJ2Q99UykC8fB3ae7CfNBRQuxGUo3nLKS7jkJDWQe6CF8K5sXErYSTE4Dl95hlfNhJ-sddvOIZrpIRYn7hM=s0-d-e1-ft#https:\/\/cdn-apps.acrelia.com\/uploads\/user\/PqFbPGOtiy616bIn9GXSxw\/neorama\/untitled-design-2-1.jpg\" alt=\"\"><\/td><\/tr><tr><td>&nbsp;<\/td><\/tr><tr><td>\u00a0<br>\u00a0\u00a0<\/td><\/tr><tr><td><br>\u00a0<\/td><\/tr><tr><td>&nbsp;&nbsp;&nbsp;&nbsp;<strong>Ma\u00f1ana arranca Neorama en Granada con el concierto exclusivo de la JM World Orchestra junto al Coro de la \u00d3pera de Granada en el Generalife, la orquesta de talento joven m\u00e1s antigua del mundo<\/strong><br><strong>Hoy el festival ha presentado en Motril el concierto que la JM World Orchestra ofrecer\u00e1 el viernes 4 de septiembre a las 22h en el Teatro Calder\u00f3n de la Barca.<\/strong><br><strong>El festival llenar\u00e1 Granada de m\u00fasica del 3 al 5 de septiembre con 40 conciertos gratuitos (con invitaci\u00f3n) de todos los estilos y m\u00e1s de 500 m\u00fasicos de toda Espa\u00f1a. Adem\u00e1s de crear un espacio de debate con un amplio programa de foros, conferencias, mesas redondas y talleres.<\/strong><br>Cuenta atr\u00e1s para el la inauguraci\u00f3n de una cita cultural sin precedentes en Espa\u00f1a.&nbsp;<strong>Ma\u00f1ana, jueves 3 de septiembre a las 22h<\/strong>, el majestuoso&nbsp;<strong>Teatro del Generalife<\/strong>&nbsp;acoger\u00e1 la&nbsp;<strong>inauguraci\u00f3n<\/strong>&nbsp;de la primera edici\u00f3n del&nbsp;<strong>Festival Neorama<\/strong>, el gran encuentro del talento musical joven en Espa\u00f1a organizado por la&nbsp;<strong>Confederaci\u00f3n de Juventudes Musicales de Espa\u00f1a (JM Espa\u00f1a)<\/strong>. La&nbsp;<strong>JM World Orchestra<\/strong>&nbsp;\u2014la orquesta juvenil internacional m\u00e1s antigua del mundo con m\u00e1s de 50 m\u00fasicos de 24 pa\u00edses creada en 1949\u2014 y el&nbsp;<strong>Coro de \u00d3pera de Granada<\/strong>&nbsp;se unen bajo la batuta del cordob\u00e9s&nbsp;<strong>David Fern\u00e1ndez Caravaca,&nbsp;<\/strong>una de las figuras emergentes m\u00e1s destacadas de la direcci\u00f3n orquestal espa\u00f1ola, ganador del Concurso de Juventudes Musicales de Espa\u00f1a en direcci\u00f3n para celebrar el<strong>&nbsp;75 aniversario<\/strong>&nbsp;de la instituci\u00f3n. Un evento que camina tambi\u00e9n junto a Granada 2031 para ver cumplido ese sue\u00f1o.<br>El programa se abrir\u00e1 con un tributo inigualable a la ciudad y un repertorio elegido para la ocasi\u00f3n: la interpretaci\u00f3n de<strong>&nbsp;<em>&#8216;Noches en los jardines de Espa\u00f1a&#8217;<\/em>&nbsp;<\/strong>de&nbsp;<strong>Manuel de Falla<\/strong>, a cargo de la virtuosa pianista y finalista de los Latin Grammy 2025,&nbsp;<strong>Susana G\u00f3mez V\u00e1zquez<\/strong>. La segunda parte del concierto ofrecer\u00e1 un emocionante viaje por las p\u00e1ginas m\u00e1s c\u00e9lebres del repertorio oper\u00edstico internacional. En esta segunda parte se sumar\u00e1 el&nbsp;<strong>Coro de \u00d3pera de Granada<\/strong>, formaci\u00f3n creada en el seno de Juventudes Musicales Granada y consolidada como una de las principales referencias l\u00edricas de Andaluc\u00eda gracias a su intensa actividad art\u00edstica y a sus colaboraciones con importantes instituciones musicales.<br>Esta gran producci\u00f3n sinf\u00f3nico-coral viajar\u00e1 al d\u00eda siguiente,&nbsp;<strong>viernes 4 de septiembre a las 20h<\/strong>&nbsp;a la costa granadina, al&nbsp;<strong>Teatro Calder\u00f3n de la Barca de Motril<\/strong>, acercando el talento internacional a la provincia. Hoy se ha presentado en rueda de prensa en la Casa Condesa Torre Isabel del Ayuntamiento de Motril. Este acto en provincia acompa\u00f1ar\u00e1 al concierto<strong>&nbsp;\u201cLa M\u00edstica de la M\u00fasica\u201d<\/strong>&nbsp;que ofrecer\u00e1&nbsp;<strong>Pablo Gim\u00e9nez<\/strong>&nbsp;en la&nbsp;<strong>Parroquia de Nuestra Se\u00f1ora de la Paz de Paluenca ma\u00f1ana jueves a las 20h<\/strong>.<br>La&nbsp;<strong>JM World Orchestra<\/strong>, fundada en 1949, es la orquesta juvenil internacional m\u00e1s antigua del mundo y un referente en la promoci\u00f3n del entendimiento intercultural a trav\u00e9s de la m\u00fasica. A lo largo de su historia ha reunido a miles de j\u00f3venes m\u00fasicos de m\u00e1s de 60 pa\u00edses y ha trabajado con algunos de los directores m\u00e1s importantes del panorama internacional, convirti\u00e9ndose en un aut\u00e9ntico s\u00edmbolo de di\u00e1logo y cooperaci\u00f3n entre culturas.<br>Bajo el lema \u201c<strong><em>Enciende la m\u00fasica: j\u00f3venes en acci\u00f3n\u201d<\/em>,<\/strong>&nbsp;<strong>Neorama<\/strong>&nbsp;congregar\u00e1 hasta el 5 de septiembre en Granada a&nbsp;<strong>500 j\u00f3venes artistas<\/strong>&nbsp;de todas las comunidades aut\u00f3nomas. El festival inundar\u00e1&nbsp;<strong>18 espacios emblem\u00e1ticos de Granada<\/strong>&nbsp;(como el Carmen de los M\u00e1rtires, Pasiegas, Palacio de Carlos V, el Auditorio Manuel de Falla, Corral del Carb\u00f3n o el Patio del Ayuntamiento) con propuestas que van&nbsp;<strong>desde la m\u00fasica cl\u00e1sica y antigua hasta el pop, rock, indie, jazz, flamenco y electr\u00f3nica.<\/strong><br>Todas las actuaciones son&nbsp;<strong>gratuitas mediante la retirada previa de invitaciones<\/strong>&nbsp;en la web oficial del festival. El evento cuenta con un firme&nbsp;<strong>compromiso social<\/strong>, destacando el&nbsp;<strong>Concierto SuperArte<\/strong>&nbsp;en la clausura del&nbsp;<strong>s\u00e1bado 5 de septiembre en el Teatro Generalife<\/strong>&nbsp;enfocado en la&nbsp;<strong>inclusi\u00f3n<\/strong>, adem\u00e1s de un programa de 12 actividades formativas, debates sobre sostenibilidad y un plan integral de accesibilidad.<br>El&nbsp;<strong>Festival Neorama<\/strong>&nbsp;cuenta con el respaldo de la Junta de Andaluc\u00eda, el Ayuntamiento de Granada, la Diputaci\u00f3n de Granada, Sabor Granada, Patronato de la Alhambra y Generalife,&nbsp; Fundaci\u00f3n \u201cla Caixa\u201d, los Ministerios de Cultura y Educaci\u00f3n, y el patrocinio institucional de la Comisi\u00f3n Nacional Espa\u00f1ola de Cooperaci\u00f3n con la UNESCO adem\u00e1s de todas las CCAA y entidades colaboradoras.<br>* todas las&nbsp;<strong>actividades y conciertos&nbsp;<\/strong>programados dentro del marco de&nbsp;<strong>Neorama 2026&nbsp;<\/strong>son de&nbsp;<strong>acceso gratuito hasta completar aforo<\/strong>. Debido a las limitaciones de espacio de los entornos patrimoniales y con el fin de garantizar una experiencia \u00f3ptima y segura para el p\u00fablico, es imprescindible realizar la&nbsp;<strong>reserva previa de localidades<\/strong>. Los interesados ya pueden asegurar su entrada libre de costes a trav\u00e9s de la p\u00e1gina web oficial del festival :<br><a href=\"https:\/\/www.email-index.com\/click.php?L=T4q4jTtrxPIVJ7633Eflk9Qw&amp;J=iCB763GGO5zIpQGkslrKb0vg&amp;C=hp6Ya5ylU4KLvC5OFnj1cw&amp;F=HKFRcCbcnmxmc4f43DJP5g\" target=\"_blank\" rel=\"noopener\">www.festivalneorama.es<\/a><br><br>FOTO AL PIE: acto rueda de prensa de Motril con Andrea Gonz\u00e1lez, Presidenta de Juventudes Musicales de Espa\u00f1a y directora de Neorama junto a Miguel Mu\u00f1oz, Concejal de Cultura del Ayuntamiento de Motril, Luis Barbero, producci\u00f3n de Neorama y Antonio Peralta, Presidente Juventudes&nbsp;Musicales de Motril<br>&nbsp;&nbsp;&nbsp;<\/td><\/tr><tr><td>                                       <img decoding=\"async\" width=\"580\" src=\"https:\/\/ci3.googleusercontent.com\/meips\/ADKq_NYkL0ysvqBsdrKfJ7-kTWoMX46EXFWllsO7PUf32kJWHPX9LgaGJ6ocuXseJvqO-N43_vJwy2120P4xegd2WD4S1Nm0LrTVs4u955wLZhjT9pYuYQeHkJKKrWxPCP0uG_Ic-e8YXWmqwEVs7TrPFkoa06P-CQPdAUof5wUjWT_SMY_yRVK3f4SBk4PSMJ8=s0-d-e1-ft#https:\/\/cdn-apps.acrelia.com\/uploads\/user\/PqFbPGOtiy616bIn9GXSxw\/neorama\/captura-de-pantalla-2026-09-02-a-las-115319.jpg\" alt=\"\"><\/td><\/tr><tr><td>                                                   <img decoding=\"async\" width=\"580\" src=\"https:\/\/ci3.googleusercontent.com\/meips\/ADKq_NYUq2N6m9ZFReLzW5w6uQJOMLIkknM3LbZ3YbJF5W0P-lTNuLYDQvZyYxdkxjqFW0xV4wIzTkpAkX15dZCrYOBKV6G-Zo3qyUCZeCIrpArtwWfCtH-tevh5obcAOs2RQmoOK4q9wq2q2d7BVMbkhK7rceR_BasMUSCQm0eX3A=s0-d-e1-ft#https:\/\/cdn-apps.acrelia.com\/uploads\/user\/PqFbPGOtiy616bIn9GXSxw\/neorama\/pe-de-logos-general-neorama.jpg\" alt=\"\"><\/td><\/tr><\/tbody><\/table><\/figure>\n","protected":false},"excerpt":{"rendered":"<p>&nbsp; \u00a0\u00a0\u00a0 \u00a0 &nbsp;&nbsp;&nbsp;&nbsp;Ma\u00f1ana arranca Neorama en Granada con el concierto exclusivo de la JM&#8230;<\/p>\n","protected":false},"author":12,"featured_media":75854,"comment_status":"open","ping_status":"open","sticky":false,"template":"","format":"standard","meta":{"advanced_seo_description":"","jetpack_seo_html_title":"","jetpack_seo_noindex":false,"jetpack_seo_schema_type":"","_jetpack_newsletter_access":"","_jetpack_dont_email_post_to_subs":false,"_jetpack_newsletter_tier_id":0,"_jetpack_memberships_contains_paywalled_content":false,"_jetpack_feature_clip_id":0,"_jetpack_memberships_contains_paid_content":false,"footnotes":"","jetpack_post_was_ever_published":false},"categories":[51],"tags":[],"class_list":["post-75852","post","type-post","status-publish","format-standard","has-post-thumbnail","hentry","category-musica"],"jetpack_sharing_enabled":true,"jetpack-related-posts":[],"amp_enabled":true,"jetpack_featured_media_url":"https:\/\/lagacetadealmeria.com\/wp-content\/uploads\/2026\/09\/Neorama.jpg","_links":{"self":[{"href":"https:\/\/lagacetadealmeria.com\/index.php?rest_route=\/wp\/v2\/posts\/75852","targetHints":{"allow":["GET"]}}],"collection":[{"href":"https:\/\/lagacetadealmeria.com\/index.php?rest_route=\/wp\/v2\/posts"}],"about":[{"href":"https:\/\/lagacetadealmeria.com\/index.php?rest_route=\/wp\/v2\/types\/post"}],"author":[{"embeddable":true,"href":"https:\/\/lagacetadealmeria.com\/index.php?rest_route=\/wp\/v2\/users\/12"}],"replies":[{"embeddable":true,"href":"https:\/\/lagacetadealmeria.com\/index.php?rest_route=%2Fwp%2Fv2%2Fcomments&post=75852"}],"version-history":[{"count":1,"href":"https:\/\/lagacetadealmeria.com\/index.php?rest_route=\/wp\/v2\/posts\/75852\/revisions"}],"predecessor-version":[{"id":75855,"href":"https:\/\/lagacetadealmeria.com\/index.php?rest_route=\/wp\/v2\/posts\/75852\/revisions\/75855"}],"wp:featuredmedia":[{"embeddable":true,"href":"https:\/\/lagacetadealmeria.com\/index.php?rest_route=\/wp\/v2\/media\/75854"}],"wp:attachment":[{"href":"https:\/\/lagacetadealmeria.com\/index.php?rest_route=%2Fwp%2Fv2%2Fmedia&parent=75852"}],"wp:term":[{"taxonomy":"category","embeddable":true,"href":"https:\/\/lagacetadealmeria.com\/index.php?rest_route=%2Fwp%2Fv2%2Fcategories&post=75852"},{"taxonomy":"post_tag","embeddable":true,"href":"https:\/\/lagacetadealmeria.com\/index.php?rest_route=%2Fwp%2Fv2%2Ftags&post=75852"}],"curies":[{"name":"wp","href":"https:\/\/api.w.org\/{rel}","templated":true}]}}