                {"id":75856,"date":"2026-09-02T11:22:47","date_gmt":"2026-09-02T11:22:47","guid":{"rendered":"https:\/\/lagacetadealmeria.com\/?p=75856"},"modified":"2026-09-02T11:22:48","modified_gmt":"2026-09-02T11:22:48","slug":"asociaciones-de-comerciantes-se-interesan-por-las-practicas-profesionales-para-cubrir-sus-necesidades-de-contratacion-y-relevo-generacional","status":"publish","type":"post","link":"https:\/\/lagacetadealmeria.com\/?p=75856","title":{"rendered":"Asociaciones de comerciantes se interesan por las pr\u00e1cticas profesionales para cubrir sus necesidades de contrataci\u00f3n y relevo generacional"},"content":{"rendered":"\n<p class=\"wp-block-paragraph\">El delegado de Empleo se\u00f1ala \u201cel papel de la Junta de Andaluc\u00eda como punto de contacto para cubrir las necesidades de personal de las empresas y de las personas que buscan trabajo\u201d<\/p>\n\n\n\n<p class=\"wp-block-paragraph\">El delegado territorial de Empleo, Empresa y Trabajo Aut\u00f3nomo y de Inteligencia Artificial, Desarrollo Digital y Administraci\u00f3n P\u00fablica, Am\u00f3s Garc\u00eda Hueso, ha mantenido un encuentro de trabajo con representantes de las asociaciones de comerciantes de la provincia de Almer\u00eda y de las entidades que gestionan el programa Experiencias Profesionales para el Empleo (EPES), que proporciona pr\u00e1cticas en empresas a personas desempleadas, con la finalidad de poner en contacto a empresas comerciales que necesitan personal con entidades que trabajan en la inserci\u00f3n laboral.<\/p>\n\n\n\n<p class=\"wp-block-paragraph\">\u201cEsta reuni\u00f3n ha servido para que las asociaciones de comerciantes de la provincia expongan sus necesidades de contrataci\u00f3n y de relevo generacional en sus negocios e inicien posibles colaboraciones que las entidades que gestionan en nuestra provincia el programa de pr\u00e1cticas profesionales en empresas EPES del Servicio Andaluz de Empleo (SAE). De esta forma, cumplimos el doble objetivo de impulsar la inserci\u00f3n laboral de las personas que participan en EPES y de cubrir las necesidades de personal de nuestros comercios, mejorando as\u00ed su competitividad\u201d, ha explicado Am\u00f3s Garc\u00eda.<\/p>\n\n\n\n<p class=\"wp-block-paragraph\">\u201cLas administraciones p\u00fablicas tenemos que servir de puente, de nexo de uni\u00f3n entre las empresas que quieren contratar y las personas que quieren trabajar. En este caso, contamos con el programa EPES que sirve para facilitar una experiencia laboral a personas desempleadas de colectivos con dificultades de acceso al empleo, como personas con discapacidad, en riesgo de exclusi\u00f3n social o minor\u00edas \u00e9tnicas; as\u00ed conseguimos romper el c\u00edrculo vicioso de no conseguir un puesto de trabajo por carecer de experiencia laboral\u201d, ha a\u00f1adido el responsable provincial de Empleo.<\/p>\n\n\n\n<p class=\"wp-block-paragraph\">Los representantes de las asociaciones de comerciantes y de las entidades gestoras del programa EPES en la provincia han valorado positivamente esta reuni\u00f3n de trabajo y han intercambiado informaci\u00f3n y datos de contacto. El delegado territorial les ha agradecido su participaci\u00f3n e inter\u00e9s y les ha animado a \u201cmantener una comunicaci\u00f3n fluida y permanente para generar sinergias en beneficio mutuo de las empresas comerciales y las personas que quieren trabajar\u201d.<\/p>\n\n\n\n<p class=\"wp-block-paragraph\">El programa EPES facilita pr\u00e1cticas profesionales no laborales en empresas de tres de duraci\u00f3n y tutorizaci\u00f3n individualizada y grupal a personas desempleadas de colectivos vulnerables como v\u00eda para mejorar su emplealbidad. Am\u00f3s Garc\u00eda ha destacado \u201cel buen funcionamiento y resultados de este programa en nuestra provincia, superando en cada edici\u00f3n los objetivos marcados. Por este motivo, en la actual convocatoria en desarrollo hemos reforzado el programa con 2,18 millones de presupuesto para llegar a 880 personas, un 56% m\u00e1s que en la anterior edici\u00f3n\u201d.<\/p>\n\n\n\n<p class=\"wp-block-paragraph\">Por otra parte, el delegado territorial ha recordado las principales medidas dirigidas a respaldar el sector comercial, como los incentivos a su digitalizaci\u00f3n y modernizaci\u00f3n, las ayudas a proyectos de ayuntamientos y asociaciones de esta actividad para mejorar la competitividad del comercio y facilitar su adaptaci\u00f3n a los retos que suponen los cambios en los h\u00e1bitos de compra&nbsp; o la competencia de las grandes superficies.<\/p>\n\n\n\n<p class=\"wp-block-paragraph\">Asimismo, ha explicado a las asociaciones de comerciantes presentes en la reuni\u00f3n otras nuevas medidas incluidas en el Plan Integral de Fomento del Comercio en Andaluc\u00eda como una nueva l\u00ednea de fomento del emprendimiento y continuidad de los negocios, con incentivos para crear empresas o p\u00edldoras informativas de cultura emprendedora y relevo generacional; medidas de dinamizaci\u00f3n de zonas comerciales e impulso del turismo de compras, el comercio rural y el comercio mayorista, adem\u00e1s de organizaci\u00f3n de encuentros y campa\u00f1as de sensibilizaci\u00f3n sobre comercio; el impulso de la integraci\u00f3n de las TIC para abrir nuevas v\u00edas de comercializaci\u00f3n y el fomento de actuaciones de protecci\u00f3n del medio ambiente y de reducci\u00f3n del consumo energ\u00e9tico en el comercio; ayudas para proyectos de soluciones de sostenibilidad y eficiencia energ\u00e9tica y cursos para mantener los conocimientos del personal trabajador actualizados.<\/p>\n\n\n\n<p class=\"wp-block-paragraph\">Adem\u00e1s, desde la Consejer\u00eda de Empleo, Empresa y Trabajo Aut\u00f3nomo continuar\u00e1 poni\u00e9ndose en valor p\u00fablicamente el sector comercial y su aportaci\u00f3n a la cohesi\u00f3n social, el empleo y la econom\u00eda con actuaciones como el D\u00eda del Comercio en Andaluc\u00eda, los Premios Andaluc\u00eda de Comercio, congresos o estudios.<\/p>\n\n\n\n<figure class=\"wp-block-gallery has-nested-images columns-default is-cropped wp-block-gallery-1 is-layout-flex wp-block-gallery-is-layout-flex\">\n<figure class=\"wp-block-image size-large\"><img fetchpriority=\"high\" decoding=\"async\" width=\"700\" height=\"312\" data-id=\"75857\" src=\"https:\/\/lagacetadealmeria.com\/wp-content\/uploads\/2026\/09\/Reunion-asociaciones-comerciantes-practicas-EPES-III.jpg\" alt=\"\" class=\"wp-image-75857\" srcset=\"https:\/\/lagacetadealmeria.com\/wp-content\/uploads\/2026\/09\/Reunion-asociaciones-comerciantes-practicas-EPES-III.jpg 700w, https:\/\/lagacetadealmeria.com\/wp-content\/uploads\/2026\/09\/Reunion-asociaciones-comerciantes-practicas-EPES-III-300x134.jpg 300w\" sizes=\"(max-width: 700px) 100vw, 700px\" \/><\/figure>\n\n\n\n<figure class=\"wp-block-image size-large\"><img decoding=\"async\" width=\"700\" height=\"352\" data-id=\"75858\" src=\"https:\/\/lagacetadealmeria.com\/wp-content\/uploads\/2026\/09\/Reunion-asociaciones-comerciantes-practicas-EPES-I.jpg\" alt=\"\" class=\"wp-image-75858\" srcset=\"https:\/\/lagacetadealmeria.com\/wp-content\/uploads\/2026\/09\/Reunion-asociaciones-comerciantes-practicas-EPES-I.jpg 700w, https:\/\/lagacetadealmeria.com\/wp-content\/uploads\/2026\/09\/Reunion-asociaciones-comerciantes-practicas-EPES-I-300x151.jpg 300w\" sizes=\"(max-width: 700px) 100vw, 700px\" \/><\/figure>\n\n\n\n<figure class=\"wp-block-image size-large\"><img decoding=\"async\" width=\"700\" height=\"478\" data-id=\"75859\" src=\"https:\/\/lagacetadealmeria.com\/wp-content\/uploads\/2026\/09\/Reunion-asociaciones-comerciantes-practicas-EPES-II.jpg\" alt=\"\" class=\"wp-image-75859\" srcset=\"https:\/\/lagacetadealmeria.com\/wp-content\/uploads\/2026\/09\/Reunion-asociaciones-comerciantes-practicas-EPES-II.jpg 700w, https:\/\/lagacetadealmeria.com\/wp-content\/uploads\/2026\/09\/Reunion-asociaciones-comerciantes-practicas-EPES-II-300x205.jpg 300w\" sizes=\"(max-width: 700px) 100vw, 700px\" \/><\/figure>\n<\/figure>\n","protected":false},"excerpt":{"rendered":"<p>El delegado de Empleo se\u00f1ala \u201cel papel de la Junta de Andaluc\u00eda como punto de&#8230;<\/p>\n","protected":false},"author":12,"featured_media":75857,"comment_status":"open","ping_status":"open","sticky":false,"template":"","format":"standard","meta":{"advanced_seo_description":"","jetpack_seo_html_title":"","jetpack_seo_noindex":false,"jetpack_seo_schema_type":"","_jetpack_newsletter_access":"","_jetpack_dont_email_post_to_subs":false,"_jetpack_newsletter_tier_id":0,"_jetpack_memberships_contains_paywalled_content":false,"_jetpack_feature_clip_id":0,"_jetpack_memberships_contains_paid_content":false,"footnotes":"","jetpack_post_was_ever_published":false},"categories":[61],"tags":[],"class_list":["post-75856","post","type-post","status-publish","format-standard","has-post-thumbnail","hentry","category-empresa"],"jetpack_sharing_enabled":true,"jetpack-related-posts":[],"amp_enabled":true,"jetpack_featured_media_url":"https:\/\/lagacetadealmeria.com\/wp-content\/uploads\/2026\/09\/Reunion-asociaciones-comerciantes-practicas-EPES-III.jpg","_links":{"self":[{"href":"https:\/\/lagacetadealmeria.com\/index.php?rest_route=\/wp\/v2\/posts\/75856","targetHints":{"allow":["GET"]}}],"collection":[{"href":"https:\/\/lagacetadealmeria.com\/index.php?rest_route=\/wp\/v2\/posts"}],"about":[{"href":"https:\/\/lagacetadealmeria.com\/index.php?rest_route=\/wp\/v2\/types\/post"}],"author":[{"embeddable":true,"href":"https:\/\/lagacetadealmeria.com\/index.php?rest_route=\/wp\/v2\/users\/12"}],"replies":[{"embeddable":true,"href":"https:\/\/lagacetadealmeria.com\/index.php?rest_route=%2Fwp%2Fv2%2Fcomments&post=75856"}],"version-history":[{"count":1,"href":"https:\/\/lagacetadealmeria.com\/index.php?rest_route=\/wp\/v2\/posts\/75856\/revisions"}],"predecessor-version":[{"id":75861,"href":"https:\/\/lagacetadealmeria.com\/index.php?rest_route=\/wp\/v2\/posts\/75856\/revisions\/75861"}],"wp:featuredmedia":[{"embeddable":true,"href":"https:\/\/lagacetadealmeria.com\/index.php?rest_route=\/wp\/v2\/media\/75857"}],"wp:attachment":[{"href":"https:\/\/lagacetadealmeria.com\/index.php?rest_route=%2Fwp%2Fv2%2Fmedia&parent=75856"}],"wp:term":[{"taxonomy":"category","embeddable":true,"href":"https:\/\/lagacetadealmeria.com\/index.php?rest_route=%2Fwp%2Fv2%2Fcategories&post=75856"},{"taxonomy":"post_tag","embeddable":true,"href":"https:\/\/lagacetadealmeria.com\/index.php?rest_route=%2Fwp%2Fv2%2Ftags&post=75856"}],"curies":[{"name":"wp","href":"https:\/\/api.w.org\/{rel}","templated":true}]}}