                {"id":75862,"date":"2026-09-02T11:26:21","date_gmt":"2026-09-02T11:26:21","guid":{"rendered":"https:\/\/lagacetadealmeria.com\/?p=75862"},"modified":"2026-09-02T11:26:22","modified_gmt":"2026-09-02T11:26:22","slug":"la-consejeria-de-agricultura-refuerza-el-apoyo-a-la-agroindustria-con-una-nueva-secretaria-general","status":"publish","type":"post","link":"https:\/\/lagacetadealmeria.com\/?p=75862","title":{"rendered":"La Consejer\u00eda de Agricultura refuerza el apoyo a la agroindustria con una nueva Secretar\u00eda General"},"content":{"rendered":"\n<p class=\"wp-block-paragraph\">Ram\u00f3n Fern\u00e1ndez-Pacheco mantiene una reuni\u00f3n de trabajo con representantes de Landaluz, Cooperativas Agro-alimentarias y CEA<\/p>\n\n\n\n<p class=\"wp-block-paragraph\">La Consejer\u00eda de Agricultura, Pesca, Agua y Desarrollo Rural ha reforzado el apoyo al sector de la industria agroalimentaria con la creaci\u00f3n de una nueva Secretar\u00eda General&nbsp;de Industrias Agroalimentarias, \u201cuna decisi\u00f3n que refleja el peso estrat\u00e9gico de esta actividad para el presente y el futuro econ\u00f3mico de Andaluc\u00eda\u201d.<\/p>\n\n\n\n<p class=\"wp-block-paragraph\">As\u00ed lo ha indicado el consejero de Agricultura, Pesca, Agua y Desarrollo Rural, Ram\u00f3n Fern\u00e1ndez-Pacheco, ha mantenido hoy una reuni\u00f3n de trabajo con representantes del Cl\u00faster Agroalimentario de Andaluc\u00eda&nbsp;(Landaluz), Cooperativas Agro-alimentarias&nbsp;de Andaluc\u00eda&nbsp;y la Confederaci\u00f3n de Empresarios de Andaluc\u00eda (CEA), dentro de la interlocuci\u00f3n permanente que la Junta mantiene con el sector.<\/p>\n\n\n\n<p class=\"wp-block-paragraph\">Fern\u00e1ndez-Pacheco ha destacado que la industria agroalimentaria constituye \u201cun eslab\u00f3n esencial en la cadena alimentaria\u201d y ha subrayado su importancia econ\u00f3mica y social para Andaluc\u00eda. La comunidad cuenta con cerca de 5.800 industrias agroalimentarias, que representan el 19% de las industrias de la regi\u00f3n y generan el 18% del Valor A\u00f1adido Bruto (VAB) industrial, adem\u00e1s del 24,3% del empleo industrial.<\/p>\n\n\n\n<p class=\"wp-block-paragraph\">\u201cEstamos hablando de un pilar socioecon\u00f3mico y estrat\u00e9gico de primer orden para Andaluc\u00eda\u201d, ha se\u00f1alado el consejero, quien ha defendido que el Gobierno andaluz va a seguir acompa\u00f1ando al sector para que pueda afrontar los retos y aprovechar las oportunidades que tiene por delante.<\/p>\n\n\n\n<p class=\"wp-block-paragraph\">En este sentido, ha explicado que la creaci\u00f3n de la nueva Secretar\u00eda General de Industrias Agroalimentarias demuestra el \u201capoyo inequ\u00edvoco\u201d de esta Consejer\u00eda al sector agroindustrial, un eslab\u00f3n esencial en la cadena alimentaria.<\/p>\n\n\n\n<p class=\"wp-block-paragraph\">\u201cPonemos la estructura de la Consejer\u00eda al servicio de la realidad y de las necesidades del sector\u201d, ha afirmado Fern\u00e1ndez-Pacheco, que ha se\u00f1alado entre los objetivos de esta nueva estructura el refuerzo del acompa\u00f1amiento a las empresas, el impulso de la innovaci\u00f3n y la digitalizaci\u00f3n, el favorecimiento de la inversi\u00f3n y la defensa del \u201cenorme potencial\u201d de la agroindustria andaluza.<\/p>\n\n\n\n<p class=\"wp-block-paragraph\">Durante el encuentro, el consejero y los representantes del sector se van a abordar algunos de los principales asuntos que marcar\u00e1n la pol\u00edtica de apoyo a la industria agroalimentaria durante la nueva legislatura.<\/p>\n\n\n\n<p class=\"wp-block-paragraph\">Entre ellos se encuentra la Primera Estrategia de la Industria Agroalimentaria Andaluza (Horizonte 2030), actualmente en proceso de elaboraci\u00f3n y que la Consejer\u00eda est\u00e1 ultimando junto a los agentes econ\u00f3micos y sociales m\u00e1s representativos y en continua colaboraci\u00f3n con la Consejer\u00eda competente en materia de Industria.<\/p>\n\n\n\n<p class=\"wp-block-paragraph\"><strong>Cooperaci\u00f3n<\/strong><\/p>\n\n\n\n<p class=\"wp-block-paragraph\">Por su parte, Luis Pic\u00f3n, director de Relaciones Institucionales de la CEA, ha destacado la importancia de mantener la interlocuci\u00f3n con el Gobierno andaluz ante los \u201cgrandes retos que tenemos ahora mismo\u201d. \u201cNo podemos olvidar que la Guerra de Ucrania no ha acabado a\u00fan, que el Estrecho de Ormuz sigue cerrado y que las empresas siguen manifestando que tienen algunos problemas relativos a contar con personal cualificado para acceder a los trabajos\u201d, ha comentado Pic\u00f3n, quien ha reafirmado su disposici\u00f3n a \u201cseguir trabajando conjuntamente con la Consejer\u00eda para afrontarlos desde el di\u00e1logo y la colaboraci\u00f3n, como siempre\u201d.<\/p>\n\n\n\n<p class=\"wp-block-paragraph\">Jaime Mart\u00ednez-Conradi, director general de Cooperativas Agro-alimentarias de Andaluc\u00eda, ha puesto en valor que m\u00e1s del 50% de la producci\u00f3n de las industrias agroalimentarias andaluzas est\u00e1 ligada a este tipo de empresas. \u201cEl 60% de la facturaci\u00f3n de la agroindustria de Andaluc\u00eda est\u00e1 en un modelo cooperativo\u201d, ha remarcado Mart\u00ednez-Conradi, apuntando que estas empresas \u201cest\u00e1n ligadas al territorio, no se pueden deslocalizar y generan riqueza y empleo en las zonas donde se ubican\u201d.<\/p>\n\n\n\n<p class=\"wp-block-paragraph\">Por \u00faltimo, Miguel \u00c1ngel Jim\u00e9nez, secretario general de Landaluz, ha valorado muy positivamente \u201cel peso pol\u00edtico que se da a la industria agroalimentaria con la creaci\u00f3n de la Secretar\u00eda General\u201d y ha hecho hincapi\u00e9 en que esta entidad \u201cseguir\u00e1 apostando por este sector que es fundamental para Andaluc\u00eda\u201d. Al respecto, ha remarcado que se trata de \u201cla primera industria de la regi\u00f3n, la agroindustria m\u00e1s grande de Espa\u00f1a y l\u00edder en exportaciones\u201d.<\/p>\n\n\n\n<figure class=\"wp-block-gallery has-nested-images columns-default is-cropped wp-block-gallery-1 is-layout-flex wp-block-gallery-is-layout-flex\">\n<figure class=\"wp-block-image size-large\"><img fetchpriority=\"high\" decoding=\"async\" width=\"700\" height=\"466\" data-id=\"75863\" src=\"https:\/\/lagacetadealmeria.com\/wp-content\/uploads\/2026\/09\/reunion-agroindustria-1.jpg\" alt=\"\" class=\"wp-image-75863\" srcset=\"https:\/\/lagacetadealmeria.com\/wp-content\/uploads\/2026\/09\/reunion-agroindustria-1.jpg 700w, https:\/\/lagacetadealmeria.com\/wp-content\/uploads\/2026\/09\/reunion-agroindustria-1-300x200.jpg 300w\" sizes=\"(max-width: 700px) 100vw, 700px\" \/><\/figure>\n\n\n\n<figure class=\"wp-block-image size-large\"><img decoding=\"async\" width=\"700\" height=\"471\" data-id=\"75864\" src=\"https:\/\/lagacetadealmeria.com\/wp-content\/uploads\/2026\/09\/reunion-agroindustria-2.jpg\" alt=\"\" class=\"wp-image-75864\" srcset=\"https:\/\/lagacetadealmeria.com\/wp-content\/uploads\/2026\/09\/reunion-agroindustria-2.jpg 700w, https:\/\/lagacetadealmeria.com\/wp-content\/uploads\/2026\/09\/reunion-agroindustria-2-300x202.jpg 300w\" sizes=\"(max-width: 700px) 100vw, 700px\" \/><\/figure>\n<\/figure>\n","protected":false},"excerpt":{"rendered":"<p>Ram\u00f3n Fern\u00e1ndez-Pacheco mantiene una reuni\u00f3n de trabajo con representantes de Landaluz, Cooperativas Agro-alimentarias y CEA&#8230;<\/p>\n","protected":false},"author":12,"featured_media":75864,"comment_status":"open","ping_status":"open","sticky":false,"template":"","format":"standard","meta":{"advanced_seo_description":"","jetpack_seo_html_title":"","jetpack_seo_noindex":false,"jetpack_seo_schema_type":"","_jetpack_newsletter_access":"","_jetpack_dont_email_post_to_subs":false,"_jetpack_newsletter_tier_id":0,"_jetpack_memberships_contains_paywalled_content":false,"_jetpack_feature_clip_id":0,"_jetpack_memberships_contains_paid_content":false,"footnotes":"","jetpack_post_was_ever_published":false},"categories":[23],"tags":[],"class_list":["post-75862","post","type-post","status-publish","format-standard","has-post-thumbnail","hentry","category-andalucia"],"jetpack_sharing_enabled":true,"jetpack-related-posts":[],"amp_enabled":true,"jetpack_featured_media_url":"https:\/\/lagacetadealmeria.com\/wp-content\/uploads\/2026\/09\/reunion-agroindustria-2.jpg","_links":{"self":[{"href":"https:\/\/lagacetadealmeria.com\/index.php?rest_route=\/wp\/v2\/posts\/75862","targetHints":{"allow":["GET"]}}],"collection":[{"href":"https:\/\/lagacetadealmeria.com\/index.php?rest_route=\/wp\/v2\/posts"}],"about":[{"href":"https:\/\/lagacetadealmeria.com\/index.php?rest_route=\/wp\/v2\/types\/post"}],"author":[{"embeddable":true,"href":"https:\/\/lagacetadealmeria.com\/index.php?rest_route=\/wp\/v2\/users\/12"}],"replies":[{"embeddable":true,"href":"https:\/\/lagacetadealmeria.com\/index.php?rest_route=%2Fwp%2Fv2%2Fcomments&post=75862"}],"version-history":[{"count":1,"href":"https:\/\/lagacetadealmeria.com\/index.php?rest_route=\/wp\/v2\/posts\/75862\/revisions"}],"predecessor-version":[{"id":75865,"href":"https:\/\/lagacetadealmeria.com\/index.php?rest_route=\/wp\/v2\/posts\/75862\/revisions\/75865"}],"wp:featuredmedia":[{"embeddable":true,"href":"https:\/\/lagacetadealmeria.com\/index.php?rest_route=\/wp\/v2\/media\/75864"}],"wp:attachment":[{"href":"https:\/\/lagacetadealmeria.com\/index.php?rest_route=%2Fwp%2Fv2%2Fmedia&parent=75862"}],"wp:term":[{"taxonomy":"category","embeddable":true,"href":"https:\/\/lagacetadealmeria.com\/index.php?rest_route=%2Fwp%2Fv2%2Fcategories&post=75862"},{"taxonomy":"post_tag","embeddable":true,"href":"https:\/\/lagacetadealmeria.com\/index.php?rest_route=%2Fwp%2Fv2%2Ftags&post=75862"}],"curies":[{"name":"wp","href":"https:\/\/api.w.org\/{rel}","templated":true}]}}