                {"id":75867,"date":"2026-09-02T11:30:48","date_gmt":"2026-09-02T11:30:48","guid":{"rendered":"https:\/\/lagacetadealmeria.com\/?p=75867"},"modified":"2026-09-02T11:30:49","modified_gmt":"2026-09-02T11:30:49","slug":"csif-advierte-de-que-el-repunte-del-paro-en-agosto-vuelve-a-evidenciar-la-estacionalidad-del-mercado-laboral","status":"publish","type":"post","link":"https:\/\/lagacetadealmeria.com\/?p=75867","title":{"rendered":"CSIF advierte de que el repunte del paro en agosto vuelve a evidenciar la estacionalidad del mercado laboral"},"content":{"rendered":"\n<p class=\"wp-block-paragraph\">\u00b7&nbsp;&nbsp;&nbsp;&nbsp;&nbsp;&nbsp;&nbsp;&nbsp;&nbsp;&nbsp;El sindicato valora que Almer\u00eda mantiene el desempleo por debajo de las 40.000 personas y registra 3.764 parados menos que hace un a\u00f1o, pero reclama un modelo productivo capaz de generar empleo estable durante todo el a\u00f1o<\/p>\n\n\n\n<figure class=\"wp-block-audio\"><audio controls src=\"https:\/\/lagacetadealmeria.com\/wp-content\/uploads\/2026\/09\/Valoracion-datos-paro-agosto-Aima-Serrano-presidenta-CSIF-Almeria.mp3\"><\/audio><\/figure>\n\n\n\n<p class=\"wp-block-paragraph\">La Central Sindical Independiente y de Funcionarios (CSIF) de Almer\u00eda que la provincia mantiene en agosto la cifra de desempleo por debajo de las 40.000 personas, aunque advierte de que el incremento registrado durante este mes vuelve a poner de manifiesto el marcado car\u00e1cter estacional del mercado laboral almeriense. Seg\u00fan los \u00faltimos datos del Servicio P\u00fablico de Empleo Estatal (SEPE), Almer\u00eda cuenta con 39.773 personas desempleadas, 384 m\u00e1s que en julio, lo que supone un aumento mensual del 0,97%.<\/p>\n\n\n\n<p class=\"wp-block-paragraph\">CSIF considera, no obstante, que la evoluci\u00f3n interanual contin\u00faa siendo positiva, ya que la provincia registra 3.764 personas desempleadas menos que hace un a\u00f1o, un descenso del 8,65%. Estos datos demuestran que se ha producido una reducci\u00f3n importante del desempleo durante los \u00faltimos doce meses, pero el repunte de agosto evidencia que todav\u00eda existe una fuerte dependencia de las campa\u00f1as y de determinadas \u00e9pocas del a\u00f1o.<\/p>\n\n\n\n<p class=\"wp-block-paragraph\">De hecho, despu\u00e9s de cuatro meses consecutivos de descensos, con reducciones especialmente significativas en abril, mayo y junio, el paro vuelve a aumentar en agosto. El incremento se concentra fundamentalmente en el sector servicios, que suma 362 personas desempleadas respecto a julio, mientras que tambi\u00e9n aumenta el desempleo en construcci\u00f3n (+80), en el colectivo sin empleo anterior (+43) y en industria (+17). Por el contrario, la agricultura registra un descenso de 118 personas desempleadas.<\/p>\n\n\n\n<p class=\"wp-block-paragraph\">La estructura del desempleo provincial contin\u00faa estando claramente condicionada por el sector servicios, que concentra 25.970 personas desempleadas, aproximadamente el 65% del total. Le siguen las personas sin empleo anterior, con 5.030, la agricultura, con 3.646, la construcci\u00f3n, con 3.521, y la industria, con 1.606.<\/p>\n\n\n\n<p class=\"wp-block-paragraph\">Para la Central Sindical, esta distribuci\u00f3n vuelve a poner sobre la mesa la necesidad de avanzar hacia un modelo econ\u00f3mico m\u00e1s diversificado, que reduzca la dependencia de la temporalidad y de las campa\u00f1as estacionales y permita generar oportunidades laborales estables a lo largo de todo el a\u00f1o. CSIF considera positivo que el desempleo se encuentre claramente por debajo del registrado hace un a\u00f1o, pero insiste en que la verdadera recuperaci\u00f3n del mercado laboral debe medirse tambi\u00e9n por la calidad, estabilidad y duraci\u00f3n de los empleos que se generan.<\/p>\n\n\n\n<p class=\"wp-block-paragraph\">El desempleo juvenil sigue siendo otro de los retos pendientes. En agosto, Almer\u00eda contabiliza 3.350 personas menores de 25 a\u00f1os en situaci\u00f3n de desempleo, de las que 1.760 son hombres y 1.590 mujeres. Por ello, CSIF reclama que las pol\u00edticas activas de empleo incorporen medidas eficaces que faciliten el acceso de los j\u00f3venes a su primer puesto de trabajo y, especialmente, que permitan consolidar trayectorias profesionales estables.<\/p>\n\n\n\n<p class=\"wp-block-paragraph\">Asimismo, la Central Sindical considera fundamental seguir reforzando el empleo p\u00fablico y los servicios p\u00fablicos esenciales, con plantillas suficientes y empleo estable en \u00e1mbitos como la sanidad, la educaci\u00f3n, la justicia y el conjunto de las administraciones p\u00fablicas. Fortalecer estos servicios no solo garantiza una mejor atenci\u00f3n a la ciudadan\u00eda, sino que contribuye tambi\u00e9n a generar empleo de calidad y a fijar poblaci\u00f3n.<\/p>\n\n\n\n<p class=\"wp-block-paragraph\">No basta con que el desempleo baje durante determinados meses; Almer\u00eda debe ser capaz de generar empleo estable y de calidad durante todo el a\u00f1o. Los datos de agosto recuerdan que la provincia almeriense todav\u00eda tiene una asignatura pendiente con la estacionalidad y con la diversificaci\u00f3n del mercado laboral.<\/p>\n\n\n\n<p class=\"wp-block-paragraph\">Como explica&nbsp;<strong>la presidenta del sindicato, Aima Serrano,<\/strong>&nbsp;hay que valorar positivamente que \u201cla provincia mantenga el desempleo por debajo de las 40.000 personas y, sobre todo, que tengamos 3.764 desempleados menos que hace un a\u00f1o, lo que supone un descenso interanual del 8,65%\u201d. Sin embargo, \u201clos datos de agosto tambi\u00e9n nos obligan a ser prudentes, puesto que el paro ha aumentado en 384 personas respecto a julio, rompiendo la tendencia descendente de los \u00faltimos meses\u201d.<\/p>\n\n\n\n<p class=\"wp-block-paragraph\">Para la presidenta, \u201ceste repunte vuelve a poner de manifiesto que nuestro mercado laboral contin\u00faa estando muy condicionado por la estacionalidad. Almer\u00eda necesita seguir avanzando hacia un modelo productivo m\u00e1s diversificado, capaz de generar empleo estable y de calidad durante todo el a\u00f1o, y tambi\u00e9n reforzar el empleo p\u00fablico y unos servicios p\u00fablicos con plantillas suficientes\u201d. Los datos interanuales son positivos, pero \u201cel reto sigue siendo consolidar esa reducci\u00f3n del desempleo y convertirla en estabilidad laboral\u201d.<\/p>\n\n\n\n<p class=\"wp-block-paragraph\"><strong>Desde una perspectiva auton\u00f3mica,<\/strong>&nbsp;CSIF tambi\u00e9n lamenta la subida del paro en Andaluc\u00eda en 3.394 en agosto respecto al mes anterior y que se rompa la tendencia a la baja en la cifra de personas sin empleo de los \u00faltimos cuatro meses, cuando la comunidad ha liderado la ca\u00edda de las y los desempleados a nivel nacional.&nbsp;<\/p>\n\n\n\n<p class=\"wp-block-paragraph\">La Central Sindical se\u00f1ala que estos datos negativos publicados este martes por el Ministerio de Trabajo y Econom\u00eda Social, ponen de manifiesto \u201cla preocupante fragilidad estructural del mercado laboral andaluz que adolece de la creaci\u00f3n de empleo de calidad\u201d. Adem\u00e1s, \u201cel tejido laboral andaluz sigue evidenciando importantes debilidades que hay que afrontar con un cambio de rumbo en el modelo productivo actual y con el impulso de una estrategia pol\u00edtica bien definida que permita nuevos puestos de trabajo en \u00e1mbitos como la innovaci\u00f3n y la tecnolog\u00eda\u201d.<\/p>\n\n\n\n<p class=\"wp-block-paragraph\">CSIF insiste en que las administraciones deben reforzar el empleo en servicios esenciales como la sanidad o la educaci\u00f3n, que adem\u00e1s se traduce en una mejora de la atenci\u00f3n que se presta a la ciudadan\u00eda.<\/p>\n\n\n\n<p class=\"wp-block-paragraph\">El cambio de tendencia de la bajada del paro en los \u00faltimos meses y el incremento del desempleo registrado en agosto \u201cera de esperar tras la finalizaci\u00f3n de muchos de los contratos realizados en la \u00e9poca estival y que se repite cada a\u00f1o por estas fechas\u201d, apunta la Central Sindical, que califica de \u201cpenoso\u201d que el empleo de los andaluces y andaluzas depende de forma excesiva del sector servicios fruto de la estacionalidad.<\/p>\n\n\n\n<p class=\"wp-block-paragraph\">Aunque el turismo es la principal industria en Andaluc\u00eda y aporta grandes beneficios a la comunidad, \u201cconduce, en muchos casos, a la firma de contratos precarios y temporales propios de la estacionalidad\u201d.<\/p>\n\n\n\n<p class=\"wp-block-paragraph\">CSIF tambi\u00e9n destaca que en agosto se registraron 208.756 contratos en Andaluc\u00eda y de todos ellos, 130.271 fueron temporales, lo que supone el 62,4% del total, porcentaje que supera claramente al referido a los contratos indefinidos (78.485). Es necesario, adem\u00e1s, \u201cla puesta en marcha de pol\u00edticas de empleo destinadas a los j\u00f3venes, puesto que es el colectivo que sufre m\u00e1s la falta de oportunidades laborales, lo que se traduce en la fuga de talentos hacia el resto del pa\u00eds y al extranjero\u201d, destaca la sindical.&nbsp;<\/p>\n\n\n\n<p class=\"wp-block-paragraph\">Lamentablemente, el paro ha subido en agosto en todas las provincias andaluzas, a excepci\u00f3n de M\u00e1laga, y de nuevo fueron las mujeres m\u00e1s que los hombres las m\u00e1s afectadas por el desempleo, ya que m\u00e1s del 61% de las personas desempleadas en la comunidad en agosto eran mujeres, frente al 39% que representa a los hombres sin trabajo.<\/p>\n","protected":false},"excerpt":{"rendered":"<p>\u00b7&nbsp;&nbsp;&nbsp;&nbsp;&nbsp;&nbsp;&nbsp;&nbsp;&nbsp;&nbsp;El sindicato valora que Almer\u00eda mantiene el desempleo por debajo de las 40.000 personas y&#8230;<\/p>\n","protected":false},"author":12,"featured_media":29472,"comment_status":"open","ping_status":"open","sticky":false,"template":"","format":"standard","meta":{"advanced_seo_description":"","jetpack_seo_html_title":"","jetpack_seo_noindex":false,"jetpack_seo_schema_type":"","_jetpack_newsletter_access":"","_jetpack_dont_email_post_to_subs":false,"_jetpack_newsletter_tier_id":0,"_jetpack_memberships_contains_paywalled_content":false,"_jetpack_feature_clip_id":0,"_jetpack_memberships_contains_paid_content":false,"footnotes":"","jetpack_post_was_ever_published":false},"categories":[26],"tags":[],"class_list":["post-75867","post","type-post","status-publish","format-standard","has-post-thumbnail","hentry","category-economia"],"jetpack_sharing_enabled":true,"jetpack-related-posts":[],"amp_enabled":true,"jetpack_featured_media_url":"https:\/\/lagacetadealmeria.com\/wp-content\/uploads\/2025\/09\/CSIF-Aima-Serrano-Pta-CSIF-Almeria.jpg","_links":{"self":[{"href":"https:\/\/lagacetadealmeria.com\/index.php?rest_route=\/wp\/v2\/posts\/75867","targetHints":{"allow":["GET"]}}],"collection":[{"href":"https:\/\/lagacetadealmeria.com\/index.php?rest_route=\/wp\/v2\/posts"}],"about":[{"href":"https:\/\/lagacetadealmeria.com\/index.php?rest_route=\/wp\/v2\/types\/post"}],"author":[{"embeddable":true,"href":"https:\/\/lagacetadealmeria.com\/index.php?rest_route=\/wp\/v2\/users\/12"}],"replies":[{"embeddable":true,"href":"https:\/\/lagacetadealmeria.com\/index.php?rest_route=%2Fwp%2Fv2%2Fcomments&post=75867"}],"version-history":[{"count":1,"href":"https:\/\/lagacetadealmeria.com\/index.php?rest_route=\/wp\/v2\/posts\/75867\/revisions"}],"predecessor-version":[{"id":75871,"href":"https:\/\/lagacetadealmeria.com\/index.php?rest_route=\/wp\/v2\/posts\/75867\/revisions\/75871"}],"wp:featuredmedia":[{"embeddable":true,"href":"https:\/\/lagacetadealmeria.com\/index.php?rest_route=\/wp\/v2\/media\/29472"}],"wp:attachment":[{"href":"https:\/\/lagacetadealmeria.com\/index.php?rest_route=%2Fwp%2Fv2%2Fmedia&parent=75867"}],"wp:term":[{"taxonomy":"category","embeddable":true,"href":"https:\/\/lagacetadealmeria.com\/index.php?rest_route=%2Fwp%2Fv2%2Fcategories&post=75867"},{"taxonomy":"post_tag","embeddable":true,"href":"https:\/\/lagacetadealmeria.com\/index.php?rest_route=%2Fwp%2Fv2%2Ftags&post=75867"}],"curies":[{"name":"wp","href":"https:\/\/api.w.org\/{rel}","templated":true}]}}