                {"id":75872,"date":"2026-09-02T11:43:13","date_gmt":"2026-09-02T11:43:13","guid":{"rendered":"https:\/\/lagacetadealmeria.com\/?p=75872"},"modified":"2026-09-02T11:43:14","modified_gmt":"2026-09-02T11:43:14","slug":"el-paro-se-situa-en-agosto-en-39-773-personas-y-la-seguridad-social-en-330-679-afiliados-en-almeria","status":"publish","type":"post","link":"https:\/\/lagacetadealmeria.com\/?p=75872","title":{"rendered":"El paro se sit\u00faa en agosto en 39.773 personas y la Seguridad Social en 330.679 afiliados en Almer\u00eda"},"content":{"rendered":"\n<p class=\"has-text-align-center wp-block-paragraph\"><strong><u>Datos mensuales<\/u><\/strong><\/p>\n\n\n\n<ul class=\"wp-block-list\">\n<li><strong>Se trata del dato m\u00e1s bajo de personas desempleadas en un mes de agosto desde el a\u00f1o 2007<\/strong><\/li>\n\n\n\n<li><strong>En comparaci\u00f3n con los datos de 2025, hay registrados en Almer\u00eda 3.764 parados menos, lo que supone un descenso del 8,65 por ciento<\/strong><\/li>\n\n\n\n<li><a><strong>En los ocho primeros meses del a\u00f1o, la tasa de contrataci\u00f3n indefinida se ha situado en el 53,86 por ciento del total de contratos suscritos<\/strong><\/a><\/li>\n\n\n\n<li><strong>La cantidad total que el Servicio P\u00fablico de Empleo Estatal (SEPE) ha destinado a la protecci\u00f3n de personas desempleadas en Almer\u00eda ha sido de 55,86 millones de euros, que han beneficiado a un total de 48.146 personas<\/strong><\/li>\n<\/ul>\n\n\n\n<p class=\"wp-block-paragraph\">El n\u00famero de personas registradas en las oficinas del Servicio P\u00fablico de Empleo Estatal (SEPE) en Almer\u00eda al finalizar el mes de agosto ha aumentado en 384 personas respecto al mes de julio del a\u00f1o 2026 (0,97%), situ\u00e1ndose la cifra total de personas desempleadas en 39.773. Esta es la cifra m\u00e1s baja registrada en un mes de agosto desde 2007. En t\u00e9rminos interanuales, la provincia de Almer\u00eda cuenta en la actualidad con 3.764 personas desempleadas menos que en agosto de 2025, lo que supone un descenso del 8,65%.<\/p>\n\n\n\n<p class=\"wp-block-paragraph\">Por sexos, el paro masculino se ha situado en agosto en 16.674 hombres, mientras que el total de mujeres desempleadas ha sido de 23.099. Por edades, la cifra de paro juvenil, correspondiente a menores de 25 a\u00f1os, ha sido de 3.350 personas. Entre los mayores de 25 a\u00f1os, el n\u00famero de desempleados se situ\u00f3 en 36.423.Del total de personas desempleadas, 8.630 son ciudadanos extranjeros.<\/p>\n\n\n\n<p class=\"wp-block-paragraph\"><strong>El paro por sectores<\/strong><\/p>\n\n\n\n<p class=\"wp-block-paragraph\">Por sectores econ\u00f3micos, el paro registrado aument\u00f3 en servicios (362), en construcci\u00f3n (80), en el colectivo sin empleo anterior (43),en industria (17). Por el contrario, disminuy\u00f3 en el sector de agricultura (-118).<\/p>\n\n\n\n<p class=\"wp-block-paragraph\">La estructura por sectores del desempleo en la provincia de Almer\u00eda es la siguiente: servicios, 25.970; colectivo sin empleo anterior, 5.030; agricultura, 3.646; construcci\u00f3n, 3.521; e industria, 1.606.<\/p>\n\n\n\n<p class=\"wp-block-paragraph\"><strong>Contratos firmados<\/strong><\/p>\n\n\n\n<p class=\"wp-block-paragraph\">El n\u00famero total de contratos registrados durante el mes de agosto en Almer\u00eda fue de 20.098, lo que supone 5.302 contratos menos que en julio (-20,87%) y 3.407 contratos m\u00e1s que en agosto de 2025 (+20,41%).<\/p>\n\n\n\n<p class=\"wp-block-paragraph\">Del total de contratos, 10.961 se suscribieron en el sector servicios, 7.388 en agricultura, 935 en construcci\u00f3n y 814 en industria. Los contratos suscritos por ciudadanos extranjeros fueron 10.541.<\/p>\n\n\n\n<p class=\"wp-block-paragraph\">En los ocho primeros meses del a\u00f1o se suscribieron en Almer\u00eda 166.952 contratos, de los que 89.927 (53,86%) fueron indefinidos y 77.025 (46,14%) tuvieron car\u00e1cter temporal.<\/p>\n\n\n\n<p class=\"wp-block-paragraph\"><strong>Prestaciones por desempleo (datos de julio de 2026)<\/strong><\/p>\n\n\n\n<p class=\"wp-block-paragraph\"><a>El n\u00famero de personas beneficiarias de la protecci\u00f3n que otorga el sistema de prestaciones por desempleo financiadas por el Servicio P\u00fablico de Empleo Estatal (SEPE) en Almer\u00eda durante el mes de julio fue de 48.146.<\/a><a><\/a><a><\/a><a><\/a><\/p>\n\n\n\n<p class=\"wp-block-paragraph\">De este total, 29.467 percibieron prestaci\u00f3n contributiva por desempleo, 17.494 subsidio por desempleo, 5 renta activa de inserci\u00f3n y 1.180 subsidio para trabajadores eventuales agrarios.<\/p>\n\n\n\n<p class=\"wp-block-paragraph\">Los ciudadanos extranjeros que percibieron alguna prestaci\u00f3n por desempleo ascendieron a 17.402. De ellos, 13.659 proced\u00edan de pa\u00edses no comunitarios y 3.743 de pa\u00edses comunitarios.<\/p>\n\n\n\n<p class=\"wp-block-paragraph\"><a>La cantidad total que el SEPE destin\u00f3 a financiar las prestaciones por desempleo en el mes de julio en Almer\u00eda ascendi\u00f3 a 55,86 millones de euros. La cuant\u00eda media de la prestaci\u00f3n contributiva percibida por beneficiario fue de 1.027,5 euros al mes y el plazo medio de reconocimiento de la prestaci\u00f3n, de 3,40 d\u00edas.<\/a><a><\/a><a><\/a><\/p>\n\n\n\n<p class=\"wp-block-paragraph\"><strong>Afiliaci\u00f3n a la Seguridad Social<\/strong><\/p>\n\n\n\n<p class=\"wp-block-paragraph\"><a><\/a><a>La afiliaci\u00f3n media del mes de agosto fue de 330.679trabajadores, lo que supone una disminuci\u00f3n de 1.738 afiliados respecto a julio (-0,52%). En t\u00e9rminos interanuales, se contabilizan 14.358 afiliados m\u00e1s que en agosto de 2025, un incremento del 4,54%.<\/a><a><\/a><a><\/a><a><\/a><a><\/a><a><\/a><a><\/a><a><\/a><\/p>\n\n\n\n<p class=\"wp-block-paragraph\"><a>En la actualidad, en Almer\u00eda se encuentran afiliados en el R\u00e9gimen General 264.927 trabajadores, en el R\u00e9gimen Especial de Trabajadores Aut\u00f3nomos (RETA) 64.703, y en el R\u00e9gimen Especial de Trabajadores del Mar, 1.049. Del total de trabajadores afiliados al R\u00e9gimen General de la Seguridad Social, 51.405 trabajadores est\u00e1n afiliados al Sistema Especial Agrario y 2.447 al Sistema Especial para Empleados del Hogar.<\/a><\/p>\n\n\n\n<p class=\"wp-block-paragraph\">En cuanto a la afiliaci\u00f3n de extranjeros, seg\u00fan los \u00faltimos datos oficiales disponibles, correspondientes a la media del mes de julio de 2026, se registraron en Almer\u00eda 79.930 ciudadanos extranjeros afiliados a la Seguridad Social. Esta cifra representa el 24,05% del total de personas afiliadas en la provincia en julio. Los trabajadores extranjeros afiliados fueron 53.154 hombres y 26.776 mujeres. Por procedencia, 63.731 eran nacionales de pa\u00edses no comunitarios y 16.199 de pa\u00edses comunitarios.<\/p>\n\n\n\n<p class=\"wp-block-paragraph\">Por reg\u00edmenes, 35.463 trabajadores extranjeros estaban afiliados al R\u00e9gimen General, 34.067 al Sistema Especial Agrario, 9.130 eran aut\u00f3nomos, 1.101 estaban afiliados al Sistema Especial para Empleados del Hogar y 169 al R\u00e9gimen Especial del Mar.<\/p>\n","protected":false},"excerpt":{"rendered":"<p>Datos mensuales El n\u00famero de personas registradas en las oficinas del Servicio P\u00fablico de Empleo&#8230;<\/p>\n","protected":false},"author":12,"featured_media":29478,"comment_status":"open","ping_status":"open","sticky":false,"template":"","format":"standard","meta":{"advanced_seo_description":"","jetpack_seo_html_title":"","jetpack_seo_noindex":false,"jetpack_seo_schema_type":"","_jetpack_newsletter_access":"","_jetpack_dont_email_post_to_subs":false,"_jetpack_newsletter_tier_id":0,"_jetpack_memberships_contains_paywalled_content":false,"_jetpack_feature_clip_id":0,"_jetpack_memberships_contains_paid_content":false,"footnotes":"","jetpack_post_was_ever_published":false},"categories":[26],"tags":[],"class_list":["post-75872","post","type-post","status-publish","format-standard","has-post-thumbnail","hentry","category-economia"],"jetpack_sharing_enabled":true,"jetpack-related-posts":[],"amp_enabled":true,"jetpack_featured_media_url":"https:\/\/lagacetadealmeria.com\/wp-content\/uploads\/2025\/09\/Trabajo-en-invernadero.jpg","_links":{"self":[{"href":"https:\/\/lagacetadealmeria.com\/index.php?rest_route=\/wp\/v2\/posts\/75872","targetHints":{"allow":["GET"]}}],"collection":[{"href":"https:\/\/lagacetadealmeria.com\/index.php?rest_route=\/wp\/v2\/posts"}],"about":[{"href":"https:\/\/lagacetadealmeria.com\/index.php?rest_route=\/wp\/v2\/types\/post"}],"author":[{"embeddable":true,"href":"https:\/\/lagacetadealmeria.com\/index.php?rest_route=\/wp\/v2\/users\/12"}],"replies":[{"embeddable":true,"href":"https:\/\/lagacetadealmeria.com\/index.php?rest_route=%2Fwp%2Fv2%2Fcomments&post=75872"}],"version-history":[{"count":1,"href":"https:\/\/lagacetadealmeria.com\/index.php?rest_route=\/wp\/v2\/posts\/75872\/revisions"}],"predecessor-version":[{"id":75874,"href":"https:\/\/lagacetadealmeria.com\/index.php?rest_route=\/wp\/v2\/posts\/75872\/revisions\/75874"}],"wp:featuredmedia":[{"embeddable":true,"href":"https:\/\/lagacetadealmeria.com\/index.php?rest_route=\/wp\/v2\/media\/29478"}],"wp:attachment":[{"href":"https:\/\/lagacetadealmeria.com\/index.php?rest_route=%2Fwp%2Fv2%2Fmedia&parent=75872"}],"wp:term":[{"taxonomy":"category","embeddable":true,"href":"https:\/\/lagacetadealmeria.com\/index.php?rest_route=%2Fwp%2Fv2%2Fcategories&post=75872"},{"taxonomy":"post_tag","embeddable":true,"href":"https:\/\/lagacetadealmeria.com\/index.php?rest_route=%2Fwp%2Fv2%2Ftags&post=75872"}],"curies":[{"name":"wp","href":"https:\/\/api.w.org\/{rel}","templated":true}]}}