                {"id":75875,"date":"2026-09-02T11:41:00","date_gmt":"2026-09-02T11:41:00","guid":{"rendered":"https:\/\/lagacetadealmeria.com\/?p=75875"},"modified":"2026-09-02T11:48:16","modified_gmt":"2026-09-02T11:48:16","slug":"csif-se-moviliza-en-almeria-por-la-falta-de-personal-la-precariedad-y-el-incumplimiento-del-acuerdo-marco-en-correos","status":"publish","type":"post","link":"https:\/\/lagacetadealmeria.com\/?p=75875","title":{"rendered":"CSIF se moviliza en Almer\u00eda por la falta de personal, la precariedad y el incumplimiento del acuerdo marco en Correos"},"content":{"rendered":"\n<p class=\"wp-block-paragraph\">\uf0b7 La responsable EPE CSIF Almer\u00eda y delegada de Correos, Carmen L\u00f3pez, atender\u00e1 a los<br>medios a las 10.45 horas y leer\u00e1 un manifiesto que ser\u00e1 el mismo que el que se leer\u00e1 en las<br>principales oficinas de Correos de toda Espa\u00f1a<br>\uf0b7 En Almer\u00eda, la movilizaci\u00f3n est\u00e1 prevista este 3 de septiembre en la Oficina Principal de<br>Correos (Calle San Juan Bosco, 35), de 11.00 a 12.00 horas<br>La Central Sindical Independiente y de Funcionarios, CSIF Almer\u00eda, convoca a su<br>medio a asistir a la concentraci\u00f3n que la plantilla de Correos de toda Espa\u00f1a realizar\u00e1<br>este jueves 3 de septiembre, frente a las oficinas principales de cada provincia, por el<br>incumplimiento de la empresa p\u00fablica postal del Acuerdo Marco, firmado el 31 de<br>diciembre de 2024, por el que se comprometi\u00f3 a reforzar la plantilla, implantar las 35 horas<br>semanales, transformar a tiempo completo las jornadas parciales e iniciar el plan de<br>rejuvenecimiento, entre otros aspectos.<br>En Almer\u00eda, la movilizaci\u00f3n est\u00e1 prevista este 3 de septiembre en la Oficina<br>Principal de Correos (Calle San Juan Bosco, 35), de 11.00 a 12.00 horas. Antes de la<br>concentraci\u00f3n, la responsable EPE CSIF Almer\u00eda y delegada de Correos, Carmen L\u00f3pez,<br>atender\u00e1 a los medios a las 10.45 horas y posteriormente leer\u00e1 un manifiesto que ser\u00e1 el<br>mismo que el que se leer\u00e1 en las principales oficinas de Correos de toda Espa\u00f1a.<\/p>\n","protected":false},"excerpt":{"rendered":"<p>\uf0b7 La responsable EPE CSIF Almer\u00eda y delegada de Correos, Carmen L\u00f3pez, atender\u00e1 a losmedios&#8230;<\/p>\n","protected":false},"author":12,"featured_media":47590,"comment_status":"open","ping_status":"open","sticky":false,"template":"","format":"standard","meta":{"advanced_seo_description":"","jetpack_seo_html_title":"","jetpack_seo_noindex":false,"jetpack_seo_schema_type":"","_jetpack_newsletter_access":"","_jetpack_dont_email_post_to_subs":false,"_jetpack_newsletter_tier_id":0,"_jetpack_memberships_contains_paywalled_content":false,"_jetpack_feature_clip_id":0,"_jetpack_memberships_contains_paid_content":false,"footnotes":"","jetpack_post_was_ever_published":false},"categories":[41],"tags":[],"class_list":["post-75875","post","type-post","status-publish","format-standard","has-post-thumbnail","hentry","category-politica"],"jetpack_sharing_enabled":true,"jetpack-related-posts":[],"amp_enabled":true,"jetpack_featured_media_url":"https:\/\/lagacetadealmeria.com\/wp-content\/uploads\/2025\/12\/CSIF-Huelga-Justicia-18.jpg","_links":{"self":[{"href":"https:\/\/lagacetadealmeria.com\/index.php?rest_route=\/wp\/v2\/posts\/75875","targetHints":{"allow":["GET"]}}],"collection":[{"href":"https:\/\/lagacetadealmeria.com\/index.php?rest_route=\/wp\/v2\/posts"}],"about":[{"href":"https:\/\/lagacetadealmeria.com\/index.php?rest_route=\/wp\/v2\/types\/post"}],"author":[{"embeddable":true,"href":"https:\/\/lagacetadealmeria.com\/index.php?rest_route=\/wp\/v2\/users\/12"}],"replies":[{"embeddable":true,"href":"https:\/\/lagacetadealmeria.com\/index.php?rest_route=%2Fwp%2Fv2%2Fcomments&post=75875"}],"version-history":[{"count":1,"href":"https:\/\/lagacetadealmeria.com\/index.php?rest_route=\/wp\/v2\/posts\/75875\/revisions"}],"predecessor-version":[{"id":75877,"href":"https:\/\/lagacetadealmeria.com\/index.php?rest_route=\/wp\/v2\/posts\/75875\/revisions\/75877"}],"wp:featuredmedia":[{"embeddable":true,"href":"https:\/\/lagacetadealmeria.com\/index.php?rest_route=\/wp\/v2\/media\/47590"}],"wp:attachment":[{"href":"https:\/\/lagacetadealmeria.com\/index.php?rest_route=%2Fwp%2Fv2%2Fmedia&parent=75875"}],"wp:term":[{"taxonomy":"category","embeddable":true,"href":"https:\/\/lagacetadealmeria.com\/index.php?rest_route=%2Fwp%2Fv2%2Fcategories&post=75875"},{"taxonomy":"post_tag","embeddable":true,"href":"https:\/\/lagacetadealmeria.com\/index.php?rest_route=%2Fwp%2Fv2%2Ftags&post=75875"}],"curies":[{"name":"wp","href":"https:\/\/api.w.org\/{rel}","templated":true}]}}