                {"id":75878,"date":"2026-09-02T21:23:38","date_gmt":"2026-09-02T21:23:38","guid":{"rendered":"https:\/\/lagacetadealmeria.com\/?p=75878"},"modified":"2026-09-02T21:23:39","modified_gmt":"2026-09-02T21:23:39","slug":"nuevo-paradigma","status":"publish","type":"post","link":"https:\/\/lagacetadealmeria.com\/?p=75878","title":{"rendered":"Nuevo paradigma"},"content":{"rendered":"\n<p class=\"has-text-align-center wp-block-paragraph\"><strong><em>Miski Liu Suria<\/em><\/strong><\/p>\n\n\n\n<p class=\"wp-block-paragraph\"><em>El cambio mundial no es un espect\u00e1culo sino una operaci\u00f3n secreta, silenciosa y gradual para que no se note mucho, pero se nota.<\/em><\/p>\n\n\n\n<p class=\"has-text-align-center wp-block-paragraph\"><em><strong>Nuevo paradigma<\/strong><\/em><\/p>\n\n\n\n<ul class=\"wp-block-list\">\n<li><strong>Punto de transici\u00f3n<\/strong><\/li>\n\n\n\n<li><strong>Humanidad dividida<\/strong><\/li>\n\n\n\n<li><strong>Del caos a la armon\u00eda<\/strong><\/li>\n\n\n\n<li><strong>Portal de estabilizaci\u00f3n<\/strong><\/li>\n\n\n\n<li><strong>Brecha entre realidades<\/strong><\/li>\n\n\n\n<li><strong>Nuevo modelo geopol\u00edtico<\/strong><\/li>\n\n\n\n<li><strong>Septiembre invita a pausar<\/strong><\/li>\n\n\n\n<li><strong>Anclaje de nueva frecuencia<\/strong><\/li>\n\n\n\n<li><strong>M\u00e1s all\u00e1 del viejo paradigma<\/strong><\/li>\n\n\n\n<li><strong>Divisi\u00f3n de l\u00edneas temporales<\/strong><\/li>\n\n\n\n<li><strong>Regreso de los dioses antiguos<\/strong><\/li>\n\n\n\n<li><strong>Equinoccio y reajuste planetario<\/strong><\/li>\n\n\n\n<li><strong>Contraste entre dualidad y ascensi\u00f3n<\/strong><\/li>\n<\/ul>\n\n\n\n<p class=\"wp-block-paragraph\">Se est\u00e1 desmontando el antiguo paradigma geopol\u00edtico, seg\u00fan\u00a0<strong>Brian Cates<\/strong>, mientras que se est\u00e1 implantando el nuevo paradigma de la coalici\u00f3n soberana establecido en los \u00faltimos a\u00f1os en varias docenas de pa\u00edses clave para llevarlos hacia la soberan\u00eda, donde no se realiza la construcci\u00f3n mediante bancos centrales que fomentan deudas, conflictos o manipulan el sector energ\u00e9tico.<\/p>\n\n\n\n<p class=\"wp-block-paragraph\">Un paradigma es un conjunto de teor\u00edas, cuyo n\u00facleo central se acepta sin cuestionar, que suministra la base y el modelo para organizar el mundo. En el antiguo paradigma, el gobierno en la sombra del banco central decid\u00eda a los ganadores y a los perdedores bajo el antiguo sistema.<\/p>\n\n\n\n<p class=\"wp-block-paragraph\">Construyeron ese antiguo sistema de deuda bancaria central, energ\u00eda y conflictos para poder hacerlo. Eso no va a ser as\u00ed en el futuro. En el nuevo sistema de coalici\u00f3n soberana que se est\u00e1 aplicando, ya ni siquiera es posible hacer ese tipo de cosas. No hay ning\u00fan lugar donde se puedan esconder los controladores y nada va a detener esto.<\/p>\n\n\n\n<p class=\"wp-block-paragraph\">El antiguo paradigma geopol\u00edtico fue establecido durante m\u00e1s de cien a\u00f1os por un sindicato transnacional para utilizar los bancos centrales mediante la extracci\u00f3n masiva de fondos de sus contribuyentes en todo el mundo para llevar a cabo esquemas a gran escala. Impulsaron el viejo sistema mediante el uso de la deuda, los pr\u00e9stamos para armas en conflictos provocados, el racionamiento de energ\u00eda y la manipulaci\u00f3n del mercado energ\u00e9tico.<\/p>\n\n\n\n<figure class=\"wp-block-embed is-type-wp-embed is-provider-sunny-039-s-journal wp-block-embed-sunny-039-s-journal\"><div class=\"wp-block-embed__wrapper\">\n<blockquote class=\"wp-embedded-content\" data-secret=\"oBCCyprQ6I\"><a href=\"https:\/\/sunnysjournal.com\/2026\/09\/01\/the-old-geopolitical-paradigm-is-being-dismantled-brian-cates\/\">The Old Geopolitical Paradigm is being Dismantled | Brian&nbsp;Cates<\/a><\/blockquote><iframe class=\"wp-embedded-content\" sandbox=\"allow-scripts\" security=\"restricted\" style=\"position: absolute; visibility: hidden;\" title=\"\u201cThe Old Geopolitical Paradigm is being Dismantled | Brian\u00a0Cates\u201d \u2014 Sunny&amp;apos;s Journal\" src=\"https:\/\/sunnysjournal.com\/2026\/09\/01\/the-old-geopolitical-paradigm-is-being-dismantled-brian-cates\/embed\/#?secret=2Tiss2KHqc#?secret=oBCCyprQ6I\" data-secret=\"oBCCyprQ6I\" width=\"600\" height=\"338\" frameborder=\"0\" marginwidth=\"0\" marginheight=\"0\" scrolling=\"no\"><\/iframe>\n<\/div><\/figure>\n\n\n\n<p class=\"wp-block-paragraph\"><strong>CONTROL DE LAS SOMBRAS<\/strong><\/p>\n\n\n\n<p class=\"wp-block-paragraph\">Dijeron en mensajes anteriores que ser\u00edan turbulentos los tiempos venideros, seg\u00fan los&nbsp;<em>telosianos<\/em>&nbsp;a trav\u00e9s de&nbsp;<strong>Marie Jos\u00e9e Andichou<\/strong>. Durante los pr\u00f3ximos meses, las perturbaciones meteorol\u00f3gicas, tanto naturales como artificiales, podr\u00edan causar da\u00f1os en varios pa\u00edses, como lo ocurrido en&nbsp;<strong>Nepal<\/strong>. Podr\u00eda haber erupciones volc\u00e1nicas y desplazamiento de poblaci\u00f3n.<\/p>\n\n\n\n<p class=\"wp-block-paragraph\">El gobierno en la sombra intentar\u00e1 por todos los medios mantener su control sobre ustedes. Por lo tanto, est\u00e1 actuando de muchas maneras, pero en alg\u00fan momento habr\u00e1 una reacci\u00f3n contra todos esos seres despiadados. Si sucede todo esto es para mostrarnos lo importante que es vivir con suavidad para no perturbar la energ\u00eda de la Tierra, pero tambi\u00e9n para mostrarnos lo que manipulan una y otra vez aquellos que siempre tienen ese deseo de poder sobre ti.<\/p>\n\n\n\n<figure class=\"wp-block-embed is-type-wp-embed is-provider-era-of-light wp-block-embed-era-of-light\"><div class=\"wp-block-embed__wrapper\">\n<blockquote class=\"wp-embedded-content\" data-secret=\"ecnetdEzI2\"><a href=\"https:\/\/eraoflight.com\/2026\/09\/01\/the-telosians-you-are-about-to-gain-the-upper-hand-over-the-shadows\/\">The Telosians: You Are About to Gain the Upper Hand Over the Shadows<\/a><\/blockquote><iframe class=\"wp-embedded-content\" sandbox=\"allow-scripts\" security=\"restricted\" style=\"position: absolute; visibility: hidden;\" title=\"\u201cThe Telosians: You Are About to Gain the Upper Hand Over the Shadows\u201d \u2014 Era of Light\" src=\"https:\/\/eraoflight.com\/2026\/09\/01\/the-telosians-you-are-about-to-gain-the-upper-hand-over-the-shadows\/embed\/#?secret=KfJ88sZYg7#?secret=ecnetdEzI2\" data-secret=\"ecnetdEzI2\" width=\"600\" height=\"338\" frameborder=\"0\" marginwidth=\"0\" marginheight=\"0\" scrolling=\"no\"><\/iframe>\n<\/div><\/figure>\n\n\n\n<p class=\"wp-block-paragraph\"><strong>OLA DEL AMOR<\/strong><\/p>\n\n\n\n<p class=\"wp-block-paragraph\">El mundo no funciona para todos ahora, pero lo har\u00e1, seg\u00fan&nbsp;<strong>Steve Beckow<\/strong>. Todos coinciden en que, esta vez, la oscuridad abandonar\u00e1 el planeta Tierra por completo definitivamente. Se est\u00e1 desarrollando un plan divino, que no puede ni ser\u00e1 detenido por el pensamiento, la trama, la planificaci\u00f3n o las actividades tridimensionales, seg\u00fan el&nbsp;<em>g<\/em><em>rupo&nbsp;<\/em><em>a<\/em><em>rcturiano<\/em>.<\/p>\n\n\n\n<p class=\"wp-block-paragraph\">La mente humana es incapaz de comprender plenamente la verdad superior porque est\u00e1 condicionada y alineada con la energ\u00eda de baja resonancia de la dualidad, la separaci\u00f3n y los m\u00faltiples poderes. La coalici\u00f3n est\u00e1 usando una estrategia de la segunda guerra mundial. La t\u00e1ctica consist\u00eda en un plan de artiller\u00eda en el que todas las unidades coordinaban sus ca\u00f1ones para disparar a una hora determinada y alcanzar un \u00fanico objetivo simult\u00e1neamente.<\/p>\n\n\n\n<p class=\"wp-block-paragraph\">Se trata de acabar con el reinado de la oscuridad de una vez por todas, evitando un conflicto civil. Se trata de quitar todos los nidos de avispas posibles, avivar el fuego aqu\u00ed y all\u00e1, sin llegar a un acuerdo, porque no se trata de un acuerdo. No se trata de hacer las paces con los malhechores ni de permitir que las cosas sigan su curso.<\/p>\n\n\n\n<figure class=\"wp-block-embed is-type-wp-embed is-provider-golden-age-of-gaia wp-block-embed-golden-age-of-gaia\"><div class=\"wp-block-embed__wrapper\">\n<blockquote class=\"wp-embedded-content\" data-secret=\"uxl7RFQ6rp\"><a href=\"https:\/\/goldenageofgaia.com\/2026\/09\/01\/386134\/\">The World Doesn&#8217;t Work for Everyone Now &#8230; But It Will<\/a><\/blockquote><iframe class=\"wp-embedded-content\" sandbox=\"allow-scripts\" security=\"restricted\" style=\"position: absolute; visibility: hidden;\" title=\"\u201cThe World Doesn\u2019t Work for Everyone Now \u2026 But It Will\u201d \u2014 Golden Age of Gaia\" src=\"https:\/\/goldenageofgaia.com\/2026\/09\/01\/386134\/embed\/#?secret=kqQfVLVQ6c#?secret=uxl7RFQ6rp\" data-secret=\"uxl7RFQ6rp\" width=\"600\" height=\"338\" frameborder=\"0\" marginwidth=\"0\" marginheight=\"0\" scrolling=\"no\"><\/iframe>\n<\/div><\/figure>\n\n\n\n<p class=\"wp-block-paragraph\"><strong>DUALIDAD<\/strong><\/p>\n\n\n\n<p class=\"wp-block-paragraph\">La creciente dualidad genera un contraste cada vez m\u00e1s visible entre dos realidades distintas para quienes experimentan el proceso de ascensi\u00f3n, mientras comparte el mismo espacio f\u00edsico el colectivo humano pero lo vive desde niveles de conciencia muy diferentes, seg\u00fan&nbsp;<em>Ascension Lightworkers<\/em>.<\/p>\n\n\n\n<p class=\"wp-block-paragraph\">La dualidad se manifiesta con mayor claridad en polaridades como amor y miedo, unidad y separaci\u00f3n, verdad e ilusi\u00f3n, o compasi\u00f3n y control. Lo que antes permanec\u00eda oculto ahora sale a la luz, lo que provoca en muchas almas en ascenso una sensaci\u00f3n de contraste: se vuelven m\u00e1s sensibles a la energ\u00eda, la intenci\u00f3n y la autenticidad, y les resulta cada vez m\u00e1s dif\u00edcil participar en entornos o relaciones basadas en el miedo, la manipulaci\u00f3n o la inconsciencia.<\/p>\n\n\n\n<p class=\"wp-block-paragraph\">Este proceso se interpreta como una&nbsp;<strong>divisi\u00f3n de l\u00edneas temporales<\/strong>. Mientras algunas personas contin\u00faan actuando desde el miedo y la supervivencia, otras expanden su conciencia hacia la compasi\u00f3n, la intuici\u00f3n y la decisi\u00f3n consciente. Cambian las relaciones, se desvanecen los antiguos intereses y se transforma la percepci\u00f3n de uno mismo. Deja de tener sentido lo que antes parec\u00eda normal.<\/p>\n\n\n\n<p class=\"wp-block-paragraph\">El mayor desaf\u00edo consiste en permanecer en el espacio del coraz\u00f3n ante el contraste. No se trata de juzgar a quienes a\u00fan no ven lo mismo, sino de reconocer la inconsciencia sin condenarla y de alejarse de lo da\u00f1ino. Al mismo tiempo, muchas almas en ascenso informan que la vieja energ\u00eda intenta atraerlas de nuevo hacia patrones de miedo, duda, ansiedad o traumas, a trav\u00e9s de pensamientos intrusivos, sue\u00f1os intensos o resurgimiento de viejos temores.<\/p>\n\n\n\n<figure class=\"wp-block-embed is-provider-facebook wp-block-embed-facebook\"><div class=\"wp-block-embed__wrapper\">\nhttps:\/\/www.facebook.com\/share\/p\/1EiUru6mZj\n<\/div><\/figure>\n\n\n\n<figure class=\"wp-block-embed is-type-wp-embed is-provider-golden-age-of-gaia wp-block-embed-golden-age-of-gaia\"><div class=\"wp-block-embed__wrapper\">\n<blockquote class=\"wp-embedded-content\" data-secret=\"sRSOUVNhyu\"><a href=\"https:\/\/goldenageofgaia.com\/2026\/09\/01\/the-great-contrast-ascension-duality-and-the-changing-collective\/\">The Great Contrast &#8211; Ascension, Duality, and the Changing Collective<\/a><\/blockquote><iframe class=\"wp-embedded-content\" sandbox=\"allow-scripts\" security=\"restricted\" style=\"position: absolute; visibility: hidden;\" title=\"\u201cThe Great Contrast \u2013 Ascension, Duality, and the Changing Collective\u201d \u2014 Golden Age of Gaia\" src=\"https:\/\/goldenageofgaia.com\/2026\/09\/01\/the-great-contrast-ascension-duality-and-the-changing-collective\/embed\/#?secret=izolK3PrxZ#?secret=sRSOUVNhyu\" data-secret=\"sRSOUVNhyu\" width=\"600\" height=\"338\" frameborder=\"0\" marginwidth=\"0\" marginheight=\"0\" scrolling=\"no\"><\/iframe>\n<\/div><\/figure>\n\n\n\n<p class=\"wp-block-paragraph\"><strong>PAUSA OTO\u00d1AL<\/strong><\/p>\n\n\n\n<p class=\"wp-block-paragraph\">A medida que avanzamos hacia el oto\u00f1o, la energ\u00eda pasa de la expansi\u00f3n y el movimiento hacia afuera a la evaluaci\u00f3n, la integraci\u00f3n y la preparaci\u00f3n consciente, seg\u00fan&nbsp;<strong>Kelly Beard<\/strong>. \u00c9ste es un&nbsp;<strong>punto de transici\u00f3n<\/strong>&nbsp;crucial. La estaci\u00f3n nos invita a reunir lo que hemos creado, evaluar lo que funciona, soltar lo que ya no sirve y comenzar a prepararnos para el siguiente ciclo.<\/p>\n\n\n\n<p class=\"wp-block-paragraph\">El equinoccio de oto\u00f1o nos recuerda que el ritmo es algo bello. Hay un tiempo para iniciar, un tiempo para cultivar, un tiempo para cosechar y un tiempo para descansar. Cuando honramos ese ritmo, fluye la vida con mucha m\u00e1s naturalidad.<\/p>\n\n\n\n<figure class=\"wp-block-embed is-type-wp-embed is-provider-era-of-light wp-block-embed-era-of-light\"><div class=\"wp-block-embed__wrapper\">\n<blockquote class=\"wp-embedded-content\" data-secret=\"NkDfc4YFp8\"><a href=\"https:\/\/eraoflight.com\/2026\/09\/01\/september-2026-monthly-update\/\">September 2026; Monthly Update<\/a><\/blockquote><iframe class=\"wp-embedded-content\" sandbox=\"allow-scripts\" security=\"restricted\" style=\"position: absolute; visibility: hidden;\" title=\"\u201cSeptember 2026; Monthly Update\u201d \u2014 Era of Light\" src=\"https:\/\/eraoflight.com\/2026\/09\/01\/september-2026-monthly-update\/embed\/#?secret=BTzJPwr9xq#?secret=NkDfc4YFp8\" data-secret=\"NkDfc4YFp8\" width=\"600\" height=\"338\" frameborder=\"0\" marginwidth=\"0\" marginheight=\"0\" scrolling=\"no\"><\/iframe>\n<\/div><\/figure>\n\n\n\n<p class=\"wp-block-paragraph\">Este mes de septiembre es un verdadero regalo c\u00f3smico que nos invita a hacer una pausa, integrar, revaluar y discernir hacia d\u00f3nde nos dirigimos y qu\u00e9 estamos creando. Esto nos permite cumplir con nuestra misi\u00f3n del alma: seguir ayudando en la purificaci\u00f3n y el anclaje de la nueva conciencia.<\/p>\n\n\n\n<p class=\"wp-block-paragraph\">Septiembre invita a pausar, integrar y alcanzar el equilibrio interior para luego contribuir a la estabilizaci\u00f3n planetaria y al anclaje de la nueva conciencia.&nbsp;<strong>Natalia Alba<\/strong>&nbsp;describe septiembre como un portal m\u00e1s tranquilo y estabilizador, tras la intensidad energ\u00e9tica del verano, centrado en la sanaci\u00f3n, la purificaci\u00f3n, la integraci\u00f3n y la estabilizaci\u00f3n del cuerpo tras la \u00faltima oleada.<\/p>\n\n\n\n<p class=\"wp-block-paragraph\">Las primeras semanas est\u00e1n regidas por&nbsp;<strong>Virgo<\/strong>, que invita a nutrir, pausar, integrar, sintetizar y purificar. Se hallan en movimiento retr\u00f3grado cuatro planetas transpersonales (<strong>Saturno, Urano, Neptuno&nbsp;<\/strong>y<strong>&nbsp;Plut\u00f3n<\/strong>), lo que favorece la introspecci\u00f3n, la revisi\u00f3n de l\u00edneas de tiempo personales y la disoluci\u00f3n de ciclos y relaciones desequilibradas.<\/p>\n\n\n\n<p class=\"wp-block-paragraph\">La misi\u00f3n principal del mes es la reconfiguraci\u00f3n y estabilizaci\u00f3n del cuerpo de luz, proceso que respaldar\u00e1 el equinoccio y la entrada del&nbsp;<strong>Sol<\/strong>&nbsp;en&nbsp;<strong>Libra<\/strong>. Se menciona la salida del tiempo lineal tridimensional hacia la simultaneidad, la integraci\u00f3n de hebras de ADN adicionales y la emancipaci\u00f3n de la densidad.<\/p>\n\n\n\n<p class=\"wp-block-paragraph\"><strong>J\u00fapiter<\/strong>&nbsp;y&nbsp;<strong>Saturno<\/strong>&nbsp;te recuerdan que construyas lo que puedes ver.&nbsp;<strong>Quir\u00f3n<\/strong>&nbsp;te recuerda que honres lo lejos que has llegado.&nbsp;<strong>Venus<\/strong>&nbsp;y&nbsp;<strong>Plut\u00f3n<\/strong>&nbsp;te piden que te liberes de lo que ya no refleja tus verdaderos valores.&nbsp;<strong>Neptuno<\/strong>&nbsp;y&nbsp;<strong>Plut\u00f3n<\/strong>&nbsp;te invitan a so\u00f1ar m\u00e1s all\u00e1 del viejo paradigma.&nbsp;<strong>Marte<\/strong>&nbsp;te da el coraje para expresar tu aut\u00e9ntico ser.&nbsp;<strong>Mercurio<\/strong>&nbsp;te pide que tomes conciencia de los pensamientos y palabras que dan forma a tu propia realidad.<\/p>\n\n\n\n<figure class=\"wp-block-embed is-type-wp-embed is-provider-era-of-light wp-block-embed-era-of-light\"><div class=\"wp-block-embed__wrapper\">\n<blockquote class=\"wp-embedded-content\" data-secret=\"DpRUlkZs54\"><a href=\"https:\/\/eraoflight.com\/2026\/09\/01\/ascension-report-for-september-2026\/\">Ascension Report for September 2026<\/a><\/blockquote><iframe class=\"wp-embedded-content\" sandbox=\"allow-scripts\" security=\"restricted\" style=\"position: absolute; visibility: hidden;\" title=\"\u201cAscension Report for September 2026\u201d \u2014 Era of Light\" src=\"https:\/\/eraoflight.com\/2026\/09\/01\/ascension-report-for-september-2026\/embed\/#?secret=zoI4SIQmkY#?secret=DpRUlkZs54\" data-secret=\"DpRUlkZs54\" width=\"600\" height=\"338\" frameborder=\"0\" marginwidth=\"0\" marginheight=\"0\" scrolling=\"no\"><\/iframe>\n<\/div><\/figure>\n\n\n\n<p class=\"wp-block-paragraph\"><strong>DIOSES ANTIGUOS<\/strong><\/p>\n\n\n\n<p class=\"wp-block-paragraph\"><strong>Ismael P\u00e9rez<\/strong>&nbsp;describe el destino de las figuras recordadas como dioses y h\u00e9roes en las tradiciones de civilizaciones antiguas de&nbsp;<strong>Egipto, Grecia, Mesopotamia<\/strong>, la&nbsp;<strong>India<\/strong>&nbsp;y&nbsp;<strong>Mesoam\u00e9rica<\/strong>. Estas figuras, que caminaron entre la humanidad, representaron manifestaciones de conciencia superior, civilizaciones avanzadas o guardianes multidimensionales y maestros, m\u00e1s que deidades que exig\u00edan adoraci\u00f3n.<\/p>\n\n\n\n<p class=\"wp-block-paragraph\"><strong>P\u00e9rez<\/strong>&nbsp;alude a profec\u00edas recurrentes sobre el regreso de estos guardianes y h\u00e9roes, y plantea que la humanidad podr\u00eda estar destinada a asumir las cualidades y el papel que antiguamente se atribu\u00edan a esas figuras. Vincula estos relatos con un programa de guardianes asociado a&nbsp;<strong>Siri<\/strong><strong>o<\/strong><strong>&nbsp;B<\/strong>&nbsp;y con una misi\u00f3n de rescate c\u00f3smico formada por seres de distintos universos, cuyo prop\u00f3sito habr\u00eda sido intervenir ante amenazas catastr\u00f3ficas en mundos en desarrollo.<\/p>\n\n\n\n<p class=\"wp-block-paragraph\">Es preciso diferenciar entre guardianes ben\u00e9volos y entidades de control, y hubo una era dorada en que interactuaban estos seres con la humanidad. Su presencia se redujo de modo gradual tras conflictos antiguos y cambios en la conciencia colectiva,. Tambi\u00e9n menciona la posible conexi\u00f3n de figuras como&nbsp;<strong>Zeus, Krishna<\/strong>&nbsp;y otros h\u00e9roes con este programa de protecci\u00f3n gal\u00e1ctica, as\u00ed como la idea de que la Tierra formaba parte de una red m\u00e1s amplia de mundos bajo su tutela.<\/p>\n\n\n\n<figure class=\"wp-block-embed is-type-video is-provider-youtube wp-block-embed-youtube wp-embed-aspect-16-9 wp-has-aspect-ratio\"><div class=\"wp-block-embed__wrapper\">\n<iframe title=\"GALACTIC ALLIANCE UPDATE: What Happened to the Benevolent Gods &amp; Heroes of Ancient Times?\" width=\"640\" height=\"360\" src=\"https:\/\/www.youtube.com\/embed\/rKDhm57V4_k?feature=oembed\" frameborder=\"0\" allow=\"accelerometer; autoplay; clipboard-write; encrypted-media; gyroscope; picture-in-picture; web-share\" referrerpolicy=\"strict-origin-when-cross-origin\" allowfullscreen><\/iframe>\n<\/div><\/figure>\n\n\n\n<p class=\"wp-block-paragraph\">Enlace al v\u00eddeo en espa\u00f1ol:<\/p>\n\n\n\n<figure class=\"wp-block-embed is-type-video is-provider-youtube wp-block-embed-youtube wp-embed-aspect-4-3 wp-has-aspect-ratio\"><div class=\"wp-block-embed__wrapper\">\n<iframe title=\"Nuevo paradigma\" width=\"640\" height=\"480\" src=\"https:\/\/www.youtube.com\/embed\/KwcRgGECEbI?feature=oembed\" frameborder=\"0\" allow=\"accelerometer; autoplay; clipboard-write; encrypted-media; gyroscope; picture-in-picture; web-share\" referrerpolicy=\"strict-origin-when-cross-origin\" allowfullscreen><\/iframe>\n<\/div><\/figure>\n\n\n\n<p class=\"wp-block-paragraph\"><\/p>\n\n\n\n<hr class=\"wp-block-separator has-alpha-channel-opacity\"\/>\n\n\n\n<p class=\"wp-block-paragraph\">                                                                                        Nepal<\/p>\n\n\n\n<p class=\"wp-block-paragraph\"><strong>China<\/strong>&nbsp;dista mucho de ser perfecta. Al parecer, el pa\u00eds est\u00e1 intentando encubrir uno de los mayores desastres de construcci\u00f3n de la historia. Fuentes japonesas afirman que las inundaciones en Nepal, que causaron la muerte de m\u00e1s de 5.000 personas, fueron&nbsp;<strong>provocadas por las repetidas explosiones realizadas por China r\u00edo arriba durante la construcci\u00f3n de&nbsp;<\/strong><strong>una presa.<\/strong><\/p>\n\n\n\n<p class=\"wp-block-paragraph\">A pesar de las numerosas v\u00edctimas y los miles de desaparecidos en el&nbsp;<strong>T\u00edbet<\/strong>, los medios estatales chinos se refieren al suceso como las&nbsp;<em>\u00abinundaciones de Nepal\u00bb.<\/em><\/p>\n\n\n\n<p class=\"wp-block-paragraph\">Apenas unos d\u00edas antes del desastre, se grabaron im\u00e1genes en una obra de construcci\u00f3n de una central hidroel\u00e9ctrica cerca de la frontera. Las explosiones y el estruendo ensordecedor de las trituradoras eran omnipresentes, y se estaba construyendo un t\u00fanel mediante la brutal remoci\u00f3n de paredes de roca, pr\u00e1cticamente sin medidas de seguridad ni protecci\u00f3n ambiental alguna.<\/p>\n\n\n\n<p class=\"wp-block-paragraph\">Proyectos como las presas de Rasuwagadhi y Upper Trishuli 3A, que fueron arrasadas por las fuertes lluvias, fueron financiados con capital y empresas chinas.<\/p>\n\n\n\n<p class=\"wp-block-paragraph\">La explicaci\u00f3n oficial del gobierno es que el r\u00edo qued\u00f3 bloqueado por el derrumbe de un glaciar, lo que provoc\u00f3 la rotura de la presa. Pero mienten y ni siquiera pueden ofrecer una versi\u00f3n cre\u00edble de los hechos. Toda la cuenca del r\u00edo se ha convertido en una zona de construcci\u00f3n, donde las explosiones, las excavaciones y los cambios en el lecho del r\u00edo aumentan el riesgo.<\/p>\n\n\n\n<p class=\"wp-block-paragraph\">Se proyecta la construcci\u00f3n de m\u00e1s de 100 centrales hidroel\u00e9ctricas en el T\u00edbet, y las obras ya est\u00e1n en marcha cerca del paso fronterizo de Keelung, en zonas glaciares y s\u00edsmicamente activas. La electricidad se transportar\u00e1 hacia el este, mientras que el agua se desviar\u00e1 hacia el sur.<\/p>\n\n\n\n<p class=\"wp-block-paragraph\">Un deslizamiento de tierra ha creado una represa natural aguas arriba que podr\u00eda ceder en cualquier momento. Si esto ocurriera, Nepal y el estado indio de Bihar, situado aguas abajo, se ver\u00edan afectados casi con toda seguridad.<\/p>\n\n\n\n<p class=\"wp-block-paragraph\">La obsesi\u00f3n de China por el desarrollo de infraestructuras acabar\u00e1 provocando su colapso.<\/p>\n\n\n\n<p class=\"wp-block-paragraph\">Si realmente se hubiera tratado de un desastre natural, los medios chinos lo habr\u00edan cubierto ampliamente. En cambio, la inundaci\u00f3n apenas fue mencionada en los medios oficiales chinos.<\/p>\n\n\n\n<hr class=\"wp-block-separator has-alpha-channel-opacity\"\/>\n\n\n\n<p class=\"wp-block-paragraph\">                                                                                         Cuerpo de Luz<\/p>\n\n\n\n<p class=\"wp-block-paragraph\">El cuerpo de luz es un cuerpo energ\u00e9tico sutil, de naturaleza luminosa, que existe m\u00e1s all\u00e1 del cuerpo f\u00edsico. Se describe como una estructura energ\u00e9tica de alta frecuencia, hecha de luz o energ\u00eda sutil, que rodea, interpenetra o trasciende el cuerpo f\u00edsico. Se asocia con estados elevados de conciencia, despertar espiritual o ascensi\u00f3n. Es el veh\u00edculo a trav\u00e9s del cual el ser se conecta con dimensiones o planos superiores.<\/p>\n\n\n\n<p class=\"wp-block-paragraph\">Se habla de activar o construir el cuerpo de luz mediante meditaciones, trabajo con la energ\u00eda, c\u00f3digos de luz, cristales, etc. Las tradiciones m\u00edsticas hablan del cuerpo causal, el cuerpo de gloria (en el cristianismo), el&nbsp;<em>siddha deha<\/em>&nbsp;o cuerpos sutiles descritos en el yoga y el tantra. Se presenta como el cuerpo que se desarrolla al elevar la frecuencia, permitiendo la transformaci\u00f3n o transici\u00f3n del ser humano hacia un estado multidimensional.<\/p>\n\n\n\n<p class=\"wp-block-paragraph\"><strong>Caracter\u00edsticas<\/strong>:<\/p>\n\n\n\n<ul class=\"wp-block-list\">\n<li>Es luminoso, et\u00e9rico y de alta frecuencia.<\/li>\n\n\n\n<li>No est\u00e1 limitado por el espacio-tiempo f\u00edsico de la misma forma que el cuerpo material.<\/li>\n\n\n\n<li>Se considera el cuerpo verdadero o el\u00a0<strong>veh\u00edculo del alm<\/strong>a en planos superiores.<\/li>\n\n\n\n<li>Su activaci\u00f3n o integraci\u00f3n se relaciona con sanaci\u00f3n profunda,\u00a0<strong>expansi\u00f3n de conciencia<\/strong>\u00a0y conexi\u00f3n con el Ser Superior o la Fuente.<\/li>\n<\/ul>\n\n\n\n<p class=\"wp-block-paragraph\">En resumen, el cuerpo de luz representa la dimensi\u00f3n energ\u00e9tica-luminosa del ser humano, m\u00e1s all\u00e1 de la materia densa. Es una herramienta de trabajo interno utilizada en diversas corrientes m\u00edsticas y de crecimiento espiritual.<\/p>\n\n\n\n<p class=\"wp-block-paragraph\">La&nbsp;<strong>activaci\u00f3n<\/strong>&nbsp;del cuerpo de luz, tambi\u00e9n llamado&nbsp;<em>manto de luz<\/em>&nbsp;o&nbsp;<em>soma pneumaticon<\/em>, se presenta como una t\u00e9cnica precisa que&nbsp;<strong>Jes\u00fas<\/strong>&nbsp;transmiti\u00f3 s\u00f3lo a su c\u00edrculo \u00edntimo (<strong>Mar\u00eda Magdalena, Juan<\/strong>&nbsp;y los m\u00e1s cercanos), seg\u00fan textos gn\u00f3sticos como la&nbsp;<em><strong>Pistis Sophia<\/strong><\/em>. Esta ense\u00f1anza fue&nbsp;<strong>eliminada del cristianismo oficial<\/strong>&nbsp;porque otorga autonom\u00eda espiritual directa.<\/p>\n\n\n\n<p class=\"wp-block-paragraph\">T\u00e9cnica principal de&nbsp;<strong>activaci\u00f3n<\/strong>&nbsp;(4 pasos)<\/p>\n\n\n\n<p class=\"wp-block-paragraph\"><strong>1. Reconocimiento de la naturaleza dual<\/strong><\/p>\n\n\n\n<p class=\"wp-block-paragraph\">Si\u00e9ntate o acu\u00e9state en un lugar tranquilo. Cierra los ojos.<\/p>\n\n\n\n<p class=\"wp-block-paragraph\">Di en voz alta tres veces, despacio y sintiendo cada palabra:<\/p>\n\n\n\n<p class=\"wp-block-paragraph\">\u201c<em>No soy este cuerpo. Soy la conciencia de la luz que habita este cuerpo.\u201d<\/em><\/p>\n\n\n\n<p class=\"wp-block-paragraph\">Despu\u00e9s qu\u00e9date en silencio dos minutos solo observando. Puedes empezar a sentir una presencia sutil alrededor del cuerpo (como una segunda piel energ\u00e9tica).<\/p>\n\n\n\n<p class=\"wp-block-paragraph\"><strong>2. Infundir luz en la forma (respiraci\u00f3n + visualizaci\u00f3n)<\/strong><\/p>\n\n\n\n<p class=\"wp-block-paragraph\">Visualiza una luz divina dorada consciente e inteligente encima de tu cabeza.<\/p>\n\n\n\n<p class=\"wp-block-paragraph\">Inhala lentamente por la nariz y ve c\u00f3mo la luz desciende por la coronilla, baja por la columna y llena todo el torso.<\/p>\n\n\n\n<p class=\"wp-block-paragraph\">Exhala por la boca y expande esa luz hacia fuera, formando un campo luminoso de unos 60 cm alrededor de ti.<\/p>\n\n\n\n<p class=\"wp-block-paragraph\">Haz exactamente 7 respiraciones completas con esta visualizaci\u00f3n.<\/p>\n\n\n\n<p class=\"wp-block-paragraph\"><strong>3. Declaraci\u00f3n de activaci\u00f3n<\/strong><\/p>\n\n\n\n<p class=\"wp-block-paragraph\">Di en voz alta tres veces:<\/p>\n\n\n\n<p class=\"wp-block-paragraph\">\u201cSoy la luz encarnada. Soy conciencia mon\u00e1dica en forma.\u201d<\/p>\n\n\n\n<p class=\"wp-block-paragraph\">Seg\u00fan los v\u00eddeos, en la tercera repetici\u00f3n se \u201csella\u201d la activaci\u00f3n.<\/p>\n\n\n\n<p class=\"wp-block-paragraph\"><strong>4. Integraci\u00f3n y retenci\u00f3n<\/strong><\/p>\n\n\n\n<p class=\"wp-block-paragraph\">Con los ojos cerrados, siente al mismo tiempo:<\/p>\n\n\n\n<p class=\"wp-block-paragraph\">El cuerpo f\u00edsico (peso, temperatura, densidad).<\/p>\n\n\n\n<p class=\"wp-block-paragraph\">El cuerpo de luz (expansi\u00f3n, vibraci\u00f3n sutil, luminosidad).<\/p>\n\n\n\n<p class=\"wp-block-paragraph\">Mant\u00e9n esa doble percepci\u00f3n unos segundos. Esto consolida la activaci\u00f3n y la hace permanente.<\/p>\n\n\n\n<p class=\"wp-block-paragraph\"><strong>Variaciones<\/strong><\/p>\n\n\n\n<p class=\"wp-block-paragraph\">Otra t\u00e9cnica ense\u00f1a cinco respiraciones sagradas espec\u00edficas (Padre Invisible 7-7-7-7, Sophia circular, Cr\u00edstica 4-16-8, Aeons alterna y Pleroma de pie) como m\u00e9todo para absorber luz divina y preparar el cuerpo de luz.<\/p>\n\n\n\n<p class=\"wp-block-paragraph\"><strong>Se\u00f1ales despu\u00e9s de la activaci\u00f3n<\/strong><\/p>\n\n\n\n<p class=\"wp-block-paragraph\">Sensaci\u00f3n de expansi\u00f3n, calor o hormigueo, mayor claridad mental, percepci\u00f3n de una presencia energ\u00e9tica alrededor del cuerpo, y la sensaci\u00f3n de que ya no operas solo desde la identificaci\u00f3n material.<\/p>\n\n\n\n<p class=\"wp-block-paragraph\">La t\u00e9cnica es irreversible una vez completada y s\u00f3lo funciona plenamente en quienes tienen la chispa o configuraci\u00f3n pneum\u00e1tica completa. Se recomienda practicarla preferentemente de noche, en silencio y con sinceridad interna.<\/p>\n\n\n\n<p class=\"wp-block-paragraph\">Esta es la s\u00edntesis de lo que ense\u00f1a el conjunto de los v\u00eddeos que compartiste.<\/p>\n\n\n\n<figure class=\"wp-block-embed is-type-video is-provider-youtube wp-block-embed-youtube wp-embed-aspect-16-9 wp-has-aspect-ratio\"><div class=\"wp-block-embed__wrapper\">\n<iframe title=\"Jes\u00fas ense\u00f1\u00f3 a los elegidos c\u00f3mo activar el cuerpo de luz\" width=\"640\" height=\"360\" src=\"https:\/\/www.youtube.com\/embed\/2hwRdUASeQ4?feature=oembed\" frameborder=\"0\" allow=\"accelerometer; autoplay; clipboard-write; encrypted-media; gyroscope; picture-in-picture; web-share\" referrerpolicy=\"strict-origin-when-cross-origin\" allowfullscreen><\/iframe>\n<\/div><\/figure>\n\n\n\n<figure class=\"wp-block-embed is-type-video is-provider-youtube wp-block-embed-youtube wp-embed-aspect-16-9 wp-has-aspect-ratio\"><div class=\"wp-block-embed__wrapper\">\n<iframe title=\"Jes\u00fas REVEL\u00d3 A los Elegidos C\u00f3mo Activar CUERPO de LUZ - 7 PASOS Que la Iglesia OCULT\u00d3\" width=\"640\" height=\"360\" src=\"https:\/\/www.youtube.com\/embed\/x5FAk38LiUY?feature=oembed\" frameborder=\"0\" allow=\"accelerometer; autoplay; clipboard-write; encrypted-media; gyroscope; picture-in-picture; web-share\" referrerpolicy=\"strict-origin-when-cross-origin\" allowfullscreen><\/iframe>\n<\/div><\/figure>\n\n\n\n<figure class=\"wp-block-embed is-type-video is-provider-youtube wp-block-embed-youtube wp-embed-aspect-16-9 wp-has-aspect-ratio\"><div class=\"wp-block-embed__wrapper\">\n<iframe title=\"Jes\u00fas Ense\u00f1\u00f3 a los Elegidos C\u00f3mo Activar el Cuerpo de Luz \u2014 La Iglesia Elimin\u00f3 Este Cap\u00edtulo\" width=\"640\" height=\"360\" src=\"https:\/\/www.youtube.com\/embed\/sN7RRnSCykI?feature=oembed\" frameborder=\"0\" allow=\"accelerometer; autoplay; clipboard-write; encrypted-media; gyroscope; picture-in-picture; web-share\" referrerpolicy=\"strict-origin-when-cross-origin\" allowfullscreen><\/iframe>\n<\/div><\/figure>\n\n\n\n<figure class=\"wp-block-embed is-type-video is-provider-youtube wp-block-embed-youtube wp-embed-aspect-16-9 wp-has-aspect-ratio\"><div class=\"wp-block-embed__wrapper\">\n<iframe title=\"Jes\u00fas Revel\u00f3 a los Elegidos a Activar el Cuerpo de Luz \u2014 La Iglesia Elimin\u00f3 Este Cap\u00edtulo Gn\u00f3stico\" width=\"640\" height=\"360\" src=\"https:\/\/www.youtube.com\/embed\/mQeLbLTm4JA?feature=oembed\" frameborder=\"0\" allow=\"accelerometer; autoplay; clipboard-write; encrypted-media; gyroscope; picture-in-picture; web-share\" referrerpolicy=\"strict-origin-when-cross-origin\" allowfullscreen><\/iframe>\n<\/div><\/figure>\n\n\n\n<figure class=\"wp-block-embed is-type-video is-provider-youtube wp-block-embed-youtube wp-embed-aspect-16-9 wp-has-aspect-ratio\"><div class=\"wp-block-embed__wrapper\">\n<iframe title=\"El CUERPO de LUZ: La Ense\u00f1anza PROHIBIDA de Jes\u00fas ELIMINADA de la Biblia\" width=\"640\" height=\"360\" src=\"https:\/\/www.youtube.com\/embed\/y4tgop8Kz9U?feature=oembed\" frameborder=\"0\" allow=\"accelerometer; autoplay; clipboard-write; encrypted-media; gyroscope; picture-in-picture; web-share\" referrerpolicy=\"strict-origin-when-cross-origin\" allowfullscreen><\/iframe>\n<\/div><\/figure>\n\n\n\n<figure class=\"wp-block-embed is-provider-youtube wp-block-embed-youtube\"><div class=\"wp-block-embed__wrapper\">\nhttps:\/\/www.youtube.com\/watch?v=3kFCPFANvj0\n<\/div><\/figure>\n\n\n\n<figure class=\"wp-block-embed is-type-video is-provider-youtube wp-block-embed-youtube wp-embed-aspect-16-9 wp-has-aspect-ratio\"><div class=\"wp-block-embed__wrapper\">\n<iframe title=\"Jes\u00fas ense\u00f1\u00f3 5 respiraciones para absorber la luz de Dios\" width=\"640\" height=\"360\" src=\"https:\/\/www.youtube.com\/embed\/rajpXB0Eg9A?feature=oembed\" frameborder=\"0\" allow=\"accelerometer; autoplay; clipboard-write; encrypted-media; gyroscope; picture-in-picture; web-share\" referrerpolicy=\"strict-origin-when-cross-origin\" allowfullscreen><\/iframe>\n<\/div><\/figure>\n\n\n\n<figure class=\"wp-block-embed is-type-video is-provider-youtube wp-block-embed-youtube wp-embed-aspect-16-9 wp-has-aspect-ratio\"><div class=\"wp-block-embed__wrapper\">\n<iframe title=\"Activar el Gen Luz en el Cuerpo F\u00edsico\" width=\"640\" height=\"360\" src=\"https:\/\/www.youtube.com\/embed\/CTHuiYtn-vE?feature=oembed\" frameborder=\"0\" allow=\"accelerometer; autoplay; clipboard-write; encrypted-media; gyroscope; picture-in-picture; web-share\" referrerpolicy=\"strict-origin-when-cross-origin\" allowfullscreen><\/iframe>\n<\/div><\/figure>\n\n\n\n<p class=\"wp-block-paragraph\"><\/p>\n\n\n\n<p class=\"wp-block-paragraph\"><\/p>\n\n\n\n<p class=\"wp-block-paragraph\"><\/p>\n\n\n\n<p class=\"wp-block-paragraph\"><\/p>\n","protected":false},"excerpt":{"rendered":"<p>Miski Liu Suria El cambio mundial no es un espect\u00e1culo sino una operaci\u00f3n secreta, silenciosa&#8230;<\/p>\n","protected":false},"author":16,"featured_media":1385,"comment_status":"open","ping_status":"open","sticky":false,"template":"","format":"standard","meta":{"advanced_seo_description":"","jetpack_seo_html_title":"","jetpack_seo_noindex":false,"jetpack_seo_schema_type":"","_jetpack_newsletter_access":"","_jetpack_dont_email_post_to_subs":false,"_jetpack_newsletter_tier_id":0,"_jetpack_memberships_contains_paywalled_content":false,"_jetpack_feature_clip_id":0,"_jetpack_memberships_contains_paid_content":false,"footnotes":"","jetpack_post_was_ever_published":false},"categories":[38],"tags":[],"class_list":["post-75878","post","type-post","status-publish","format-standard","has-post-thumbnail","hentry","category-pedriodismo-alternativo-y-de-misterio"],"jetpack_sharing_enabled":true,"jetpack-related-posts":[],"amp_enabled":true,"jetpack_featured_media_url":"https:\/\/lagacetadealmeria.com\/wp-content\/uploads\/2024\/11\/LIU-SURIA-Guillermo-Herrera-Plaza.jpg","_links":{"self":[{"href":"https:\/\/lagacetadealmeria.com\/index.php?rest_route=\/wp\/v2\/posts\/75878","targetHints":{"allow":["GET"]}}],"collection":[{"href":"https:\/\/lagacetadealmeria.com\/index.php?rest_route=\/wp\/v2\/posts"}],"about":[{"href":"https:\/\/lagacetadealmeria.com\/index.php?rest_route=\/wp\/v2\/types\/post"}],"author":[{"embeddable":true,"href":"https:\/\/lagacetadealmeria.com\/index.php?rest_route=\/wp\/v2\/users\/16"}],"replies":[{"embeddable":true,"href":"https:\/\/lagacetadealmeria.com\/index.php?rest_route=%2Fwp%2Fv2%2Fcomments&post=75878"}],"version-history":[{"count":1,"href":"https:\/\/lagacetadealmeria.com\/index.php?rest_route=\/wp\/v2\/posts\/75878\/revisions"}],"predecessor-version":[{"id":75880,"href":"https:\/\/lagacetadealmeria.com\/index.php?rest_route=\/wp\/v2\/posts\/75878\/revisions\/75880"}],"wp:featuredmedia":[{"embeddable":true,"href":"https:\/\/lagacetadealmeria.com\/index.php?rest_route=\/wp\/v2\/media\/1385"}],"wp:attachment":[{"href":"https:\/\/lagacetadealmeria.com\/index.php?rest_route=%2Fwp%2Fv2%2Fmedia&parent=75878"}],"wp:term":[{"taxonomy":"category","embeddable":true,"href":"https:\/\/lagacetadealmeria.com\/index.php?rest_route=%2Fwp%2Fv2%2Fcategories&post=75878"},{"taxonomy":"post_tag","embeddable":true,"href":"https:\/\/lagacetadealmeria.com\/index.php?rest_route=%2Fwp%2Fv2%2Ftags&post=75878"}],"curies":[{"name":"wp","href":"https:\/\/api.w.org\/{rel}","templated":true}]}}