                {"id":75881,"date":"2026-09-02T21:33:00","date_gmt":"2026-09-02T21:33:00","guid":{"rendered":"https:\/\/lagacetadealmeria.com\/?p=75881"},"modified":"2026-09-02T21:33:01","modified_gmt":"2026-09-02T21:33:01","slug":"manuel-vera-ballesta-y-almudena-perez-jimenez-seran-los-grandes-protagonistas-de-la-feria-de-huercal-overa-2026","status":"publish","type":"post","link":"https:\/\/lagacetadealmeria.com\/?p=75881","title":{"rendered":"Manuel Vera Ballesta y Almudena P\u00e9rez Jim\u00e9nez ser\u00e1n los grandes protagonistas de la Feria de Hu\u00e9rcal-Overa 2026"},"content":{"rendered":"\n<p class=\"wp-block-paragraph\">El Ayuntamiento de Hu\u00e9rcal-Overa ha desvelado los nombres de las dos figuras clave para sus pr\u00f3ximas fiestas: Manuel Vera Ballesta ha sido designado como pregonero oficial, mientras que Almudena P\u00e9rez Jim\u00e9nez ser\u00e1 la encargada de ilustrar el cartel anunciador de la Feria 2026.<\/p>\n\n\n\n<p class=\"wp-block-paragraph\">El alcalde de la localidad, Domingo Fern\u00e1ndez, acompa\u00f1ado por la concejal de Cultura, Juani Egea, ha mantenido un encuentro en el Consistorio con ambos protagonistas para trasladarles personalmente su felicitaci\u00f3n. Durante la cita, el regidor ha puesto en valor sus trayectorias, subrayando que \u201cambos representan a la perfecci\u00f3n el arraigo, el talento y la identidad de nuestro pueblo, y estamos seguros de que desempe\u00f1ar\u00e1n un papel brillante en nuestra semana grande\u201d.<\/p>\n\n\n\n<p class=\"wp-block-paragraph\">Por su parte, tanto Manuel como Almudena han expresado su profunda gratitud al Ayuntamiento por esta oportunidad. Ambos han confesado sentir un enorme orgullo y la bonita responsabilidad de representar a su municipio en unos d\u00edas tan se\u00f1alados.<\/p>\n\n\n\n<p class=\"wp-block-paragraph\"><strong>Manuel Vera Ballesta, Pregonero de la Feria 2026<\/strong><\/p>\n\n\n\n<p class=\"wp-block-paragraph\">Nacido el 13 de junio de 1969 en la huercalense calle Carril, Manuel Antonio Vera Ballesta es una figura enormemente querida y activa en la vida social y cultural del municipio. Sus a\u00f1os de formaci\u00f3n transcurrieron en el Colegio Virgen del R\u00edo y el hist\u00f3rico Instituto Cura Valera, consolidando despu\u00e9s su vocaci\u00f3n al graduarse como Maestro de Educaci\u00f3n Primaria, especialista en Educaci\u00f3n Musical, por la Universidad de Granada. Profesionalmente, cuenta con una s\u00f3lida trayectoria docente en el Cuerpo de Maestros de la Regi\u00f3n de Murcia.<\/p>\n\n\n\n<p class=\"wp-block-paragraph\">Desde 1988 es miembro de la prestigiosa Tuna de Magisterio de Murcia, con la que ha recorrido los principales teatros de Espa\u00f1a, alz\u00e1ndose en 2018 con el premio al Mejor Solista en el certamen nacional de Villacarrillo. En su tierra, es un aut\u00e9ntico motor de la m\u00fasica en vivo: ha sido fundador de grupos tan recordados en las actuaciones de la Feria como <em>A la bin bon Band<\/em>, <em>Los intocables &amp; C\u00eda<\/em> y <em>Arrumbao<\/em>, y en la actualidad sigue derrochando talento como vocalista de la formaci\u00f3n <em>Kalique\u00f1os<\/em>.<\/p>\n\n\n\n<p class=\"wp-block-paragraph\">A su faceta musical y educativa se une su profunda fe y su compromiso cofrade. Participa de forma muy activa en la vida parroquial de Hu\u00e9rcal-Overa, es miembro de la secci\u00f3n local de la Adoraci\u00f3n Nocturna Espa\u00f1ola y aporta su talento musical cantando en el coro de la parroquia. En el \u00e1mbito de la Semana Santa, es miembro de la Real Hermandad de Nuestra Se\u00f1ora de las Angustias y San Juan (Paso Blanco), donde ha ocupado puestos de gran responsabilidad como Capataz de Nuestro Se\u00f1or de la Ca\u00edda y de la propia Virgen de las Angustias, siendo adem\u00e1s un firme defensor de la divulgaci\u00f3n audiovisual e hist\u00f3rica del patrimonio de su hermandad. En definitiva, un huercalense que a\u00fana ense\u00f1anza, fe, cultura, tradici\u00f3n y fiesta.<\/p>\n\n\n\n<p class=\"wp-block-paragraph\"><strong>Almudena P\u00e9rez Jim\u00e9nez, autora del cartel de la Feria 2026<\/strong><\/p>\n\n\n\n<p class=\"wp-block-paragraph\">Por su parte, Almudena P\u00e9rez Jim\u00e9nez asume el reto de poner imagen a la Feria 2026. Aunque vivi\u00f3 en T\u00edjola hasta los 7 a\u00f1os, se traslad\u00f3 a Hu\u00e9rcal-Overa cuando sus padres abrieron el Restaurante Pizzer\u00eda La Artesa, haciendo de este municipio su verdadero hogar. Criarse en el seno de un negocio familiar le inculc\u00f3 unos f\u00e9rreos valores de esfuerzo, constancia, trabajo y humildad.<\/p>\n\n\n\n<p class=\"wp-block-paragraph\">Su vocaci\u00f3n art\u00edstica comenz\u00f3 a perfilarse durante el Bachillerato de Artes en el IES Cura Valera, donde, observando desde la puerta las clases de Photoshop que impart\u00eda Diego Bonillo, descubri\u00f3 su fascinaci\u00f3n por la creaci\u00f3n digital. Decidida a formarse, estudi\u00f3 Imagen y Sonido y, posteriormente, Fotograf\u00eda Art\u00edstica en la Escuela de Artes de Almer\u00eda, donde se adentr\u00f3 en el mundo de la fotograf\u00eda anal\u00f3gica y el laboratorio. Fue durante sus pr\u00e1cticas en Clemente Jim\u00e9nez Fot\u00f3grafos cuando descubri\u00f3 su verdadera pasi\u00f3n: fotografiar familias y ni\u00f1os.<\/p>\n\n\n\n<p class=\"wp-block-paragraph\">En 2016 abri\u00f3 su propio estudio en Hu\u00e9rcal-Overa. Acompa\u00f1ada siempre por el apoyo de su marido, Juan Luis, y marcada profundamente por el nacimiento de sus hijos, Sof\u00eda y Jorge, Almudena entiende la fotograf\u00eda como una herramienta indispensable para conservar la memoria, viendo crecer a\u00f1o tras a\u00f1o a las familias que pasan por su objetivo.<\/p>\n\n\n\n<p class=\"wp-block-paragraph\">Ante la llamada del alcalde proponi\u00e9ndole ser la autora del cartel, su primera reacci\u00f3n fue de sorpresa al no considerarse estrictamente dise\u00f1adora. Sin embargo, como artista creadora de im\u00e1genes e historias, Almudena decidi\u00f3 salir de su terreno habitual y aceptar este reto para crear algo muy especial para el pueblo en el que ha crecido y desarrollado su vida.<\/p>\n\n\n\n<p class=\"wp-block-paragraph\">Desde el Ayuntamiento de Hu\u00e9rcal-Overa invitan a todos los ciudadanos y visitantes a prepararse para una Feria 2026 que promete ser inolvidable.<\/p>\n\n\n\n<figure class=\"wp-block-image size-full\"><img fetchpriority=\"high\" decoding=\"async\" width=\"700\" height=\"394\" src=\"https:\/\/lagacetadealmeria.com\/wp-content\/uploads\/2026\/09\/El-Ayuntamiento-de-Huercal-Overa-desvela-al-pregonero.jpg\" alt=\"\" class=\"wp-image-75883\" srcset=\"https:\/\/lagacetadealmeria.com\/wp-content\/uploads\/2026\/09\/El-Ayuntamiento-de-Huercal-Overa-desvela-al-pregonero.jpg 700w, https:\/\/lagacetadealmeria.com\/wp-content\/uploads\/2026\/09\/El-Ayuntamiento-de-Huercal-Overa-desvela-al-pregonero-300x169.jpg 300w\" sizes=\"(max-width: 700px) 100vw, 700px\" \/><\/figure>\n","protected":false},"excerpt":{"rendered":"<p>El Ayuntamiento de Hu\u00e9rcal-Overa ha desvelado los nombres de las dos figuras clave para sus&#8230;<\/p>\n","protected":false},"author":12,"featured_media":75883,"comment_status":"open","ping_status":"open","sticky":false,"template":"","format":"standard","meta":{"advanced_seo_description":"","jetpack_seo_html_title":"","jetpack_seo_noindex":false,"jetpack_seo_schema_type":"","_jetpack_newsletter_access":"","_jetpack_dont_email_post_to_subs":false,"_jetpack_newsletter_tier_id":0,"_jetpack_memberships_contains_paywalled_content":false,"_jetpack_feature_clip_id":0,"_jetpack_memberships_contains_paid_content":false,"footnotes":"","jetpack_post_was_ever_published":false},"categories":[37],"tags":[],"class_list":["post-75881","post","type-post","status-publish","format-standard","has-post-thumbnail","hentry","category-provincia"],"jetpack_sharing_enabled":true,"jetpack-related-posts":[],"amp_enabled":true,"jetpack_featured_media_url":"https:\/\/lagacetadealmeria.com\/wp-content\/uploads\/2026\/09\/El-Ayuntamiento-de-Huercal-Overa-desvela-al-pregonero.jpg","_links":{"self":[{"href":"https:\/\/lagacetadealmeria.com\/index.php?rest_route=\/wp\/v2\/posts\/75881","targetHints":{"allow":["GET"]}}],"collection":[{"href":"https:\/\/lagacetadealmeria.com\/index.php?rest_route=\/wp\/v2\/posts"}],"about":[{"href":"https:\/\/lagacetadealmeria.com\/index.php?rest_route=\/wp\/v2\/types\/post"}],"author":[{"embeddable":true,"href":"https:\/\/lagacetadealmeria.com\/index.php?rest_route=\/wp\/v2\/users\/12"}],"replies":[{"embeddable":true,"href":"https:\/\/lagacetadealmeria.com\/index.php?rest_route=%2Fwp%2Fv2%2Fcomments&post=75881"}],"version-history":[{"count":1,"href":"https:\/\/lagacetadealmeria.com\/index.php?rest_route=\/wp\/v2\/posts\/75881\/revisions"}],"predecessor-version":[{"id":75884,"href":"https:\/\/lagacetadealmeria.com\/index.php?rest_route=\/wp\/v2\/posts\/75881\/revisions\/75884"}],"wp:featuredmedia":[{"embeddable":true,"href":"https:\/\/lagacetadealmeria.com\/index.php?rest_route=\/wp\/v2\/media\/75883"}],"wp:attachment":[{"href":"https:\/\/lagacetadealmeria.com\/index.php?rest_route=%2Fwp%2Fv2%2Fmedia&parent=75881"}],"wp:term":[{"taxonomy":"category","embeddable":true,"href":"https:\/\/lagacetadealmeria.com\/index.php?rest_route=%2Fwp%2Fv2%2Fcategories&post=75881"},{"taxonomy":"post_tag","embeddable":true,"href":"https:\/\/lagacetadealmeria.com\/index.php?rest_route=%2Fwp%2Fv2%2Ftags&post=75881"}],"curies":[{"name":"wp","href":"https:\/\/api.w.org\/{rel}","templated":true}]}}