                {"id":75888,"date":"2026-09-02T21:45:08","date_gmt":"2026-09-02T21:45:08","guid":{"rendered":"https:\/\/lagacetadealmeria.com\/?p=75888"},"modified":"2026-09-02T21:45:09","modified_gmt":"2026-09-02T21:45:09","slug":"el-pleno-de-la-corporacion-da-cuenta-de-la-renuncia-de-diego-cruz-mendoza-como-concejal-del-ayuntamiento-de-almeria","status":"publish","type":"post","link":"https:\/\/lagacetadealmeria.com\/?p=75888","title":{"rendered":"El Pleno de la Corporaci\u00f3n da cuenta de la renuncia de Diego Cruz Mendoza como concejal del Ayuntamiento de Almer\u00eda"},"content":{"rendered":"\n<p class=\"wp-block-paragraph\"><strong>La vacante ser\u00e1 ocupada por Sandro Soler Soria, siguiente candidato en la lista del Partido Popular, una vez expedida por la Junta Electoral de Zona la correspondiente credencial como concejal<\/strong><\/p>\n\n\n\n<figure class=\"wp-block-audio\"><audio controls src=\"https:\/\/lagacetadealmeria.com\/wp-content\/uploads\/2026\/09\/SACRAMENTO-SANCHEZ.mp3\"><\/audio><\/figure>\n\n\n\n<p class=\"wp-block-paragraph\"><strong>La portavoz del Grupo Municipal Popular, Sacramento S\u00e1nchez, reconoce y agradece los siete a\u00f1os de trabajo de Cruz al frente del \u00c1rea de Cultura<\/strong><\/p>\n\n\n\n<p class=\"wp-block-paragraph\">El Ayuntamiento de Almer\u00eda ha celebrado esta ma\u00f1ana un Pleno de car\u00e1cter extraordinario que ha tenido como \u00fanico punto del orden del d\u00eda dar cuenta del escrito de renuncia presentado por Diego Cruz Mendoza a su acta de concejal por la lista del Partido Popular, formaliz\u00e1ndose as\u00ed su anunciada salida de la Corporaci\u00f3n Municipal.<\/p>\n\n\n\n<p class=\"wp-block-paragraph\">El secretario general del Pleno ha dado cuenta de la renuncia para, a continuaci\u00f3n, declarar vacante una plaza de concejal del Ayuntamiento de Almer\u00eda correspondiente a la lista del Partido Popular y solicitar a la Junta Electoral de Zona la designaci\u00f3n del siguiente candidato de la candidatura popular y la expedici\u00f3n de la correspondiente credencial.<\/p>\n\n\n\n<p class=\"wp-block-paragraph\">De acuerdo con el orden de la candidatura con la que el Partido Popular concurri\u00f3 a las elecciones municipales de 2023, corresponde cubrir esta vacante a Alejandro (Sandro) Soler Soria, siguiente candidato de la lista, quien podr\u00e1 tomar posesi\u00f3n de su acta de concejal una vez completados los tr\u00e1mites previstos para ello.<\/p>\n\n\n\n<p class=\"wp-block-paragraph\">Durante la sesi\u00f3n, la portavoz del Grupo Municipal Popular, Sacramento S\u00e1nchez, ha defendido que la renuncia de Diego Cruz responde a una decisi\u00f3n personal que debe ser respetada y a una forma de entender la responsabilidad p\u00fablica desde la ejemplaridad. En este sentido, ha destacado que el hasta ahora concejal \u201cha reconocido su error, ha pedido disculpas y ha asumido la responsabilidad pol\u00edtica que consideraba que deb\u00eda asumir\u201d, dando un paso atr\u00e1s y anteponiendo los intereses de los almerienses y de la instituci\u00f3n a los suyos personales. \u201cEso es asumir responsabilidades\u201d, ha recalcado.<\/p>\n\n\n\n<p class=\"wp-block-paragraph\"><strong>Siete a\u00f1os de trabajo por la cultura de Almer\u00eda<\/strong><\/p>\n\n\n\n<p class=\"wp-block-paragraph\">La portavoz popular ha querido diferenciar, en cualquier caso, entre la valoraci\u00f3n de un hecho concreto y la trayectoria desarrollada por Diego Cruz durante sus a\u00f1os como responsable municipal. \u201cUna cosa es valorar, reprobar y condenar pol\u00edticamente un comportamiento concreto cuando corresponde hacerlo, y otra muy distinta es pretender borrar, minimizar o empa\u00f1ar siete a\u00f1os de trabajo al frente de la Cultura de Almer\u00eda\u201d, algo que, ha afirmado, \u201cser\u00eda profundamente injusto\u201d.<\/p>\n\n\n\n<p class=\"wp-block-paragraph\">En este sentido, Sacramento S\u00e1nchez ha ensalzado la labor desarrollada por Cruz durante estos a\u00f1os al frente de las \u00e1reas de Cultura y Educaci\u00f3n, calific\u00e1ndola de \u201cencomiable\u201d. La portavoz ha destacado su trabajo \u201cincansable\u201d para impulsar programaciones culturales y musicales de primer nivel, posicionar a Almer\u00eda en el mapa de los grandes festivales y consolidar acontecimientos que hoy son referentes dentro y fuera de la ciudad.<\/p>\n\n\n\n<p class=\"wp-block-paragraph\">Igualmente, ha subrayado la apuesta realizada durante su gesti\u00f3n por los j\u00f3venes artistas y por el talento almeriense, as\u00ed como su contribuci\u00f3n a proyectar el nombre de Almer\u00eda fuera de sus fronteras. Una actividad cultural que, ha recordado S\u00e1nchez, ha tenido tambi\u00e9n una importante repercusi\u00f3n econ\u00f3mica para la ciudad, generando actividad, atrayendo visitantes y contribuyendo a dinamizar diferentes sectores de la econom\u00eda local.<\/p>\n\n\n\n<p class=\"wp-block-paragraph\"><strong>Continuidad del proyecto municipal<\/strong><\/p>\n\n\n\n<p class=\"wp-block-paragraph\">S\u00e1nchez ha concluido su intervenci\u00f3n defendiendo la solidez del Equipo de Gobierno y la continuidad de su hoja de ruta, cuya prioridad, ha insistido, sigue siendo \u201cAlmer\u00eda y los almerienses\u201d. \u201cNada ni nadie va a desviarnos de nuestro objetivo de seguir trabajando por y para esta ciudad\u201d, ha se\u00f1alado.<\/p>\n\n\n\n<p class=\"wp-block-paragraph\">As\u00ed, ha asegurado que el Equipo de Gobierno continuar\u00e1 impulsando proyectos, mejorando los barrios, fortaleciendo los servicios p\u00fablicos, apoyando la cultura y generando oportunidades para seguir haciendo de Almer\u00eda \u201cuna ciudad cada d\u00eda m\u00e1s din\u00e1mica, m\u00e1s moderna, m\u00e1s atractiva y con m\u00e1s oportunidades para todos\u201d.<\/p>\n\n\n\n<p class=\"wp-block-paragraph\">Por otro lado, la asunci\u00f3n por parte de la alcaldesa, Mar\u00eda del Mar V\u00e1zquez, de las competencias del \u00c1rea de Cultura, Educaci\u00f3n y Tradiciones, hasta ahora asignadas a Diego Cruz, fue ya anunciada a comienzos de esta semana por la concejal de Urbanismo, Vivienda y Fiestas Mayores, Elo\u00edsa Cabrera.<\/p>\n\n\n\n<p class=\"wp-block-paragraph\">De esta forma, y mientras se completa la incorporaci\u00f3n a la Corporaci\u00f3n Municipal de Alejandro (Sandro) Soler Soria, se da continuidad al funcionamiento y gesti\u00f3n de las responsabilidades municipales que hasta ahora correspond\u00edan al concejal saliente.<\/p>\n\n\n\n<figure class=\"wp-block-gallery has-nested-images columns-default is-cropped wp-block-gallery-1 is-layout-flex wp-block-gallery-is-layout-flex\">\n<figure class=\"wp-block-image size-large\"><img fetchpriority=\"high\" decoding=\"async\" width=\"700\" height=\"467\" data-id=\"75891\" src=\"https:\/\/lagacetadealmeria.com\/wp-content\/uploads\/2026\/09\/Pleno-2-septiembre-2026-2.jpg\" alt=\"\" class=\"wp-image-75891\" srcset=\"https:\/\/lagacetadealmeria.com\/wp-content\/uploads\/2026\/09\/Pleno-2-septiembre-2026-2.jpg 700w, https:\/\/lagacetadealmeria.com\/wp-content\/uploads\/2026\/09\/Pleno-2-septiembre-2026-2-300x200.jpg 300w\" sizes=\"(max-width: 700px) 100vw, 700px\" \/><\/figure>\n\n\n\n<figure class=\"wp-block-image size-large\"><img decoding=\"async\" width=\"700\" height=\"467\" data-id=\"75892\" src=\"https:\/\/lagacetadealmeria.com\/wp-content\/uploads\/2026\/09\/Pleno-2-septiembre-2026-1.jpg\" alt=\"\" class=\"wp-image-75892\" srcset=\"https:\/\/lagacetadealmeria.com\/wp-content\/uploads\/2026\/09\/Pleno-2-septiembre-2026-1.jpg 700w, https:\/\/lagacetadealmeria.com\/wp-content\/uploads\/2026\/09\/Pleno-2-septiembre-2026-1-300x200.jpg 300w\" sizes=\"(max-width: 700px) 100vw, 700px\" \/><\/figure>\n\n\n\n<figure class=\"wp-block-image size-large\"><img decoding=\"async\" width=\"700\" height=\"467\" data-id=\"75894\" src=\"https:\/\/lagacetadealmeria.com\/wp-content\/uploads\/2026\/09\/Pleno-2-septiembre-2026-3.jpg\" alt=\"\" class=\"wp-image-75894\" srcset=\"https:\/\/lagacetadealmeria.com\/wp-content\/uploads\/2026\/09\/Pleno-2-septiembre-2026-3.jpg 700w, https:\/\/lagacetadealmeria.com\/wp-content\/uploads\/2026\/09\/Pleno-2-septiembre-2026-3-300x200.jpg 300w\" sizes=\"(max-width: 700px) 100vw, 700px\" \/><\/figure>\n\n\n\n<figure class=\"wp-block-image size-large\"><img loading=\"lazy\" decoding=\"async\" width=\"700\" height=\"467\" data-id=\"75893\" src=\"https:\/\/lagacetadealmeria.com\/wp-content\/uploads\/2026\/09\/Pleno-2-septiembre-2026.jpg\" alt=\"\" class=\"wp-image-75893\" srcset=\"https:\/\/lagacetadealmeria.com\/wp-content\/uploads\/2026\/09\/Pleno-2-septiembre-2026.jpg 700w, https:\/\/lagacetadealmeria.com\/wp-content\/uploads\/2026\/09\/Pleno-2-septiembre-2026-300x200.jpg 300w\" sizes=\"(max-width: 700px) 100vw, 700px\" \/><\/figure>\n<\/figure>\n\n\n\n<figure class=\"wp-block-embed is-type-video is-provider-youtube wp-block-embed-youtube wp-embed-aspect-16-9 wp-has-aspect-ratio\"><div class=\"wp-block-embed__wrapper\">\n<iframe title=\"El Pleno de la Corporaci\u00f3n da cuenta de la renuncia de Diego Cruz Mendoza como concejal\" width=\"640\" height=\"360\" src=\"https:\/\/www.youtube.com\/embed\/lAtmfFocqdk?feature=oembed\" frameborder=\"0\" allow=\"accelerometer; autoplay; clipboard-write; encrypted-media; gyroscope; picture-in-picture; web-share\" referrerpolicy=\"strict-origin-when-cross-origin\" allowfullscreen><\/iframe>\n<\/div><\/figure>\n","protected":false},"excerpt":{"rendered":"<p>La vacante ser\u00e1 ocupada por Sandro Soler Soria, siguiente candidato en la lista del Partido&#8230;<\/p>\n","protected":false},"author":12,"featured_media":75894,"comment_status":"open","ping_status":"open","sticky":false,"template":"","format":"standard","meta":{"advanced_seo_description":"","jetpack_seo_html_title":"","jetpack_seo_noindex":false,"jetpack_seo_schema_type":"","_jetpack_newsletter_access":"","_jetpack_dont_email_post_to_subs":false,"_jetpack_newsletter_tier_id":0,"_jetpack_memberships_contains_paywalled_content":false,"_jetpack_feature_clip_id":0,"_jetpack_memberships_contains_paid_content":false,"footnotes":"","jetpack_post_was_ever_published":false},"categories":[22],"tags":[],"class_list":["post-75888","post","type-post","status-publish","format-standard","has-post-thumbnail","hentry","category-almeria"],"jetpack_sharing_enabled":true,"jetpack-related-posts":[],"amp_enabled":true,"jetpack_featured_media_url":"https:\/\/lagacetadealmeria.com\/wp-content\/uploads\/2026\/09\/Pleno-2-septiembre-2026-3.jpg","_links":{"self":[{"href":"https:\/\/lagacetadealmeria.com\/index.php?rest_route=\/wp\/v2\/posts\/75888","targetHints":{"allow":["GET"]}}],"collection":[{"href":"https:\/\/lagacetadealmeria.com\/index.php?rest_route=\/wp\/v2\/posts"}],"about":[{"href":"https:\/\/lagacetadealmeria.com\/index.php?rest_route=\/wp\/v2\/types\/post"}],"author":[{"embeddable":true,"href":"https:\/\/lagacetadealmeria.com\/index.php?rest_route=\/wp\/v2\/users\/12"}],"replies":[{"embeddable":true,"href":"https:\/\/lagacetadealmeria.com\/index.php?rest_route=%2Fwp%2Fv2%2Fcomments&post=75888"}],"version-history":[{"count":1,"href":"https:\/\/lagacetadealmeria.com\/index.php?rest_route=\/wp\/v2\/posts\/75888\/revisions"}],"predecessor-version":[{"id":75895,"href":"https:\/\/lagacetadealmeria.com\/index.php?rest_route=\/wp\/v2\/posts\/75888\/revisions\/75895"}],"wp:featuredmedia":[{"embeddable":true,"href":"https:\/\/lagacetadealmeria.com\/index.php?rest_route=\/wp\/v2\/media\/75894"}],"wp:attachment":[{"href":"https:\/\/lagacetadealmeria.com\/index.php?rest_route=%2Fwp%2Fv2%2Fmedia&parent=75888"}],"wp:term":[{"taxonomy":"category","embeddable":true,"href":"https:\/\/lagacetadealmeria.com\/index.php?rest_route=%2Fwp%2Fv2%2Fcategories&post=75888"},{"taxonomy":"post_tag","embeddable":true,"href":"https:\/\/lagacetadealmeria.com\/index.php?rest_route=%2Fwp%2Fv2%2Ftags&post=75888"}],"curies":[{"name":"wp","href":"https:\/\/api.w.org\/{rel}","templated":true}]}}