                {"id":75909,"date":"2026-09-02T22:25:34","date_gmt":"2026-09-02T22:25:34","guid":{"rendered":"https:\/\/lagacetadealmeria.com\/?p=75909"},"modified":"2026-09-02T22:29:47","modified_gmt":"2026-09-02T22:29:47","slug":"almeria-abraza-a-ceuta-y-exige-al-gobierno-poner-a-su-disposicion-todos-los-recursos-necesarios-para-afrontar-una-situacion-que-pone-a-prueba-a-espana","status":"publish","type":"post","link":"https:\/\/lagacetadealmeria.com\/?p=75909","title":{"rendered":"Almer\u00eda abraza a Ceuta y exige al Gobierno poner a su disposici\u00f3n todos los recursos necesarios para afrontar una situaci\u00f3n \u201cque pone a prueba a Espa\u00f1a\u201d"},"content":{"rendered":"\n<p class=\"wp-block-paragraph\"><strong>La alcaldesa y el presidente de la Diputaci\u00f3n leen el Manifiesto de la Federaci\u00f3n Espa\u00f1ola de Municipios y Provincias ante m\u00e1s de 14.000 personas que han mostrado su solidaridad y apoyo al pueblo ceut\u00ed<\/strong><\/p>\n\n\n\n<figure class=\"wp-block-audio\"><audio controls src=\"https:\/\/lagacetadealmeria.com\/wp-content\/uploads\/2026\/09\/ALCALDESA-CONCENTRACION-APOYO-CEUTA.mp3\"><\/audio><\/figure>\n\n\n\n<figure class=\"wp-block-audio\"><audio controls src=\"https:\/\/lagacetadealmeria.com\/wp-content\/uploads\/2026\/09\/CORTE-ALCALDESA-SEDE-HERMANDADES.mp3\"><\/audio><\/figure>\n\n\n\n<figure class=\"wp-block-audio\"><audio controls src=\"https:\/\/lagacetadealmeria.com\/wp-content\/uploads\/2026\/09\/JOSE-ANTONIO-GARCIA-PRESIDENTE-DIPUTACION-CONCENTRACION-APOYO-CEUTA-1.mp3\"><\/audio><\/figure>\n\n\n\n<figure class=\"wp-block-audio\"><audio controls src=\"https:\/\/lagacetadealmeria.com\/wp-content\/uploads\/2026\/09\/CORTE-ANTONIO-GOMEZ-CANTERO-OBISPO-DIOCESIS-ALMERIA-1.mp3\"><\/audio><\/figure>\n\n\n\n<figure class=\"wp-block-audio\"><audio controls src=\"https:\/\/lagacetadealmeria.com\/wp-content\/uploads\/2026\/09\/JOSE-RAFAEL-SOTO-PRESIDENTE-AGRUPACION-HERMANDADES-Y-COFRADIAS.mp3\"><\/audio><\/figure>\n\n\n\n<figure class=\"wp-block-audio\"><audio controls src=\"https:\/\/lagacetadealmeria.com\/wp-content\/uploads\/2026\/09\/SACRAMENTO-SANCHEZ-1.mp3\"><\/audio><\/figure>\n\n\n\n<p class=\"wp-block-paragraph\">M\u00e1s de 14.000 personas se han concentrado este mi\u00e9rcoles en la Plaza de la Constituci\u00f3n y calles aleda\u00f1as ante la convocatoria realizada por la Federaci\u00f3n Espa\u00f1ola de Municipios y Provincias (FEMP) \u201cpor la grave situaci\u00f3n que afronta la Ciudad Aut\u00f3noma ante los hechos acaecidos los d\u00edas 30 y 31 de julio\u201d y a la que no dudaron en sumarse el Ayuntamiento de Almer\u00eda y la Diputaci\u00f3n. En un ambiente c\u00edvico, pac\u00edfico, ordenado y reivindicativo, los almerienses han querido mostrar su apoyo y solidaridad con el pueblo ceut\u00ed, que ha visto alterada su rutina y normalidad desde la entrada irregular de varias decenas de miles de personas migrantes, de las que a\u00fan un n\u00famero importante contin\u00faan en sus calles.<\/p>\n\n\n\n<p class=\"wp-block-paragraph\">La alcaldesa de Almer\u00eda, Mar\u00eda del Mar V\u00e1zquez, y el presidente de la Diputaci\u00f3n Provincial, Jos\u00e9 Antonio Garc\u00eda Alcaina, han sido los encargados de leer el Manifiesto de la FEMP desde el balc\u00f3n de las Casas Consistoriales. Un texto en el que, coincidiendo con el D\u00eda de Ceuta, se expresa \u201cel apoyo firme y sin fisuras a todos los ceut\u00eds\u201d. \u201cCeuta y sus ciudadanos est\u00e1n afrontando una presi\u00f3n extraordinaria que est\u00e1 poniendo a prueba sus recursos, sus servicios p\u00fablicos y su capacidad para mantener la normalidad. Pero tambi\u00e9n est\u00e1 poniendo a prueba a Espa\u00f1a: nuestra capacidad para proteger nuestras fronteras, garantizar la seguridad y defender la integridad de nuestro territorio\u201d, asegura el Manifiesto.<\/p>\n\n\n\n<p class=\"wp-block-paragraph\">Por ello, el mensaje ha sido claro: Ceuta no est\u00e1 sola. Una consigna que han repetido en numerosas ocasiones los asistentes a la concentraci\u00f3n, entre los que se encontraban adem\u00e1s miembros del Equipo de Gobierno y de la Corporaci\u00f3n municipal y otros representantes de la sociedad civil de la ciudad de Almer\u00eda.<\/p>\n\n\n\n<p class=\"wp-block-paragraph\">El texto, que hace referencia a la soberan\u00eda nacional y la integridad territorial, recuerda que lo ocurrido en Ceuta \u201cno es un problema migratorio, sino un ataque a la soberan\u00eda que nos afecta a todos\u201d. Los ayuntamientos de Espa\u00f1a, incluidos el de Almer\u00eda, han exigido una respuesta del Estado \u201cante esta situaci\u00f3n excepcional donde las haya\u201d.<\/p>\n\n\n\n<p class=\"wp-block-paragraph\">Igualmente, la ciudad de Almer\u00eda ha reconocido \u201cel ejemplo que ha dado Ceuta al conjunto de Espa\u00f1a en cuanto a serenidad, responsabilidad y solidaridad demostrada en esta situaci\u00f3n extraordinaria\u201d y ha aplaudido \u201cla labor de todos los profesionales y servidores p\u00fablicos que est\u00e1n sosteniendo esta emergencia y trabajando para garantizar la seguridad, los servicios esenciales y la convivencia\u201d.<\/p>\n\n\n\n<p class=\"wp-block-paragraph\">El Manifiesto exige al Gobierno de Espa\u00f1a reforzar los medios del Estado en Ceuta, que garantice la seguridad y el control de la frontera y que ponga a disposici\u00f3n de la ciudad Aut\u00f3noma los recursos econ\u00f3micos, materiales y humanos necesarios para afrontar esta situaci\u00f3n, ayudando a recuperar la actividad, la confianza y la imagen de Ceuta. Igualmente, exige que el Gobierno acelere el retorno de quienes entraron ilegalmente en nuestro pa\u00eds. \u201cSiendo esta la \u00fanica forma de recuperar la normalidad\u201d, a\u00f1ade un texto que \u201cdefiende una convivencia basada en el respeto y rechaza cualquier forma de odio, racismo o enfrentamiento\u201d.<\/p>\n\n\n\n<p class=\"wp-block-paragraph\">\u201cProteger Ceuta es proteger Espa\u00f1a y defender Ceuta es defender nuestra seguridad y nuestra convivencia, porque hay cosas que nos unen por encima de cualquier diferencia. Ceuta somos todos. Los almerienses estamos con Ceuta\u201d, han finalizado Mar\u00eda del Mar V\u00e1zquez y Jos\u00e9 Antonio Garc\u00eda Alcaina ante los aplausos de una Plaza de la Constituci\u00f3n abarrotada de almerienses que han portado banderas de Espa\u00f1a y de Ceuta.<\/p>\n\n\n\n<figure class=\"wp-block-gallery has-nested-images columns-default is-cropped wp-block-gallery-1 is-layout-flex wp-block-gallery-is-layout-flex\">\n<figure class=\"wp-block-image size-large\"><img fetchpriority=\"high\" decoding=\"async\" width=\"700\" height=\"467\" data-id=\"75911\" src=\"https:\/\/lagacetadealmeria.com\/wp-content\/uploads\/2026\/09\/Concentracion-apoyo-Ceuta-1.jpg\" alt=\"\" class=\"wp-image-75911\" srcset=\"https:\/\/lagacetadealmeria.com\/wp-content\/uploads\/2026\/09\/Concentracion-apoyo-Ceuta-1.jpg 700w, https:\/\/lagacetadealmeria.com\/wp-content\/uploads\/2026\/09\/Concentracion-apoyo-Ceuta-1-300x200.jpg 300w\" sizes=\"(max-width: 700px) 100vw, 700px\" \/><\/figure>\n\n\n\n<figure class=\"wp-block-image size-large\"><img decoding=\"async\" width=\"683\" height=\"1024\" data-id=\"75915\" src=\"https:\/\/lagacetadealmeria.com\/wp-content\/uploads\/2026\/09\/Concentracion-apoyo-Ceuta-24-683x1024.jpg\" alt=\"\" class=\"wp-image-75915\" srcset=\"https:\/\/lagacetadealmeria.com\/wp-content\/uploads\/2026\/09\/Concentracion-apoyo-Ceuta-24-683x1024.jpg 683w, https:\/\/lagacetadealmeria.com\/wp-content\/uploads\/2026\/09\/Concentracion-apoyo-Ceuta-24-200x300.jpg 200w, https:\/\/lagacetadealmeria.com\/wp-content\/uploads\/2026\/09\/Concentracion-apoyo-Ceuta-24.jpg 700w\" sizes=\"(max-width: 683px) 100vw, 683px\" \/><\/figure>\n\n\n\n<figure class=\"wp-block-image size-large\"><img decoding=\"async\" width=\"700\" height=\"467\" data-id=\"75912\" src=\"https:\/\/lagacetadealmeria.com\/wp-content\/uploads\/2026\/09\/Concentracion-apoyo-Ceuta-23.jpg\" alt=\"\" class=\"wp-image-75912\" srcset=\"https:\/\/lagacetadealmeria.com\/wp-content\/uploads\/2026\/09\/Concentracion-apoyo-Ceuta-23.jpg 700w, https:\/\/lagacetadealmeria.com\/wp-content\/uploads\/2026\/09\/Concentracion-apoyo-Ceuta-23-300x200.jpg 300w\" sizes=\"(max-width: 700px) 100vw, 700px\" \/><\/figure>\n\n\n\n<figure class=\"wp-block-image size-large\"><img loading=\"lazy\" decoding=\"async\" width=\"683\" height=\"1024\" data-id=\"75913\" src=\"https:\/\/lagacetadealmeria.com\/wp-content\/uploads\/2026\/09\/Concentracion-apoyo-Ceuta-22-683x1024.jpg\" alt=\"\" class=\"wp-image-75913\" srcset=\"https:\/\/lagacetadealmeria.com\/wp-content\/uploads\/2026\/09\/Concentracion-apoyo-Ceuta-22-683x1024.jpg 683w, https:\/\/lagacetadealmeria.com\/wp-content\/uploads\/2026\/09\/Concentracion-apoyo-Ceuta-22-200x300.jpg 200w, https:\/\/lagacetadealmeria.com\/wp-content\/uploads\/2026\/09\/Concentracion-apoyo-Ceuta-22.jpg 700w\" sizes=\"(max-width: 683px) 100vw, 683px\" \/><\/figure>\n\n\n\n<figure class=\"wp-block-image size-large\"><img loading=\"lazy\" decoding=\"async\" width=\"683\" height=\"1024\" data-id=\"75916\" src=\"https:\/\/lagacetadealmeria.com\/wp-content\/uploads\/2026\/09\/Concentracion-apoyo-Ceuta-21-683x1024.jpg\" alt=\"\" class=\"wp-image-75916\" srcset=\"https:\/\/lagacetadealmeria.com\/wp-content\/uploads\/2026\/09\/Concentracion-apoyo-Ceuta-21-683x1024.jpg 683w, https:\/\/lagacetadealmeria.com\/wp-content\/uploads\/2026\/09\/Concentracion-apoyo-Ceuta-21-200x300.jpg 200w, https:\/\/lagacetadealmeria.com\/wp-content\/uploads\/2026\/09\/Concentracion-apoyo-Ceuta-21.jpg 700w\" sizes=\"(max-width: 683px) 100vw, 683px\" \/><\/figure>\n\n\n\n<figure class=\"wp-block-image size-large\"><img loading=\"lazy\" decoding=\"async\" width=\"683\" height=\"1024\" data-id=\"75914\" src=\"https:\/\/lagacetadealmeria.com\/wp-content\/uploads\/2026\/09\/Concentracion-apoyo-Ceuta-19-683x1024.jpg\" alt=\"\" class=\"wp-image-75914\" srcset=\"https:\/\/lagacetadealmeria.com\/wp-content\/uploads\/2026\/09\/Concentracion-apoyo-Ceuta-19-683x1024.jpg 683w, https:\/\/lagacetadealmeria.com\/wp-content\/uploads\/2026\/09\/Concentracion-apoyo-Ceuta-19-200x300.jpg 200w, https:\/\/lagacetadealmeria.com\/wp-content\/uploads\/2026\/09\/Concentracion-apoyo-Ceuta-19.jpg 700w\" sizes=\"(max-width: 683px) 100vw, 683px\" \/><\/figure>\n\n\n\n<figure class=\"wp-block-image size-large\"><img loading=\"lazy\" decoding=\"async\" width=\"683\" height=\"1024\" data-id=\"75917\" src=\"https:\/\/lagacetadealmeria.com\/wp-content\/uploads\/2026\/09\/Concentracion-apoyo-Ceuta-20-683x1024.jpg\" alt=\"\" class=\"wp-image-75917\" srcset=\"https:\/\/lagacetadealmeria.com\/wp-content\/uploads\/2026\/09\/Concentracion-apoyo-Ceuta-20-683x1024.jpg 683w, https:\/\/lagacetadealmeria.com\/wp-content\/uploads\/2026\/09\/Concentracion-apoyo-Ceuta-20-200x300.jpg 200w, https:\/\/lagacetadealmeria.com\/wp-content\/uploads\/2026\/09\/Concentracion-apoyo-Ceuta-20.jpg 700w\" sizes=\"(max-width: 683px) 100vw, 683px\" \/><\/figure>\n\n\n\n<figure class=\"wp-block-image size-large\"><img loading=\"lazy\" decoding=\"async\" width=\"700\" height=\"467\" data-id=\"75918\" src=\"https:\/\/lagacetadealmeria.com\/wp-content\/uploads\/2026\/09\/Concentracion-apoyo-Ceuta-18.jpg\" alt=\"\" class=\"wp-image-75918\" srcset=\"https:\/\/lagacetadealmeria.com\/wp-content\/uploads\/2026\/09\/Concentracion-apoyo-Ceuta-18.jpg 700w, https:\/\/lagacetadealmeria.com\/wp-content\/uploads\/2026\/09\/Concentracion-apoyo-Ceuta-18-300x200.jpg 300w\" sizes=\"(max-width: 700px) 100vw, 700px\" \/><\/figure>\n\n\n\n<figure class=\"wp-block-image size-large\"><img loading=\"lazy\" decoding=\"async\" width=\"700\" height=\"467\" data-id=\"75919\" src=\"https:\/\/lagacetadealmeria.com\/wp-content\/uploads\/2026\/09\/Concentracion-apoyo-Ceuta-17.jpg\" alt=\"\" class=\"wp-image-75919\" srcset=\"https:\/\/lagacetadealmeria.com\/wp-content\/uploads\/2026\/09\/Concentracion-apoyo-Ceuta-17.jpg 700w, https:\/\/lagacetadealmeria.com\/wp-content\/uploads\/2026\/09\/Concentracion-apoyo-Ceuta-17-300x200.jpg 300w\" sizes=\"(max-width: 700px) 100vw, 700px\" \/><\/figure>\n\n\n\n<figure class=\"wp-block-image size-large\"><img loading=\"lazy\" decoding=\"async\" width=\"700\" height=\"467\" data-id=\"75921\" src=\"https:\/\/lagacetadealmeria.com\/wp-content\/uploads\/2026\/09\/Concentracion-apoyo-Ceuta-16.jpg\" alt=\"\" class=\"wp-image-75921\" srcset=\"https:\/\/lagacetadealmeria.com\/wp-content\/uploads\/2026\/09\/Concentracion-apoyo-Ceuta-16.jpg 700w, https:\/\/lagacetadealmeria.com\/wp-content\/uploads\/2026\/09\/Concentracion-apoyo-Ceuta-16-300x200.jpg 300w\" sizes=\"(max-width: 700px) 100vw, 700px\" \/><\/figure>\n\n\n\n<figure class=\"wp-block-image size-large\"><img loading=\"lazy\" decoding=\"async\" width=\"700\" height=\"467\" data-id=\"75922\" src=\"https:\/\/lagacetadealmeria.com\/wp-content\/uploads\/2026\/09\/Concentracion-apoyo-Ceuta-15.jpg\" alt=\"\" class=\"wp-image-75922\" srcset=\"https:\/\/lagacetadealmeria.com\/wp-content\/uploads\/2026\/09\/Concentracion-apoyo-Ceuta-15.jpg 700w, https:\/\/lagacetadealmeria.com\/wp-content\/uploads\/2026\/09\/Concentracion-apoyo-Ceuta-15-300x200.jpg 300w\" sizes=\"(max-width: 700px) 100vw, 700px\" \/><\/figure>\n\n\n\n<figure class=\"wp-block-image size-large\"><img loading=\"lazy\" decoding=\"async\" width=\"683\" height=\"1024\" data-id=\"75920\" src=\"https:\/\/lagacetadealmeria.com\/wp-content\/uploads\/2026\/09\/Concentracion-apoyo-Ceuta-14-683x1024.jpg\" alt=\"\" class=\"wp-image-75920\" srcset=\"https:\/\/lagacetadealmeria.com\/wp-content\/uploads\/2026\/09\/Concentracion-apoyo-Ceuta-14-683x1024.jpg 683w, https:\/\/lagacetadealmeria.com\/wp-content\/uploads\/2026\/09\/Concentracion-apoyo-Ceuta-14-200x300.jpg 200w, https:\/\/lagacetadealmeria.com\/wp-content\/uploads\/2026\/09\/Concentracion-apoyo-Ceuta-14.jpg 700w\" sizes=\"(max-width: 683px) 100vw, 683px\" \/><\/figure>\n\n\n\n<figure class=\"wp-block-image size-large\"><img loading=\"lazy\" decoding=\"async\" width=\"683\" height=\"1024\" data-id=\"75923\" src=\"https:\/\/lagacetadealmeria.com\/wp-content\/uploads\/2026\/09\/Concentracion-apoyo-Ceuta-13-683x1024.jpg\" alt=\"\" class=\"wp-image-75923\" srcset=\"https:\/\/lagacetadealmeria.com\/wp-content\/uploads\/2026\/09\/Concentracion-apoyo-Ceuta-13-683x1024.jpg 683w, https:\/\/lagacetadealmeria.com\/wp-content\/uploads\/2026\/09\/Concentracion-apoyo-Ceuta-13-200x300.jpg 200w, https:\/\/lagacetadealmeria.com\/wp-content\/uploads\/2026\/09\/Concentracion-apoyo-Ceuta-13.jpg 700w\" sizes=\"(max-width: 683px) 100vw, 683px\" \/><\/figure>\n\n\n\n<figure class=\"wp-block-image size-large\"><img loading=\"lazy\" decoding=\"async\" width=\"683\" height=\"1024\" data-id=\"75924\" src=\"https:\/\/lagacetadealmeria.com\/wp-content\/uploads\/2026\/09\/Concentracion-apoyo-Ceuta-12-683x1024.jpg\" alt=\"\" class=\"wp-image-75924\" srcset=\"https:\/\/lagacetadealmeria.com\/wp-content\/uploads\/2026\/09\/Concentracion-apoyo-Ceuta-12-683x1024.jpg 683w, https:\/\/lagacetadealmeria.com\/wp-content\/uploads\/2026\/09\/Concentracion-apoyo-Ceuta-12-200x300.jpg 200w, https:\/\/lagacetadealmeria.com\/wp-content\/uploads\/2026\/09\/Concentracion-apoyo-Ceuta-12.jpg 700w\" sizes=\"(max-width: 683px) 100vw, 683px\" \/><\/figure>\n\n\n\n<figure class=\"wp-block-image size-large\"><img loading=\"lazy\" decoding=\"async\" width=\"683\" height=\"1024\" data-id=\"75925\" src=\"https:\/\/lagacetadealmeria.com\/wp-content\/uploads\/2026\/09\/Concentracion-apoyo-Ceuta-11-683x1024.jpg\" alt=\"\" class=\"wp-image-75925\" srcset=\"https:\/\/lagacetadealmeria.com\/wp-content\/uploads\/2026\/09\/Concentracion-apoyo-Ceuta-11-683x1024.jpg 683w, https:\/\/lagacetadealmeria.com\/wp-content\/uploads\/2026\/09\/Concentracion-apoyo-Ceuta-11-200x300.jpg 200w, https:\/\/lagacetadealmeria.com\/wp-content\/uploads\/2026\/09\/Concentracion-apoyo-Ceuta-11.jpg 700w\" sizes=\"(max-width: 683px) 100vw, 683px\" \/><\/figure>\n\n\n\n<figure class=\"wp-block-image size-large\"><img loading=\"lazy\" decoding=\"async\" width=\"700\" height=\"467\" data-id=\"75927\" src=\"https:\/\/lagacetadealmeria.com\/wp-content\/uploads\/2026\/09\/Concentracion-apoyo-Ceuta-10.jpg\" alt=\"\" class=\"wp-image-75927\" srcset=\"https:\/\/lagacetadealmeria.com\/wp-content\/uploads\/2026\/09\/Concentracion-apoyo-Ceuta-10.jpg 700w, https:\/\/lagacetadealmeria.com\/wp-content\/uploads\/2026\/09\/Concentracion-apoyo-Ceuta-10-300x200.jpg 300w\" sizes=\"(max-width: 700px) 100vw, 700px\" \/><\/figure>\n\n\n\n<figure class=\"wp-block-image size-large\"><img loading=\"lazy\" decoding=\"async\" width=\"700\" height=\"467\" data-id=\"75926\" src=\"https:\/\/lagacetadealmeria.com\/wp-content\/uploads\/2026\/09\/Concentracion-apoyo-Ceuta-9.jpg\" alt=\"\" class=\"wp-image-75926\" srcset=\"https:\/\/lagacetadealmeria.com\/wp-content\/uploads\/2026\/09\/Concentracion-apoyo-Ceuta-9.jpg 700w, https:\/\/lagacetadealmeria.com\/wp-content\/uploads\/2026\/09\/Concentracion-apoyo-Ceuta-9-300x200.jpg 300w\" sizes=\"(max-width: 700px) 100vw, 700px\" \/><\/figure>\n\n\n\n<figure class=\"wp-block-image size-large\"><img loading=\"lazy\" decoding=\"async\" width=\"683\" height=\"1024\" data-id=\"75928\" src=\"https:\/\/lagacetadealmeria.com\/wp-content\/uploads\/2026\/09\/Concentracion-apoyo-Ceuta-8-683x1024.jpg\" alt=\"\" class=\"wp-image-75928\" srcset=\"https:\/\/lagacetadealmeria.com\/wp-content\/uploads\/2026\/09\/Concentracion-apoyo-Ceuta-8-683x1024.jpg 683w, https:\/\/lagacetadealmeria.com\/wp-content\/uploads\/2026\/09\/Concentracion-apoyo-Ceuta-8-200x300.jpg 200w, https:\/\/lagacetadealmeria.com\/wp-content\/uploads\/2026\/09\/Concentracion-apoyo-Ceuta-8.jpg 700w\" sizes=\"(max-width: 683px) 100vw, 683px\" \/><\/figure>\n\n\n\n<figure class=\"wp-block-image size-large\"><img loading=\"lazy\" decoding=\"async\" width=\"700\" height=\"467\" data-id=\"75929\" src=\"https:\/\/lagacetadealmeria.com\/wp-content\/uploads\/2026\/09\/Concentracion-apoyo-Ceuta-7.jpg\" alt=\"\" class=\"wp-image-75929\" srcset=\"https:\/\/lagacetadealmeria.com\/wp-content\/uploads\/2026\/09\/Concentracion-apoyo-Ceuta-7.jpg 700w, https:\/\/lagacetadealmeria.com\/wp-content\/uploads\/2026\/09\/Concentracion-apoyo-Ceuta-7-300x200.jpg 300w\" sizes=\"(max-width: 700px) 100vw, 700px\" \/><\/figure>\n\n\n\n<figure class=\"wp-block-image size-large\"><img loading=\"lazy\" decoding=\"async\" width=\"683\" height=\"1024\" data-id=\"75930\" src=\"https:\/\/lagacetadealmeria.com\/wp-content\/uploads\/2026\/09\/Almeria-Concentracion-apoyo-Ceuta-5-683x1024.jpg\" alt=\"\" class=\"wp-image-75930\" srcset=\"https:\/\/lagacetadealmeria.com\/wp-content\/uploads\/2026\/09\/Almeria-Concentracion-apoyo-Ceuta-5-683x1024.jpg 683w, https:\/\/lagacetadealmeria.com\/wp-content\/uploads\/2026\/09\/Almeria-Concentracion-apoyo-Ceuta-5-200x300.jpg 200w, https:\/\/lagacetadealmeria.com\/wp-content\/uploads\/2026\/09\/Almeria-Concentracion-apoyo-Ceuta-5.jpg 700w\" sizes=\"(max-width: 683px) 100vw, 683px\" \/><\/figure>\n\n\n\n<figure class=\"wp-block-image size-large\"><img loading=\"lazy\" decoding=\"async\" width=\"683\" height=\"1024\" data-id=\"75931\" src=\"https:\/\/lagacetadealmeria.com\/wp-content\/uploads\/2026\/09\/Concentracion-apoyo-Ceuta-6-683x1024.jpg\" alt=\"\" class=\"wp-image-75931\" srcset=\"https:\/\/lagacetadealmeria.com\/wp-content\/uploads\/2026\/09\/Concentracion-apoyo-Ceuta-6-683x1024.jpg 683w, https:\/\/lagacetadealmeria.com\/wp-content\/uploads\/2026\/09\/Concentracion-apoyo-Ceuta-6-200x300.jpg 200w, https:\/\/lagacetadealmeria.com\/wp-content\/uploads\/2026\/09\/Concentracion-apoyo-Ceuta-6.jpg 700w\" sizes=\"(max-width: 683px) 100vw, 683px\" \/><\/figure>\n\n\n\n<figure class=\"wp-block-image size-large\"><img loading=\"lazy\" decoding=\"async\" width=\"700\" height=\"467\" data-id=\"75932\" src=\"https:\/\/lagacetadealmeria.com\/wp-content\/uploads\/2026\/09\/Almeria-Concentracion-apoyo-Ceuta-4.jpg\" alt=\"\" class=\"wp-image-75932\" srcset=\"https:\/\/lagacetadealmeria.com\/wp-content\/uploads\/2026\/09\/Almeria-Concentracion-apoyo-Ceuta-4.jpg 700w, https:\/\/lagacetadealmeria.com\/wp-content\/uploads\/2026\/09\/Almeria-Concentracion-apoyo-Ceuta-4-300x200.jpg 300w\" sizes=\"(max-width: 700px) 100vw, 700px\" \/><\/figure>\n\n\n\n<figure class=\"wp-block-image size-large\"><img loading=\"lazy\" decoding=\"async\" width=\"700\" height=\"467\" data-id=\"75933\" src=\"https:\/\/lagacetadealmeria.com\/wp-content\/uploads\/2026\/09\/Concentracion-apoyo-Ceuta-3.jpg\" alt=\"\" class=\"wp-image-75933\" srcset=\"https:\/\/lagacetadealmeria.com\/wp-content\/uploads\/2026\/09\/Concentracion-apoyo-Ceuta-3.jpg 700w, https:\/\/lagacetadealmeria.com\/wp-content\/uploads\/2026\/09\/Concentracion-apoyo-Ceuta-3-300x200.jpg 300w\" sizes=\"(max-width: 700px) 100vw, 700px\" \/><\/figure>\n\n\n\n<figure class=\"wp-block-image size-large\"><img loading=\"lazy\" decoding=\"async\" width=\"683\" height=\"1024\" data-id=\"75934\" src=\"https:\/\/lagacetadealmeria.com\/wp-content\/uploads\/2026\/09\/Concentracion-apoyo-Ceuta-2-683x1024.jpg\" alt=\"\" class=\"wp-image-75934\" srcset=\"https:\/\/lagacetadealmeria.com\/wp-content\/uploads\/2026\/09\/Concentracion-apoyo-Ceuta-2-683x1024.jpg 683w, https:\/\/lagacetadealmeria.com\/wp-content\/uploads\/2026\/09\/Concentracion-apoyo-Ceuta-2-200x300.jpg 200w, https:\/\/lagacetadealmeria.com\/wp-content\/uploads\/2026\/09\/Concentracion-apoyo-Ceuta-2.jpg 700w\" sizes=\"(max-width: 683px) 100vw, 683px\" \/><\/figure>\n\n\n\n<figure class=\"wp-block-image size-large\"><img loading=\"lazy\" decoding=\"async\" width=\"700\" height=\"467\" data-id=\"75935\" src=\"https:\/\/lagacetadealmeria.com\/wp-content\/uploads\/2026\/09\/Concentracion-apoyo-Ceuta.jpg\" alt=\"\" class=\"wp-image-75935\" srcset=\"https:\/\/lagacetadealmeria.com\/wp-content\/uploads\/2026\/09\/Concentracion-apoyo-Ceuta.jpg 700w, https:\/\/lagacetadealmeria.com\/wp-content\/uploads\/2026\/09\/Concentracion-apoyo-Ceuta-300x200.jpg 300w\" sizes=\"(max-width: 700px) 100vw, 700px\" \/><\/figure>\n<\/figure>\n\n\n\n<figure class=\"wp-block-embed is-type-video is-provider-youtube wp-block-embed-youtube wp-embed-aspect-16-9 wp-has-aspect-ratio\"><div class=\"wp-block-embed__wrapper\">\n<iframe title=\"Acto de inauguraci\u00f3n de la nueva sede de la Agrupaci\u00f3n de Hermandades y Cofrad\u00edas de Almer\u00eda\" width=\"640\" height=\"360\" src=\"https:\/\/www.youtube.com\/embed\/ojFKeEQFX9A?feature=oembed\" frameborder=\"0\" allow=\"accelerometer; autoplay; clipboard-write; encrypted-media; gyroscope; picture-in-picture; web-share\" referrerpolicy=\"strict-origin-when-cross-origin\" allowfullscreen><\/iframe>\n<\/div><\/figure>\n\n\n\n<figure class=\"wp-block-embed is-type-video is-provider-youtube wp-block-embed-youtube wp-embed-aspect-16-9 wp-has-aspect-ratio\"><div class=\"wp-block-embed__wrapper\">\n<iframe title=\"Concentraci\u00f3n en apoyo a la ciudad de Ceuta y a los ceut\u00edes\" width=\"640\" height=\"360\" src=\"https:\/\/www.youtube.com\/embed\/-4vI1VyN_nk?feature=oembed\" frameborder=\"0\" allow=\"accelerometer; autoplay; clipboard-write; encrypted-media; gyroscope; picture-in-picture; web-share\" referrerpolicy=\"strict-origin-when-cross-origin\" allowfullscreen><\/iframe>\n<\/div><\/figure>\n\n\n\n\n\n<p class=\"wp-block-paragraph\"><\/p>\n","protected":false},"excerpt":{"rendered":"<p>La alcaldesa y el presidente de la Diputaci\u00f3n leen el Manifiesto de la Federaci\u00f3n Espa\u00f1ola&#8230;<\/p>\n","protected":false},"author":12,"featured_media":75911,"comment_status":"open","ping_status":"open","sticky":false,"template":"","format":"standard","meta":{"advanced_seo_description":"","jetpack_seo_html_title":"","jetpack_seo_noindex":false,"jetpack_seo_schema_type":"","_jetpack_newsletter_access":"","_jetpack_dont_email_post_to_subs":false,"_jetpack_newsletter_tier_id":0,"_jetpack_memberships_contains_paywalled_content":false,"_jetpack_feature_clip_id":0,"_jetpack_memberships_contains_paid_content":false,"footnotes":"","jetpack_post_was_ever_published":false},"categories":[22],"tags":[],"class_list":["post-75909","post","type-post","status-publish","format-standard","has-post-thumbnail","hentry","category-almeria"],"jetpack_sharing_enabled":true,"jetpack-related-posts":[],"amp_enabled":true,"jetpack_featured_media_url":"https:\/\/lagacetadealmeria.com\/wp-content\/uploads\/2026\/09\/Concentracion-apoyo-Ceuta-1.jpg","_links":{"self":[{"href":"https:\/\/lagacetadealmeria.com\/index.php?rest_route=\/wp\/v2\/posts\/75909","targetHints":{"allow":["GET"]}}],"collection":[{"href":"https:\/\/lagacetadealmeria.com\/index.php?rest_route=\/wp\/v2\/posts"}],"about":[{"href":"https:\/\/lagacetadealmeria.com\/index.php?rest_route=\/wp\/v2\/types\/post"}],"author":[{"embeddable":true,"href":"https:\/\/lagacetadealmeria.com\/index.php?rest_route=\/wp\/v2\/users\/12"}],"replies":[{"embeddable":true,"href":"https:\/\/lagacetadealmeria.com\/index.php?rest_route=%2Fwp%2Fv2%2Fcomments&post=75909"}],"version-history":[{"count":2,"href":"https:\/\/lagacetadealmeria.com\/index.php?rest_route=\/wp\/v2\/posts\/75909\/revisions"}],"predecessor-version":[{"id":75944,"href":"https:\/\/lagacetadealmeria.com\/index.php?rest_route=\/wp\/v2\/posts\/75909\/revisions\/75944"}],"wp:featuredmedia":[{"embeddable":true,"href":"https:\/\/lagacetadealmeria.com\/index.php?rest_route=\/wp\/v2\/media\/75911"}],"wp:attachment":[{"href":"https:\/\/lagacetadealmeria.com\/index.php?rest_route=%2Fwp%2Fv2%2Fmedia&parent=75909"}],"wp:term":[{"taxonomy":"category","embeddable":true,"href":"https:\/\/lagacetadealmeria.com\/index.php?rest_route=%2Fwp%2Fv2%2Fcategories&post=75909"},{"taxonomy":"post_tag","embeddable":true,"href":"https:\/\/lagacetadealmeria.com\/index.php?rest_route=%2Fwp%2Fv2%2Ftags&post=75909"}],"curies":[{"name":"wp","href":"https:\/\/api.w.org\/{rel}","templated":true}]}}