                {"id":75951,"date":"2026-09-03T11:06:13","date_gmt":"2026-09-03T11:06:13","guid":{"rendered":"https:\/\/lagacetadealmeria.com\/?p=75951"},"modified":"2026-09-03T11:06:15","modified_gmt":"2026-09-03T11:06:15","slug":"raul-fernandez-guia-a-la-seleccion-espanola-masculina-3x3-u23-hacia-el-oro-en-los-juegos-del-mediterraneo","status":"publish","type":"post","link":"https:\/\/lagacetadealmeria.com\/?p=75951","title":{"rendered":"Ra\u00fal Fern\u00e1ndez gu\u00eda a la selecci\u00f3n espa\u00f1ola masculina 3&#215;3 U23 hacia el oro en los Juegos del Mediterr\u00e1neo"},"content":{"rendered":"\n<p class=\"wp-block-paragraph\">La selecci\u00f3n espa\u00f1ola masculina U23 de baloncesto 3&#215;3 se ha proclamado campeona en los XX Juegos del Mediterr\u00e1neo disputados en Taranto (Italia). Bajo la direcci\u00f3n del t\u00e9cnico mojonero Ra\u00fal Fern\u00e1ndez, el combinado nacional conquist\u00f3 la medalla de oro tras superar a la anfitriona Italia en un ag\u00f3nico final decidido en la pr\u00f3rroga.<\/p>\n\n\n\n<p class=\"wp-block-paragraph\">El camino de Espa\u00f1a hacia el t\u00edtulo fue de menos a m\u00e1s. Tras debutar con una contundente victoria ante Bosnia Herzegovina (21-11), el equipo cedi\u00f3 por la m\u00ednima en la pr\u00f3rroga frente a Italia (20-19) y cay\u00f3 ante T\u00fanez (15-18). A pesar de los contratiempos, el conjunto espa\u00f1ol logr\u00f3 la clasificaci\u00f3n a cuartos de final como segundo de su grupo.<\/p>\n\n\n\n<p class=\"wp-block-paragraph\">A partir de las eliminatorias directas, la selecci\u00f3n mostr\u00f3 su mejor versi\u00f3n:<\/p>\n\n\n\n<ul class=\"wp-block-list\">\n<li><strong>Cuartos de final:<\/strong> Victoria con solvencia por 21-15 ante Francia.<\/li>\n\n\n\n<li><strong>Semifinales:<\/strong> Triunfo por 15-21 imponiendo talento y ritmo ante el f\u00edsico equipo de Turqu\u00eda.<\/li>\n\n\n\n<li><strong>Final:<\/strong> En un duelo lleno de tensi\u00f3n ante la grada local, Espa\u00f1a forz\u00f3 el tiempo extra contra Italia y gestion\u00f3 mejor los momentos decisivos para sellar la victoria y subir a lo m\u00e1s alto del podio.<\/li>\n<\/ul>\n\n\n\n<p class=\"wp-block-paragraph\">\u00abConsseguir la medalla de oro es un hecho maravilloso. Estoy muy feliz y orgulloso de poder vivir esta gran experiencia deportiva y personal\u00bb, declar\u00f3 Fern\u00e1ndez tras el triunfo. El t\u00e9cnico quiso expresar su agradecimiento a los jugadores, al staff, a la Federaci\u00f3n Espa\u00f1ola de Baloncesto, al seleccionador nacional Pedro Mel\u00e9ndez y, de manera especial, a su familia por el constante apoyo.<\/p>\n\n\n\n<p class=\"wp-block-paragraph\"><strong>\u00c9xito redondo para el 3&#215;3 espa\u00f1ol<\/strong><\/p>\n\n\n\n<p class=\"wp-block-paragraph\">El campeonato masculino completa un doblete hist\u00f3rico para la delegaci\u00f3n espa\u00f1ola en Taranto, sum\u00e1ndose al oro conseguido previamente por el equipo femenino, que tambi\u00e9n derrot\u00f3 a Italia en la final. Con este resultado, Ra\u00fal Fern\u00e1ndez ampl\u00eda su brillante historial en los Juegos del Mediterr\u00e1neo, donde ya cosech\u00f3 el oro femenino y el bronce masculino en la edici\u00f3n de Or\u00e1n 2022.<\/p>\n\n\n\n<figure class=\"wp-block-gallery has-nested-images columns-default is-cropped wp-block-gallery-1 is-layout-flex wp-block-gallery-is-layout-flex\">\n<figure class=\"wp-block-image size-large\"><img fetchpriority=\"high\" decoding=\"async\" width=\"700\" height=\"497\" data-id=\"75953\" src=\"https:\/\/lagacetadealmeria.com\/wp-content\/uploads\/2026\/09\/Raul-Fernandez-medalla-de-oro-en-los-XX-Juegos-del-Mediterraneo-2.jpg\" alt=\"\" class=\"wp-image-75953\" srcset=\"https:\/\/lagacetadealmeria.com\/wp-content\/uploads\/2026\/09\/Raul-Fernandez-medalla-de-oro-en-los-XX-Juegos-del-Mediterraneo-2.jpg 700w, https:\/\/lagacetadealmeria.com\/wp-content\/uploads\/2026\/09\/Raul-Fernandez-medalla-de-oro-en-los-XX-Juegos-del-Mediterraneo-2-300x213.jpg 300w\" sizes=\"(max-width: 700px) 100vw, 700px\" \/><\/figure>\n\n\n\n<figure class=\"wp-block-image size-large\"><img decoding=\"async\" width=\"700\" height=\"462\" data-id=\"75954\" src=\"https:\/\/lagacetadealmeria.com\/wp-content\/uploads\/2026\/09\/Raul-Fernandez-medalla-de-oro-en-los-XX-Juegos-del-Mediterraneo-1.jpg\" alt=\"\" class=\"wp-image-75954\" srcset=\"https:\/\/lagacetadealmeria.com\/wp-content\/uploads\/2026\/09\/Raul-Fernandez-medalla-de-oro-en-los-XX-Juegos-del-Mediterraneo-1.jpg 700w, https:\/\/lagacetadealmeria.com\/wp-content\/uploads\/2026\/09\/Raul-Fernandez-medalla-de-oro-en-los-XX-Juegos-del-Mediterraneo-1-300x198.jpg 300w\" sizes=\"(max-width: 700px) 100vw, 700px\" \/><\/figure>\n<\/figure>\n","protected":false},"excerpt":{"rendered":"<p>La selecci\u00f3n espa\u00f1ola masculina U23 de baloncesto 3&#215;3 se ha proclamado campeona en los XX&#8230;<\/p>\n","protected":false},"author":12,"featured_media":75954,"comment_status":"open","ping_status":"open","sticky":false,"template":"","format":"standard","meta":{"advanced_seo_description":"","jetpack_seo_html_title":"","jetpack_seo_noindex":false,"jetpack_seo_schema_type":"","_jetpack_newsletter_access":"","_jetpack_dont_email_post_to_subs":false,"_jetpack_newsletter_tier_id":0,"_jetpack_memberships_contains_paywalled_content":false,"_jetpack_feature_clip_id":0,"_jetpack_memberships_contains_paid_content":false,"footnotes":"","jetpack_post_was_ever_published":false},"categories":[27],"tags":[],"class_list":["post-75951","post","type-post","status-publish","format-standard","has-post-thumbnail","hentry","category-deportes"],"jetpack_sharing_enabled":true,"jetpack-related-posts":[],"amp_enabled":true,"jetpack_featured_media_url":"https:\/\/lagacetadealmeria.com\/wp-content\/uploads\/2026\/09\/Raul-Fernandez-medalla-de-oro-en-los-XX-Juegos-del-Mediterraneo-1.jpg","_links":{"self":[{"href":"https:\/\/lagacetadealmeria.com\/index.php?rest_route=\/wp\/v2\/posts\/75951","targetHints":{"allow":["GET"]}}],"collection":[{"href":"https:\/\/lagacetadealmeria.com\/index.php?rest_route=\/wp\/v2\/posts"}],"about":[{"href":"https:\/\/lagacetadealmeria.com\/index.php?rest_route=\/wp\/v2\/types\/post"}],"author":[{"embeddable":true,"href":"https:\/\/lagacetadealmeria.com\/index.php?rest_route=\/wp\/v2\/users\/12"}],"replies":[{"embeddable":true,"href":"https:\/\/lagacetadealmeria.com\/index.php?rest_route=%2Fwp%2Fv2%2Fcomments&post=75951"}],"version-history":[{"count":1,"href":"https:\/\/lagacetadealmeria.com\/index.php?rest_route=\/wp\/v2\/posts\/75951\/revisions"}],"predecessor-version":[{"id":75955,"href":"https:\/\/lagacetadealmeria.com\/index.php?rest_route=\/wp\/v2\/posts\/75951\/revisions\/75955"}],"wp:featuredmedia":[{"embeddable":true,"href":"https:\/\/lagacetadealmeria.com\/index.php?rest_route=\/wp\/v2\/media\/75954"}],"wp:attachment":[{"href":"https:\/\/lagacetadealmeria.com\/index.php?rest_route=%2Fwp%2Fv2%2Fmedia&parent=75951"}],"wp:term":[{"taxonomy":"category","embeddable":true,"href":"https:\/\/lagacetadealmeria.com\/index.php?rest_route=%2Fwp%2Fv2%2Fcategories&post=75951"},{"taxonomy":"post_tag","embeddable":true,"href":"https:\/\/lagacetadealmeria.com\/index.php?rest_route=%2Fwp%2Fv2%2Ftags&post=75951"}],"curies":[{"name":"wp","href":"https:\/\/api.w.org\/{rel}","templated":true}]}}