                {"id":75956,"date":"2026-09-03T11:14:44","date_gmt":"2026-09-03T11:14:44","guid":{"rendered":"https:\/\/lagacetadealmeria.com\/?p=75956"},"modified":"2026-09-03T11:14:45","modified_gmt":"2026-09-03T11:14:45","slug":"la-unidad-de-movilidad-y-seguridad-de-la-guardia-civil-damaso-guillen-para-la-vuelta-ciclista-a-espana-2026-recorre-las-carreteras-de-almeria","status":"publish","type":"post","link":"https:\/\/lagacetadealmeria.com\/?p=75956","title":{"rendered":"La Unidad de Movilidad y Seguridad de la Guardia Civil \u201cD\u00e1maso Guill\u00e9n\u201d para la Vuelta Ciclista a Espa\u00f1a 2026 recorre las carreteras de Almer\u00eda"},"content":{"rendered":"\n<ul class=\"wp-block-list\">\n<li><strong>El d\u00eda 3 de septiembre, la 81\u00aa Vuelta Ciclista a Espa\u00f1a recorrer\u00e1 la provincia de Almer\u00eda con salida de la 12\u00aa etapa en Veray final Calar Alto.<\/strong><\/li>\n<\/ul>\n\n\n\n<ul class=\"wp-block-list\">\n<li><strong>La UMSV la componen 132 Guardias Civiles, con 59 motocicletas, con 28 veh\u00edculos todo terreno y de apoyo y 1 helic\u00f3ptero.3 agentes de la UMSV han nacido o se encuentran destinados en la provincia de Almer\u00eda.<\/strong><\/li>\n<\/ul>\n\n\n\n<p class=\"wp-block-paragraph\">La Vuelta Ciclista a Espa\u00f1a discurrir\u00e1 por la provincia de Almer\u00eda el d\u00eda 3 de septiembre. Con motivo de la 12\u00aa etapa de la 81\u00aa edici\u00f3n de la Vuelta Ciclista a Espa\u00f1a 2026,se realizar\u00e1 un acto de presentaci\u00f3n de la Unidad de Movilidad y Seguridad Vial (UMSV) de la Guardia Civil para la Vuelta Ciclista a Espa\u00f1a, en plaza de los H\u00e9roes den la calle Juan Cuadrado de la localidad de Vera.<\/p>\n\n\n\n<p class=\"wp-block-paragraph\">Para dar cobertura y seguridad a todo el evento, la Guardia Civil ha constituido su tradicional Unidad de Movilidad y Seguridad Vial (UMSV), compuesta por 132 guardias civiles con 59 motos, 28veh\u00edculos todo terreno y de apoyo y un helic\u00f3ptero.<\/p>\n\n\n\n<p class=\"wp-block-paragraph\">La Guardia Civil de Almer\u00eda establece un dispositivo de seguridad, apoyando a la UMSV, con 35 puntos de seguridad ciudadana, 70 Guardias Civiles, 6veh\u00edculos,32 motos, 19 Patrullas y 2mec\u00e1nicos del Subsector de Tr\u00e1fico, adem\u00e1s del apoyo de otras especialidades como la Unidad de USECIC (Unidad de Seguridad Ciudadana de la Comandancia), Cinol\u00f3gico con apoyo de perros, T\u00e9dax (desactivaci\u00f3n de explosivos)<\/p>\n\n\n\n<p class=\"wp-block-paragraph\">El 3 de septiembre, con motivo de la llegada de la 12\u00aa etapaal observatorio de Calar Alto,la Guardia Civil acercar\u00e1 su labor a la poblaci\u00f3n.<\/p>\n\n\n\n<p class=\"wp-block-paragraph\">En el \u201cParque Vuelta\u201d, espacio establecido por la Organizaci\u00f3n que se situar\u00e1 en la calle los Parrales de la localidad de Vera, se instalar\u00e1 un stand institucional con una exposici\u00f3n de medios y material espec\u00edfico de las distintas unidades del Cuerpo. La entrada ser\u00e1 libre para todos los asistentes.<\/p>\n\n\n\n<figure class=\"wp-block-gallery has-nested-images columns-default is-cropped wp-block-gallery-1 is-layout-flex wp-block-gallery-is-layout-flex\">\n<figure class=\"wp-block-image size-large\"><img fetchpriority=\"high\" decoding=\"async\" width=\"700\" height=\"467\" data-id=\"75958\" src=\"https:\/\/lagacetadealmeria.com\/wp-content\/uploads\/2026\/09\/Unidad-de-Movilidad-y-Seguridad-de-la-Guardia-Civil-Damaso-Guillen-para-la-Vuelta-Ciclista-8.jpg\" alt=\"\" class=\"wp-image-75958\" srcset=\"https:\/\/lagacetadealmeria.com\/wp-content\/uploads\/2026\/09\/Unidad-de-Movilidad-y-Seguridad-de-la-Guardia-Civil-Damaso-Guillen-para-la-Vuelta-Ciclista-8.jpg 700w, https:\/\/lagacetadealmeria.com\/wp-content\/uploads\/2026\/09\/Unidad-de-Movilidad-y-Seguridad-de-la-Guardia-Civil-Damaso-Guillen-para-la-Vuelta-Ciclista-8-300x200.jpg 300w\" sizes=\"(max-width: 700px) 100vw, 700px\" \/><\/figure>\n\n\n\n<figure class=\"wp-block-image size-large\"><img decoding=\"async\" width=\"700\" height=\"467\" data-id=\"75959\" src=\"https:\/\/lagacetadealmeria.com\/wp-content\/uploads\/2026\/09\/Unidad-de-Movilidad-y-Seguridad-de-la-Guardia-Civil-Damaso-Guillen-para-la-Vuelta-Ciclista-1.jpg\" alt=\"\" class=\"wp-image-75959\" srcset=\"https:\/\/lagacetadealmeria.com\/wp-content\/uploads\/2026\/09\/Unidad-de-Movilidad-y-Seguridad-de-la-Guardia-Civil-Damaso-Guillen-para-la-Vuelta-Ciclista-1.jpg 700w, https:\/\/lagacetadealmeria.com\/wp-content\/uploads\/2026\/09\/Unidad-de-Movilidad-y-Seguridad-de-la-Guardia-Civil-Damaso-Guillen-para-la-Vuelta-Ciclista-1-300x200.jpg 300w\" sizes=\"(max-width: 700px) 100vw, 700px\" \/><\/figure>\n\n\n\n<figure class=\"wp-block-image size-large\"><img decoding=\"async\" width=\"683\" height=\"1024\" data-id=\"75961\" src=\"https:\/\/lagacetadealmeria.com\/wp-content\/uploads\/2026\/09\/Unidad-de-Movilidad-y-Seguridad-de-la-Guardia-Civil-Damaso-Guillen-para-la-Vuelta-Ciclista-4-683x1024.jpg\" alt=\"\" class=\"wp-image-75961\" srcset=\"https:\/\/lagacetadealmeria.com\/wp-content\/uploads\/2026\/09\/Unidad-de-Movilidad-y-Seguridad-de-la-Guardia-Civil-Damaso-Guillen-para-la-Vuelta-Ciclista-4-683x1024.jpg 683w, https:\/\/lagacetadealmeria.com\/wp-content\/uploads\/2026\/09\/Unidad-de-Movilidad-y-Seguridad-de-la-Guardia-Civil-Damaso-Guillen-para-la-Vuelta-Ciclista-4-200x300.jpg 200w, https:\/\/lagacetadealmeria.com\/wp-content\/uploads\/2026\/09\/Unidad-de-Movilidad-y-Seguridad-de-la-Guardia-Civil-Damaso-Guillen-para-la-Vuelta-Ciclista-4.jpg 700w\" sizes=\"(max-width: 683px) 100vw, 683px\" \/><\/figure>\n\n\n\n<figure class=\"wp-block-image size-large\"><img loading=\"lazy\" decoding=\"async\" width=\"700\" height=\"467\" data-id=\"75960\" src=\"https:\/\/lagacetadealmeria.com\/wp-content\/uploads\/2026\/09\/Unidad-de-Movilidad-y-Seguridad-de-la-Guardia-Civil-Damaso-Guillen-para-la-Vuelta-Ciclista-7.jpg\" alt=\"\" class=\"wp-image-75960\" srcset=\"https:\/\/lagacetadealmeria.com\/wp-content\/uploads\/2026\/09\/Unidad-de-Movilidad-y-Seguridad-de-la-Guardia-Civil-Damaso-Guillen-para-la-Vuelta-Ciclista-7.jpg 700w, https:\/\/lagacetadealmeria.com\/wp-content\/uploads\/2026\/09\/Unidad-de-Movilidad-y-Seguridad-de-la-Guardia-Civil-Damaso-Guillen-para-la-Vuelta-Ciclista-7-300x200.jpg 300w\" sizes=\"(max-width: 700px) 100vw, 700px\" \/><\/figure>\n\n\n\n<figure class=\"wp-block-image size-large\"><img loading=\"lazy\" decoding=\"async\" width=\"634\" height=\"1024\" data-id=\"75962\" src=\"https:\/\/lagacetadealmeria.com\/wp-content\/uploads\/2026\/09\/Unidad-de-Movilidad-y-Seguridad-de-la-Guardia-Civil-Damaso-Guillen-para-la-Vuelta-Ciclista-2-634x1024.jpg\" alt=\"\" class=\"wp-image-75962\" srcset=\"https:\/\/lagacetadealmeria.com\/wp-content\/uploads\/2026\/09\/Unidad-de-Movilidad-y-Seguridad-de-la-Guardia-Civil-Damaso-Guillen-para-la-Vuelta-Ciclista-2-634x1024.jpg 634w, https:\/\/lagacetadealmeria.com\/wp-content\/uploads\/2026\/09\/Unidad-de-Movilidad-y-Seguridad-de-la-Guardia-Civil-Damaso-Guillen-para-la-Vuelta-Ciclista-2-186x300.jpg 186w, https:\/\/lagacetadealmeria.com\/wp-content\/uploads\/2026\/09\/Unidad-de-Movilidad-y-Seguridad-de-la-Guardia-Civil-Damaso-Guillen-para-la-Vuelta-Ciclista-2.jpg 700w\" sizes=\"(max-width: 634px) 100vw, 634px\" \/><\/figure>\n\n\n\n<figure class=\"wp-block-image size-large\"><img loading=\"lazy\" decoding=\"async\" width=\"619\" height=\"1024\" data-id=\"75963\" src=\"https:\/\/lagacetadealmeria.com\/wp-content\/uploads\/2026\/09\/Unidad-de-Movilidad-y-Seguridad-de-la-Guardia-Civil-Damaso-Guillen-para-la-Vuelta-Ciclista-6-619x1024.jpg\" alt=\"\" class=\"wp-image-75963\" srcset=\"https:\/\/lagacetadealmeria.com\/wp-content\/uploads\/2026\/09\/Unidad-de-Movilidad-y-Seguridad-de-la-Guardia-Civil-Damaso-Guillen-para-la-Vuelta-Ciclista-6-619x1024.jpg 619w, https:\/\/lagacetadealmeria.com\/wp-content\/uploads\/2026\/09\/Unidad-de-Movilidad-y-Seguridad-de-la-Guardia-Civil-Damaso-Guillen-para-la-Vuelta-Ciclista-6-181x300.jpg 181w, https:\/\/lagacetadealmeria.com\/wp-content\/uploads\/2026\/09\/Unidad-de-Movilidad-y-Seguridad-de-la-Guardia-Civil-Damaso-Guillen-para-la-Vuelta-Ciclista-6.jpg 700w\" sizes=\"(max-width: 619px) 100vw, 619px\" \/><\/figure>\n<\/figure>\n","protected":false},"excerpt":{"rendered":"<p>La Vuelta Ciclista a Espa\u00f1a discurrir\u00e1 por la provincia de Almer\u00eda el d\u00eda 3 de&#8230;<\/p>\n","protected":false},"author":12,"featured_media":75963,"comment_status":"open","ping_status":"open","sticky":false,"template":"","format":"standard","meta":{"advanced_seo_description":"","jetpack_seo_html_title":"","jetpack_seo_noindex":false,"jetpack_seo_schema_type":"","_jetpack_newsletter_access":"","_jetpack_dont_email_post_to_subs":false,"_jetpack_newsletter_tier_id":0,"_jetpack_memberships_contains_paywalled_content":false,"_jetpack_feature_clip_id":0,"_jetpack_memberships_contains_paid_content":false,"footnotes":"","jetpack_post_was_ever_published":false},"categories":[27],"tags":[],"class_list":["post-75956","post","type-post","status-publish","format-standard","has-post-thumbnail","hentry","category-deportes"],"jetpack_sharing_enabled":true,"jetpack-related-posts":[],"amp_enabled":true,"jetpack_featured_media_url":"https:\/\/lagacetadealmeria.com\/wp-content\/uploads\/2026\/09\/Unidad-de-Movilidad-y-Seguridad-de-la-Guardia-Civil-Damaso-Guillen-para-la-Vuelta-Ciclista-6.jpg","_links":{"self":[{"href":"https:\/\/lagacetadealmeria.com\/index.php?rest_route=\/wp\/v2\/posts\/75956","targetHints":{"allow":["GET"]}}],"collection":[{"href":"https:\/\/lagacetadealmeria.com\/index.php?rest_route=\/wp\/v2\/posts"}],"about":[{"href":"https:\/\/lagacetadealmeria.com\/index.php?rest_route=\/wp\/v2\/types\/post"}],"author":[{"embeddable":true,"href":"https:\/\/lagacetadealmeria.com\/index.php?rest_route=\/wp\/v2\/users\/12"}],"replies":[{"embeddable":true,"href":"https:\/\/lagacetadealmeria.com\/index.php?rest_route=%2Fwp%2Fv2%2Fcomments&post=75956"}],"version-history":[{"count":1,"href":"https:\/\/lagacetadealmeria.com\/index.php?rest_route=\/wp\/v2\/posts\/75956\/revisions"}],"predecessor-version":[{"id":75964,"href":"https:\/\/lagacetadealmeria.com\/index.php?rest_route=\/wp\/v2\/posts\/75956\/revisions\/75964"}],"wp:featuredmedia":[{"embeddable":true,"href":"https:\/\/lagacetadealmeria.com\/index.php?rest_route=\/wp\/v2\/media\/75963"}],"wp:attachment":[{"href":"https:\/\/lagacetadealmeria.com\/index.php?rest_route=%2Fwp%2Fv2%2Fmedia&parent=75956"}],"wp:term":[{"taxonomy":"category","embeddable":true,"href":"https:\/\/lagacetadealmeria.com\/index.php?rest_route=%2Fwp%2Fv2%2Fcategories&post=75956"},{"taxonomy":"post_tag","embeddable":true,"href":"https:\/\/lagacetadealmeria.com\/index.php?rest_route=%2Fwp%2Fv2%2Ftags&post=75956"}],"curies":[{"name":"wp","href":"https:\/\/api.w.org\/{rel}","templated":true}]}}