                {"id":75969,"date":"2026-09-03T11:24:10","date_gmt":"2026-09-03T11:24:10","guid":{"rendered":"https:\/\/lagacetadealmeria.com\/?p=75969"},"modified":"2026-09-03T11:24:11","modified_gmt":"2026-09-03T11:24:11","slug":"la-vicepresidenta-ejecutiva-de-la-comision-europea-roxana-minzatu-participa-en-bilbao-en-la-inauguracion-de-la-nueva-sede-de-eu-osha-en-la-torre-bat","status":"publish","type":"post","link":"https:\/\/lagacetadealmeria.com\/?p=75969","title":{"rendered":"La vicepresidenta ejecutiva de la Comisi\u00f3n Europea, Roxana M\u00eenzatu, participa en Bilbao en la inauguraci\u00f3n de la nueva sede de EU-OSHA en la Torre BAT"},"content":{"rendered":"\n<p class=\"wp-block-paragraph\">La Agencia Europea para la Seguridad y la Salud en el Trabajo (EU-OSHA) ha inaugurado hoy sus nuevas oficinas en el edificio BAT (B Accelerator Tower), en un acto presidido por la Vicepresidenta Ejecutiva de la Comisi\u00f3n Europea para Derechos Sociales y Capacidades, Empleo de Calidad y Preparaci\u00f3n,\u00a0<strong>Roxana M\u00eenzatu<\/strong>.<\/p>\n\n\n\n<p class=\"wp-block-paragraph\">En el acto participaron tambi\u00e9n&nbsp;<strong>William Cockburn<\/strong>, Director Ejecutivo de EU-OSHA;&nbsp;<strong>Mikel Torres<\/strong>, Vicelehendakari Segundo y Consejero de Econom\u00eda, Trabajo y Empleo del Gobierno Vasco;&nbsp;<strong>Ainara Basurko<\/strong>, Diputada Foral de Promoci\u00f3n Econ\u00f3mica de Bizkaia; y&nbsp;<strong>Amaia Arregi<\/strong>, Primera Teniente de Alcalde y Concejala de Seguridad del Ayuntamiento de Bilbao.<\/p>\n\n\n\n<p class=\"wp-block-paragraph\">Durante la inauguraci\u00f3n, la Vicepresidenta Ejecutiva de la Comisi\u00f3n Europea,&nbsp;<strong>Roxana M\u00eenzatu<\/strong>, destac\u00f3 que la nueva sede de EU-OSHA en la torre BAT abre una nueva etapa para la Agencia, establecida en Bilbao desde 1996 y convertida en un referente europeo en seguridad y salud en el trabajo. Se\u00f1al\u00f3 que el edificio simboliza valores como la innovaci\u00f3n, la sostenibilidad y la apertura al futuro, que definen tanto a EU-OSHA como al proyecto europeo.<\/p>\n\n\n\n<p class=\"wp-block-paragraph\">M\u00eenzatu subray\u00f3 que los r\u00e1pidos cambios en el mundo laboral generan oportunidades, pero tambi\u00e9n nuevos riesgos, y defendi\u00f3 la importancia de la prevenci\u00f3n, las pol\u00edticas basadas en la evidencia y la colaboraci\u00f3n entre instituciones, empresas, profesionales del campo de la investigaci\u00f3n y personas trabajadoras. Asimismo, destac\u00f3 la labor de EU-OSHA para identificar riesgos emergentes y promover buenas pr\u00e1cticas, recordando que la seguridad y la salud en el trabajo son una inversi\u00f3n en las personas y en la competitividad de Europa.<\/p>\n\n\n\n<p class=\"wp-block-paragraph\">La Vicepresidenta Ejecutiva afirm\u00f3 adem\u00e1s que la nueva sede refleja una Europa competitiva y socialmente responsable, capaz de combinar innovaci\u00f3n, crecimiento econ\u00f3mico y protecci\u00f3n de las personas. Finalmente, agradeci\u00f3 el apoyo de las autoridades europeas, espa\u00f1olas, vascas y locales, y reconoci\u00f3 la contribuci\u00f3n del personal de EU-OSHA a la creaci\u00f3n de lugares de trabajo m\u00e1s seguros y saludables en toda Europa.<\/p>\n\n\n\n<p class=\"wp-block-paragraph\"><strong>Nota al editor<\/strong><\/p>\n\n\n\n<p class=\"wp-block-paragraph\">La&nbsp;<strong>Agencia Europea para la Seguridad y la Salud en el Trabajo (EU-OSHA)<\/strong>&nbsp;tiene como misi\u00f3n contribuir a que los centros de trabajo europeos sean m\u00e1s seguros, saludables y productivos. La Agencia investiga, desarrolla y divulga informaci\u00f3n fiable, equilibrada e imparcial sobre salud y seguridad, y organiza campa\u00f1as paneuropeas para promover la sensibilizaci\u00f3n en este \u00e1mbito. Creada por la Uni\u00f3n Europea en 1994 y con sede en Bilbao, la Agencia re\u00fane a representantes de la Comisi\u00f3n Europea, de los gobiernos de los Estados miembros, de las organizaciones de empresarios y trabajadores, as\u00ed como a expertos destacados de cada uno de los Estados miembros de la UE y de terceros pa\u00edses.<\/p>\n\n\n\n<p class=\"wp-block-paragraph\">Ahora puede seguirnos en&nbsp;<a href=\"https:\/\/urldefense.com\/v3\/__https:\/www.linkedin.com\/company\/european-agency-for-safety-and-health-at-work__;!!DOxrgLBm!CgnIQqYbo2jDaWGioMpY5warm-LOiaUi2A7ixkAIfMMOoR-jjrPHJOk6MAD_Jdca_1BJDNnyb1Yi-aqIuk-7OANjhhL1otpUog%24\" rel=\"noopener\" target=\"_blank\">LinkedIn<\/a>,&nbsp;<a href=\"https:\/\/urldefense.com\/v3\/__https:\/www.facebook.com\/EuropeanAgencyforSafetyandHealthatWork__;!!DOxrgLBm!CgnIQqYbo2jDaWGioMpY5warm-LOiaUi2A7ixkAIfMMOoR-jjrPHJOk6MAD_Jdca_1BJDNnyb1Yi-aqIuk-7OANjhhK49SgJ5g%24\" rel=\"noopener\" target=\"_blank\">Facebook<\/a>,&nbsp;<a href=\"https:\/\/urldefense.com\/v3\/__https:\/bsky.app\/profile\/osha.europa.eu__;!!DOxrgLBm!CgnIQqYbo2jDaWGioMpY5warm-LOiaUi2A7ixkAIfMMOoR-jjrPHJOk6MAD_Jdca_1BJDNnyb1Yi-aqIuk-7OANjhhIllmKLLA%24\" rel=\"noopener\" target=\"_blank\">Bluesky<\/a>,&nbsp;<a href=\"https:\/\/urldefense.com\/v3\/__https:\/www.youtube.com\/user\/EUOSHA__;!!DOxrgLBm!CgnIQqYbo2jDaWGioMpY5warm-LOiaUi2A7ixkAIfMMOoR-jjrPHJOk6MAD_Jdca_1BJDNnyb1Yi-aqIuk-7OANjhhJxQ7SWFA%24\" rel=\"noopener\" target=\"_blank\">YouTube<\/a>,&nbsp;<a href=\"https:\/\/urldefense.com\/v3\/__https:\/www.flickr.com\/photos\/euosha\/albums\/__;!!DOxrgLBm!CgnIQqYbo2jDaWGioMpY5warm-LOiaUi2A7ixkAIfMMOoR-jjrPHJOk6MAD_Jdca_1BJDNnyb1Yi-aqIuk-7OANjhhKJOkFWqA%24\" rel=\"noopener\" target=\"_blank\">Flickr<\/a>&nbsp;o suscr\u00edbase a nuestro bolet\u00edn mensual&nbsp;<a href=\"https:\/\/osha.europa.eu\/es\/oshmail-newsletter\" rel=\"noopener\" target=\"_blank\">OSHmail<\/a>. Tambi\u00e9n puede registrarse y recibir peri\u00f3dicamente informaci\u00f3n y noticias de la EU-OSHA a trav\u00e9s de las&nbsp;<a href=\"https:\/\/osha.europa.eu\/es\/rss-feeds\" rel=\"noopener\" target=\"_blank\">fuentes RSS<\/a>.<\/p>\n\n\n\n<figure class=\"wp-block-image size-full\"><img fetchpriority=\"high\" decoding=\"async\" width=\"700\" height=\"394\" src=\"https:\/\/lagacetadealmeria.com\/wp-content\/uploads\/2026\/09\/vicepresidenta-ejecutiva-de-la-Comision-Europea-Roxana-Minzatu.jpg\" alt=\"\" class=\"wp-image-75971\" srcset=\"https:\/\/lagacetadealmeria.com\/wp-content\/uploads\/2026\/09\/vicepresidenta-ejecutiva-de-la-Comision-Europea-Roxana-Minzatu.jpg 700w, https:\/\/lagacetadealmeria.com\/wp-content\/uploads\/2026\/09\/vicepresidenta-ejecutiva-de-la-Comision-Europea-Roxana-Minzatu-300x169.jpg 300w\" sizes=\"(max-width: 700px) 100vw, 700px\" \/><\/figure>\n","protected":false},"excerpt":{"rendered":"<p>La Agencia Europea para la Seguridad y la Salud en el Trabajo (EU-OSHA) ha inaugurado&#8230;<\/p>\n","protected":false},"author":12,"featured_media":75971,"comment_status":"open","ping_status":"open","sticky":false,"template":"","format":"standard","meta":{"advanced_seo_description":"","jetpack_seo_html_title":"","jetpack_seo_noindex":false,"jetpack_seo_schema_type":"","_jetpack_newsletter_access":"","_jetpack_dont_email_post_to_subs":false,"_jetpack_newsletter_tier_id":0,"_jetpack_memberships_contains_paywalled_content":false,"_jetpack_feature_clip_id":0,"_jetpack_memberships_contains_paid_content":false,"footnotes":"","jetpack_post_was_ever_published":false},"categories":[46],"tags":[],"class_list":["post-75969","post","type-post","status-publish","format-standard","has-post-thumbnail","hentry","category-europa"],"jetpack_sharing_enabled":true,"jetpack-related-posts":[],"amp_enabled":true,"jetpack_featured_media_url":"https:\/\/lagacetadealmeria.com\/wp-content\/uploads\/2026\/09\/vicepresidenta-ejecutiva-de-la-Comision-Europea-Roxana-Minzatu.jpg","_links":{"self":[{"href":"https:\/\/lagacetadealmeria.com\/index.php?rest_route=\/wp\/v2\/posts\/75969","targetHints":{"allow":["GET"]}}],"collection":[{"href":"https:\/\/lagacetadealmeria.com\/index.php?rest_route=\/wp\/v2\/posts"}],"about":[{"href":"https:\/\/lagacetadealmeria.com\/index.php?rest_route=\/wp\/v2\/types\/post"}],"author":[{"embeddable":true,"href":"https:\/\/lagacetadealmeria.com\/index.php?rest_route=\/wp\/v2\/users\/12"}],"replies":[{"embeddable":true,"href":"https:\/\/lagacetadealmeria.com\/index.php?rest_route=%2Fwp%2Fv2%2Fcomments&post=75969"}],"version-history":[{"count":1,"href":"https:\/\/lagacetadealmeria.com\/index.php?rest_route=\/wp\/v2\/posts\/75969\/revisions"}],"predecessor-version":[{"id":75972,"href":"https:\/\/lagacetadealmeria.com\/index.php?rest_route=\/wp\/v2\/posts\/75969\/revisions\/75972"}],"wp:featuredmedia":[{"embeddable":true,"href":"https:\/\/lagacetadealmeria.com\/index.php?rest_route=\/wp\/v2\/media\/75971"}],"wp:attachment":[{"href":"https:\/\/lagacetadealmeria.com\/index.php?rest_route=%2Fwp%2Fv2%2Fmedia&parent=75969"}],"wp:term":[{"taxonomy":"category","embeddable":true,"href":"https:\/\/lagacetadealmeria.com\/index.php?rest_route=%2Fwp%2Fv2%2Fcategories&post=75969"},{"taxonomy":"post_tag","embeddable":true,"href":"https:\/\/lagacetadealmeria.com\/index.php?rest_route=%2Fwp%2Fv2%2Ftags&post=75969"}],"curies":[{"name":"wp","href":"https:\/\/api.w.org\/{rel}","templated":true}]}}