                {"id":75981,"date":"2026-09-03T11:40:40","date_gmt":"2026-09-03T11:40:40","guid":{"rendered":"https:\/\/lagacetadealmeria.com\/?p=75981"},"modified":"2026-09-03T11:40:41","modified_gmt":"2026-09-03T11:40:41","slug":"fundacion-endesa-desafia-el-ingenio-de-los-estudiantes-andaluces-con-la-viii-edicion-de-retotech","status":"publish","type":"post","link":"https:\/\/lagacetadealmeria.com\/?p=75981","title":{"rendered":"Fundaci\u00f3n Endesa desaf\u00eda el ingenio de los estudiantes andaluces con la VIII edici\u00f3n de Retotech"},"content":{"rendered":"\n<figure class=\"wp-block-table\"><table class=\"has-fixed-layout\"><tbody><tr><td>                        <img fetchpriority=\"high\" decoding=\"async\" width=\"550\" height=\"367\" src=\"https:\/\/ci3.googleusercontent.com\/meips\/ADKq_NZUEXtwMqTyECIuXIkeyOjF5mgHZL3OsAWm13MEI0YyoB3V2EBfDD6gcxT4tIog0JjXnsDCZGmJ6xNVoOWcmixWajlSSXWlr12DROQ6p8fPAmG1mR8dVFwR82jNJupxl9F2k1AV7rv3hSSLiU-isQ=s0-d-e1-ft#https:\/\/endesa.hosting.augure.com\/Augure_EndesaPR\/ImageBank\/14157_639240245260686899.jpeg\"><\/td><\/tr><\/tbody><\/table><\/figure>\n\n\n\n<figure class=\"wp-block-table\"><table class=\"has-fixed-layout\"><tbody><tr><td>\u00b7\u00a0\u00a0\u00a0\u00a0\u00a0\u00a0\u00a0\u00a0\u00a0\u00a0\u00a0\u00a0\u00a0\u00a0\u00a0<em>El plazo de inscripci\u00f3n para esta nueva edici\u00f3n estar\u00e1 abierto desde hoy 3 de septiembre y hasta el 5 de octubre de 2026.\u00a0<\/em>\u00b7\u00a0\u00a0\u00a0\u00a0\u00a0\u00a0\u00a0\u00a0\u00a0\u00a0\u00a0\u00a0\u00a0\u00a0<br>\u00a0<em>Desde su inicio en Andaluc\u00eda en 2019, m\u00e1s de 16.630 alumnos de 394 centros educativos de la comunidad han participado en el programa educativo RetoTech.<\/em>\u00a0\u00b7\u00a0\u00a0\u00a0\u00a0\u00a0\u00a0\u00a0\u00a0\u00a0\u00a0\u00a0\u00a0\u00a0\u00a0<br>\u00a0<em>Los participantes deber\u00e1n desarrollar durante el a\u00f1o escolar 2026-2027 un proyecto tecnol\u00f3gico dirigido a resolver problemas de su entorno que incluya rob\u00f3tica, programaci\u00f3n y, como principal novedad en esta edici\u00f3n, Inteligencia Artificial (IA).\u00a0<\/em>\u00b7\u00a0\u00a0\u00a0\u00a0\u00a0\u00a0\u00a0\u00a0\u00a0\u00a0\u00a0\u00a0\u00a0\u00a0\u00a0<br><em>En esta edici\u00f3n, la XII a nivel nacional, se entregar\u00e1n 17 premios, 3 nacionales y 14 auton\u00f3micos. En la \u00faltima edici\u00f3n, el IES Pedro Antonio de Alarc\u00f3n de Guadix (Granada), se alz\u00f3 con uno de los tres premios nacionales, resultando ganador entre m\u00e1s de 260 centros de todo el pa\u00eds.<\/em><\/td><\/tr><\/tbody><\/table><\/figure>\n\n\n\n<figure class=\"wp-block-table\"><table class=\"has-fixed-layout\"><tbody><tr><td>Fundaci\u00f3n Endesa abre la convocatoria para la VIII edici\u00f3n de RetoTech en Andaluc\u00eda, el proyecto educativo de referencia en innovaci\u00f3n y tecnolog\u00eda que busca acercar y\u00a0<strong>promover el emprendimiento tecnol\u00f3gico y el estudio de carreras STEM<\/strong>\u00a0(ense\u00f1anzas de ciencias, tecnolog\u00eda, ingenier\u00eda y matem\u00e1ticas) a los estudiantes de Educaci\u00f3n Primaria y Secundaria. Con este proyecto, Fundaci\u00f3n Endesa refuerza su compromiso con una educaci\u00f3n innovadora y de calidad, dotando a los j\u00f3venes con las herramientas, conocimientos y habilidades necesarias para afrontar los desaf\u00edos de un futuro marcado por la innovaci\u00f3n, el progreso tecnol\u00f3gico y una transici\u00f3n energ\u00e9tica justa y sostenible.RetoTech reta a alumnos y profesores de centros escolares de las comunidades aut\u00f3nomas de\u00a0<strong>Andaluc\u00eda, Arag\u00f3n, Catalu\u00f1a, Extremadura, Islas Baleares, Islas Canarias y Madrid\u00a0<\/strong>a desarrollar proyectos tecnol\u00f3gicos basados en programaci\u00f3n, rob\u00f3tica e impresi\u00f3n 3D, aplicados a la resoluci\u00f3n de necesidades reales de su entorno. Esta iniciativa cuenta con la colaboraci\u00f3n de BQ Educaci\u00f3n y de las Consejer\u00edas de Educaci\u00f3n de las comunidades aut\u00f3nomas participantes.Para ello, los centros participantes recibir\u00e1n kits tecnol\u00f3gicos que les permitir\u00e1n empezar a trabajar en sus propuestas; asimismo los docentes participantes contar\u00e1n con formaci\u00f3n semipresencial en las \u00e1reas clave del programa: emprendimiento tecnol\u00f3gico, rob\u00f3tica y programaci\u00f3n.Desde su lanzamiento nacional en 2016, RetoTech se ha consolidado como una iniciativa educativa de referencia en Espa\u00f1a. A lo largo de su trayectoria, ha involucrado a m\u00e1s de 1.680 centros educativos, m\u00e1s de 70.700 alumnos y m\u00e1s de 5.800 profesores.\u00a0<strong>De ellos, m\u00e1s de 16.630 alumnos de 394 centros son de Andaluc\u00eda.<\/strong>\u00a0M\u00e1s all\u00e1 de las cifras, el programa ha contribuido a integrar la rob\u00f3tica, la programaci\u00f3n y la innovaci\u00f3n tecnol\u00f3gica en el aula, fomentando un aprendizaje pr\u00e1ctico y conectado con la realidad del alumnado.<strong>Datos por provincias<\/strong>Cada edici\u00f3n, desde la primera celebrada en Andaluc\u00eda en 2019, la participaci\u00f3n de centros escolares andaluces ha ido creciendo en cada provincia. El total de centros y alumnos a nivel provincial desde la primera edici\u00f3n es el siguiente:<\/td><\/tr><\/tbody><\/table><\/figure>\n\n\n\n<figure class=\"wp-block-table\"><table class=\"has-fixed-layout\"><tbody><tr><td><img decoding=\"async\" width=\"560\" height=\"373\" src=\"https:\/\/ci3.googleusercontent.com\/meips\/ADKq_NaQDL1igX8rfM_fj4BVcrMWB-YjCKtmK9qVF1qObh05JiXqzV81_wWPEmXNs--McXnEj1ULDoxOfHxQfgw3v6iCy_jnmg7pTyv0n1NYrC8utfxlHI5Mmef6LQSTCxWpz2yqm9etuqNXvE0pl_66=s0-d-e1-ft#https:\/\/endesa.hosting.augure.com\/Augure_EndesaPR\/ImageBank\/14158_639240251637558809.png\"><\/td><\/tr><\/tbody><\/table><\/figure>\n\n\n\n<figure class=\"wp-block-table\"><table class=\"has-fixed-layout\"><tbody><tr><td><strong>17 PREMIOS A LOS PROYECTOS M\u00c1S INNOVADORES<\/strong>Fundaci\u00f3n Endesa otorgar\u00e1 un total de 17 premios a los mejores proyectos desarrollados en esta edici\u00f3n, que se presentar\u00e1n en los ocho festivales que tendr\u00e1n lugar en cada comunidad aut\u00f3noma al finalizar el curso escolar 2026-2027.Tres de ellos corresponden a los&nbsp;<strong>Premios Fundaci\u00f3n Endesa<\/strong>, elegidos por un jurado de Endesa y dotados con licencias de acceso a los itinerarios de aprendizaje tecnol\u00f3gico de Bitbloq. Adem\u00e1s, se conceder\u00e1n&nbsp;<strong>14 Premios Profesor<\/strong>&nbsp;en el \u00e1mbito auton\u00f3mico, que consistir\u00e1n en una impresora 3D y formaci\u00f3n especializada en dise\u00f1o e impresi\u00f3n 3D, y se elegir\u00e1n por los profesores asistentes a los festivales.En la evaluaci\u00f3n de las propuestas se valorar\u00e1 su originalidad y creatividad, la aplicabilidad pr\u00e1ctica a una necesidad real, la competencia t\u00e9cnica del trabajo y la dimensi\u00f3n est\u00e9tica y art\u00edstica del proyecto y la integraci\u00f3n de la IA en la propuesta.<strong>&nbsp;<\/strong><strong>INSCRIPCIONES<\/strong>Los centros educativos interesados&nbsp;<strong>podr\u00e1n presentar su candidatura desde el 3 de septiembre hasta el pr\u00f3ximo 5 de octubre<\/strong>&nbsp;a trav\u00e9s de la&nbsp;<a href=\"https:\/\/www.fundacionendesa.org\/es\/educacion\/retotech-proyecto-de-innovacion-educativa\" target=\"_blank\" rel=\"noopener\">p\u00e1gina web de Fundaci\u00f3n Endesa<\/a>, donde tambi\u00e9n se publicar\u00e1 el listado de los colegios seleccionados el d\u00eda&nbsp;<strong>13 de octubre<\/strong>.Cada centro deber\u00e1&nbsp;<a href=\"https:\/\/docs.google.com\/forms\/d\/18RTC8AvCUTbPE89qoAiQ-nNLYRlZk1rzSuDjRRMWvmc\/viewform?edit_requested=true&amp;pli=1\" target=\"_blank\" rel=\"noopener\">completar el formulario de inscripci\u00f3n<\/a>&nbsp;y adjuntar un v\u00eddeo, de un m\u00e1ximo de cinco minutos, en el que docentes y alumnos expongan su motivaci\u00f3n para participar y expliquen c\u00f3mo planean aplicar la innovaci\u00f3n y la creatividad en el aula para dar soluci\u00f3n a un reto real.<a href=\"https:\/\/www.fundacionendesa.org\/content\/dam\/fundacion-endesa-com\/retotech\/retotech-bases-26-27\/Bases%20XII%20Edici%C3%B3n%20RetoTech%20Fundaci%C3%B3n%20Endesa-compressed%20(2).pdf\" target=\"_blank\" rel=\"noopener\">Consulta aqu\u00ed las bases legales<\/a><\/td><\/tr><\/tbody><\/table><\/figure>\n\n\n\n<figure class=\"wp-block-table\"><table class=\"has-fixed-layout\"><tbody><tr><td><strong>Sobre Fundaci\u00f3n Endesa<\/strong>La Fundaci\u00f3n Endesa nace en 1998 como expresi\u00f3n del compromiso social de Endesa para dar respuesta a las necesidades del entorno en el que lleva a cabo sus actividades y as\u00ed contribuir al desarrollo de la sociedad.&nbsp;D\u00eda a d\u00eda trabaja con el fin de maximizar su huella social a trav\u00e9s de proyectos para impulsar una educaci\u00f3n de calidad que est\u00e9 a la altura de los retos actuales, para que los m\u00e1s vulnerables tengan un futuro de oportunidades, para fomentar la cultura y el arte de nuestro pa\u00eds, y para crear un mundo m\u00e1s sostenible cuidando del entorno que nos rodea.M\u00e1s informaci\u00f3n:&nbsp;<a href=\"http:\/\/www.fundacionendesa.org\/\" target=\"_blank\" rel=\"noopener\">www.<wbr>fundacionendesa.org<\/a>&nbsp;<\/td><\/tr><\/tbody><\/table><\/figure>\n\n\n\n<figure class=\"wp-block-image size-full\"><img decoding=\"async\" width=\"700\" height=\"467\" src=\"https:\/\/lagacetadealmeria.com\/wp-content\/uploads\/2026\/09\/Endesa-VIII-edicion-de-Retotech.jpg\" alt=\"\" class=\"wp-image-75983\" srcset=\"https:\/\/lagacetadealmeria.com\/wp-content\/uploads\/2026\/09\/Endesa-VIII-edicion-de-Retotech.jpg 700w, https:\/\/lagacetadealmeria.com\/wp-content\/uploads\/2026\/09\/Endesa-VIII-edicion-de-Retotech-300x200.jpg 300w\" sizes=\"(max-width: 700px) 100vw, 700px\" \/><\/figure>\n","protected":false},"excerpt":{"rendered":"<p>\u00b7\u00a0\u00a0\u00a0\u00a0\u00a0\u00a0\u00a0\u00a0\u00a0\u00a0\u00a0\u00a0\u00a0\u00a0\u00a0El plazo de inscripci\u00f3n para esta nueva edici\u00f3n estar\u00e1 abierto desde hoy 3 de septiembre&#8230;<\/p>\n","protected":false},"author":12,"featured_media":75983,"comment_status":"open","ping_status":"open","sticky":false,"template":"","format":"standard","meta":{"advanced_seo_description":"","jetpack_seo_html_title":"","jetpack_seo_noindex":false,"jetpack_seo_schema_type":"","_jetpack_newsletter_access":"","_jetpack_dont_email_post_to_subs":false,"_jetpack_newsletter_tier_id":0,"_jetpack_memberships_contains_paywalled_content":false,"_jetpack_feature_clip_id":0,"_jetpack_memberships_contains_paid_content":false,"footnotes":"","jetpack_post_was_ever_published":false},"categories":[44],"tags":[],"class_list":["post-75981","post","type-post","status-publish","format-standard","has-post-thumbnail","hentry","category-educacion"],"jetpack_sharing_enabled":true,"jetpack-related-posts":[],"amp_enabled":true,"jetpack_featured_media_url":"https:\/\/lagacetadealmeria.com\/wp-content\/uploads\/2026\/09\/Endesa-VIII-edicion-de-Retotech.jpg","_links":{"self":[{"href":"https:\/\/lagacetadealmeria.com\/index.php?rest_route=\/wp\/v2\/posts\/75981","targetHints":{"allow":["GET"]}}],"collection":[{"href":"https:\/\/lagacetadealmeria.com\/index.php?rest_route=\/wp\/v2\/posts"}],"about":[{"href":"https:\/\/lagacetadealmeria.com\/index.php?rest_route=\/wp\/v2\/types\/post"}],"author":[{"embeddable":true,"href":"https:\/\/lagacetadealmeria.com\/index.php?rest_route=\/wp\/v2\/users\/12"}],"replies":[{"embeddable":true,"href":"https:\/\/lagacetadealmeria.com\/index.php?rest_route=%2Fwp%2Fv2%2Fcomments&post=75981"}],"version-history":[{"count":1,"href":"https:\/\/lagacetadealmeria.com\/index.php?rest_route=\/wp\/v2\/posts\/75981\/revisions"}],"predecessor-version":[{"id":75985,"href":"https:\/\/lagacetadealmeria.com\/index.php?rest_route=\/wp\/v2\/posts\/75981\/revisions\/75985"}],"wp:featuredmedia":[{"embeddable":true,"href":"https:\/\/lagacetadealmeria.com\/index.php?rest_route=\/wp\/v2\/media\/75983"}],"wp:attachment":[{"href":"https:\/\/lagacetadealmeria.com\/index.php?rest_route=%2Fwp%2Fv2%2Fmedia&parent=75981"}],"wp:term":[{"taxonomy":"category","embeddable":true,"href":"https:\/\/lagacetadealmeria.com\/index.php?rest_route=%2Fwp%2Fv2%2Fcategories&post=75981"},{"taxonomy":"post_tag","embeddable":true,"href":"https:\/\/lagacetadealmeria.com\/index.php?rest_route=%2Fwp%2Fv2%2Ftags&post=75981"}],"curies":[{"name":"wp","href":"https:\/\/api.w.org\/{rel}","templated":true}]}}